{"id":28386,"date":"2011-09-12T00:00:00","date_gmt":"2011-09-12T03:00:00","guid":{"rendered":"https:\/\/www.zecadirceu.com.br\/autodromo-inaugurado-com-festa-em-cruzeiro-do-oeste\/"},"modified":"2011-09-12T00:00:00","modified_gmt":"2011-09-12T03:00:00","slug":"autodromo-inaugurado-com-festa-em-cruzeiro-do-oeste","status":"publish","type":"post","link":"https:\/\/teste.bsb.br\/zeca\/autodromo-inaugurado-com-festa-em-cruzeiro-do-oeste\/","title":{"rendered":"Aut\u00f3dromo inaugurado com festa em Cruzeiro do Oeste"},"content":{"rendered":"<p>&nbsp;A pista do Aut&oacute;dromo de terra de Cruzeiro do Oeste inaugurada, no &nbsp;noroeste do Paran&aacute;, j&aacute; &eacute; considerada pelos pilotos como uma das melhores doestado. Com 1.200 metros e 12 de largada, a pista destaca-se pela seguran&ccedil;a, permitindo que os competidores arrisquem um pouco mais porque tem &aacute;rea de escapa em quase e toques.&nbsp; O domingo de sol&nbsp;<span data-scayt_word=\"corou\" data-scaytid=\"2\">corou<\/span>&nbsp;o evento de inaugura&ccedil;&atilde;o do&nbsp;<span data-scayt_word=\"aut&oacute;dromo\" data-scaytid=\"3\">aut&oacute;dromo<\/span>, com a realiza&ccedil;&atilde;o da 3&ordf; etapa do Campeonato Paranaense de Velocidade na Terra. Foram belas disputas, que agradaram ao p&uacute;blico que lotou as&nbsp;<span data-scayt_word=\"arquibancadas\" data-scaytid=\"5\">arquibancadas<\/span>&nbsp;colocadas a disposi&ccedil;&atilde;o pelos organizadores. Para aumentar a&nbsp;<span data-scayt_word=\"adrenalina\" data-scaytid=\"6\">adrenalina<\/span>, o<span data-scayt_word=\"cascavelense\" data-scaytid=\"7\">cascavelense<\/span>&nbsp;<span data-scayt_word=\"Cleber\" data-scaytid=\"8\">Cleber<\/span>&nbsp;da Fonseca capotou seu&nbsp;<span data-scayt_word=\"Voyage\" data-scaytid=\"10\">Voyage<\/span>&nbsp;na segunda bateria da categoria Marcas. Depois de ver o mundo de cabe&ccedil;a para baixo,&nbsp;<span data-scayt_word=\"Cleber\" data-scaytid=\"9\">Cleber<\/span>saiu ileso do carro e voltou a p&eacute; para os&nbsp;<span data-scayt_word=\"boxes\" data-scaytid=\"11\">boxes<\/span>.<\/p>\n<p>O sucesso da primeira corrida de terra em Cruzeiro do Oeste foi considerado acima do esperado por&nbsp;<span data-scayt_word=\"Nelci\" data-scaytid=\"12\">Nelci<\/span>&nbsp;Ferrari, vice-presidente da Federa&ccedil;&atilde;o Paranaense de&nbsp;<span data-scayt_word=\"Automobilismo\" data-scaytid=\"13\">Automobilismo<\/span>&nbsp;(<span data-scayt_word=\"FPrA\" data-scaytid=\"14\">FPrA<\/span>), que acompanham de perto a prepara&ccedil;&atilde;o do evento. O prefeito&nbsp;<span data-scayt_word=\"Valter\" data-scaytid=\"16\">Valter<\/span>&nbsp;Rocha tamb&eacute;m ficou satisfeito com a nova pra&ccedil;a de esportes de seu munic&iacute;pio e j&aacute; solicitou a<span data-scayt_word=\"FPrA\" data-scaytid=\"15\">FPrA<\/span>&nbsp;o direito de sediar a final da Copa Paran&aacute;, em dezembro. &ldquo;A constru&ccedil;&atilde;o desta pista &eacute; a realiza&ccedil;&atilde;o de mais um sonho e est&aacute; dentro daquilo que&nbsp;<span data-scayt_word=\"planejamos\" data-scaytid=\"17\">planejamos<\/span>&nbsp;no processo de resgate da auto-estima da nossa cidade&rdquo;, afirmou. Para o prefeito, a pista &ldquo;&eacute; mais uma marco&rdquo; das a&ccedil;&otilde;es que o governo municipal tem feito na cidade. &ldquo;Eu digo, sem sombra de d&uacute;vidas, que estamos fazendo uma administra&ccedil;&atilde;o completa,&nbsp;<span data-scayt_word=\"ecl&eacute;tica\" data-scaytid=\"18\">ecl&eacute;tica<\/span>, porque estamos olhando todos os setores e viabilizando as a&ccedil;&otilde;es necess&aacute;rias, priorizando sempre as pessoas&rdquo;.&nbsp;<span data-scayt_word=\"Valtinho\" data-scaytid=\"19\">Valtinho<\/span>&nbsp;ainda falou que a constru&ccedil;&atilde;o da pista representa &ldquo;o come&ccedil;o de um esporte novo n&atilde;o s&oacute; para Cruzeiro do Oeste, mas para toda a regi&atilde;o noroeste&rdquo;.<br \/>\n&nbsp;<br \/>\n<strong>VENCEDORES<\/strong><br \/>\nA inaugura&ccedil;&atilde;o do novo&nbsp;<span data-scayt_word=\"aut&oacute;dromo\" data-scaytid=\"4\">aut&oacute;dromo<\/span>&nbsp;de terra atraiu pilotos das regi&otilde;es Oeste, Noroeste e Norte do Paran&aacute; e tamb&eacute;m do Paraguai. Os vencedores foram&nbsp;<span data-scayt_word=\"Brian\" data-scaytid=\"20\">Brian<\/span>&nbsp;R. da Silva (Maring&aacute;), na categoria&nbsp;<span data-scayt_word=\"Kartcross\" data-scaytid=\"21\">Kartcross<\/span>&nbsp;<span data-scayt_word=\"Festiva\" data-scaytid=\"24\">Festiva<\/span>; Gustavo&nbsp;<span data-scayt_word=\"Sausen\" data-scaytid=\"25\">Sausen<\/span>&nbsp;(Marechal C&acirc;<span data-scayt_word=\"ndido\" data-scaytid=\"26\">ndido<\/span>&nbsp;<span data-scayt_word=\"Rondon\" data-scaytid=\"28\">Rondon<\/span>),&nbsp;<span data-scayt_word=\"Kartcross\" data-scaytid=\"22\">Kartcross<\/span>&nbsp;B; M&aacute;rcio&nbsp;<span data-scayt_word=\"Schons\" data-scaytid=\"30\">Schons<\/span>&nbsp;(Pato&nbsp;<span data-scayt_word=\"Bragado\" data-scaytid=\"31\">Bragado<\/span>),&nbsp;<span data-scayt_word=\"Kartcross\" data-scaytid=\"23\">Kartcross<\/span>&nbsp;L; Andr&eacute;&nbsp;<span data-scayt_word=\"Soffa\" data-scaytid=\"32\">Soffa<\/span>&nbsp;(Marechal C&acirc;<span data-scayt_word=\"ndido\" data-scaytid=\"27\">ndido<\/span>&nbsp;<span data-scayt_word=\"Rondon\" data-scaytid=\"29\">Rondon<\/span>), Marcas; e Tiago Oliveira (<span data-scayt_word=\"Apucarana\" data-scaytid=\"33\">Apucarana<\/span>), na Super F&oacute;rmula&nbsp;<span data-scayt_word=\"Tubular\" data-scaytid=\"34\">Tubular<\/span>.<\/p>\n<p>Fonte: prefeitura de Cruzeiro do Oeste<br type=\"_moz\" \/><\/p>\n","protected":false},"excerpt":{"rendered":"<p>A pista do Aut\u00f3dromo de terra de Cruzeiro do Oeste inaugurada, no  noroeste do Paran\u00e1, j\u00e1 \u00e9 considerada pelos pilotos como uma das melhores doestado. Com 1.200 metros e 12 de largada, a pista destaca-se pela seguran\u00e7a, permitindo que os competidores arrisquem um pouco mais porque tem \u00e1rea de escapa em quase e toques.<br \/>\nO domingo de sol corou o evento de inaugura\u00e7\u00e3o do aut\u00f3dromo, com a realiza\u00e7\u00e3o da 3\u00aa etapa do Campeonato Paranaense de Velocidade na Terra. Foram belas disputas, que agradaram ao p\u00fablico que lotou as arquibancadas colocadas a disposi\u00e7\u00e3o pelos organizadores. Para aumentar a adrenalina, ocascavelense Cleber da Fonseca capotou seu Voyage na segunda bateria da categoria Marcas. Depois de ver o mundo de cabe\u00e7a para baixo, Clebersaiu ileso do carro e voltou a p\u00e9 para os boxes.<\/p>\n","protected":false},"author":1,"featured_media":28385,"comment_status":"open","ping_status":"open","sticky":false,"template":"","format":"standard","meta":{"footnotes":""},"categories":[1],"tags":[6782],"class_list":["post-28386","post","type-post","status-publish","format-standard","has-post-thumbnail","hentry","category-noticias-zeca-dirceu","tag-autodromo-cruzeiro-do-oeste"],"_links":{"self":[{"href":"https:\/\/teste.bsb.br\/zeca\/wp-json\/wp\/v2\/posts\/28386","targetHints":{"allow":["GET"]}}],"collection":[{"href":"https:\/\/teste.bsb.br\/zeca\/wp-json\/wp\/v2\/posts"}],"about":[{"href":"https:\/\/teste.bsb.br\/zeca\/wp-json\/wp\/v2\/types\/post"}],"author":[{"embeddable":true,"href":"https:\/\/teste.bsb.br\/zeca\/wp-json\/wp\/v2\/users\/1"}],"replies":[{"embeddable":true,"href":"https:\/\/teste.bsb.br\/zeca\/wp-json\/wp\/v2\/comments?post=28386"}],"version-history":[{"count":0,"href":"https:\/\/teste.bsb.br\/zeca\/wp-json\/wp\/v2\/posts\/28386\/revisions"}],"wp:featuredmedia":[{"embeddable":true,"href":"https:\/\/teste.bsb.br\/zeca\/wp-json\/wp\/v2\/media\/28385"}],"wp:attachment":[{"href":"https:\/\/teste.bsb.br\/zeca\/wp-json\/wp\/v2\/media?parent=28386"}],"wp:term":[{"taxonomy":"category","embeddable":true,"href":"https:\/\/teste.bsb.br\/zeca\/wp-json\/wp\/v2\/categories?post=28386"},{"taxonomy":"post_tag","embeddable":true,"href":"https:\/\/teste.bsb.br\/zeca\/wp-json\/wp\/v2\/tags?post=28386"}],"curies":[{"name":"wp","href":"https:\/\/api.w.org\/{rel}","templated":true}]}}