{"id":28384,"date":"2011-09-12T00:00:00","date_gmt":"2011-09-12T03:00:00","guid":{"rendered":"https:\/\/www.zecadirceu.com.br\/dia-16-termina-prazo-para-a-inscricao-no-programa-segundo-tempo-navegar\/"},"modified":"2011-09-12T00:00:00","modified_gmt":"2011-09-12T03:00:00","slug":"dia-16-termina-prazo-para-a-inscricao-no-programa-segundo-tempo-navegar","status":"publish","type":"post","link":"https:\/\/teste.bsb.br\/zeca\/dia-16-termina-prazo-para-a-inscricao-no-programa-segundo-tempo-navegar\/","title":{"rendered":"Dia 16 termina prazo para a inscri\u00e7\u00e3o no Programa Segundo Tempo \/Navegar"},"content":{"rendered":"<p>&nbsp;O deputado Zeca Dirceu informa que o prazo dado pelo Minist&eacute;rio do Esporte referente ao Programa Segundo Tempo Navegar, por interm&eacute;dio da Secretaria Nacional de Esporte, Educa&ccedil;&atilde;o, Lazer e Inclus&atilde;o Social, tem at&eacute; o dia 16 de setembro para serem inscritos.<\/p>\n<p class=\"MsoNormal\">O Programa tem como objetivo democratizar o acesso ao esporte n&aacute;utico para adolescentes, principalmente aqueles em regi&otilde;es de vulnerabilidade social.<o:p><\/o:p><\/p>\n<p class=\"MsoNormal\">Podem apresentar propostas as entidades que j&aacute; possuam a infraestrutura f&iacute;sica apropriada para oferecer, pelo menos, duas modalidades esportivas n&aacute;uticas, comprovada atrav&eacute;s de declara&ccedil;&atilde;o e registro fotogr&aacute;fico. Cada n&uacute;cleo do programa dever&aacute; atender um m&iacute;nimo de 80 adolescentes, que participar&atilde;o das atividades duas vezes por semana.<o:p><\/o:p><\/p>\n<p class=\"MsoNormal\">As propostas devem ser enviadas &agrave; Secretaria Nacional de Esporte, Educa&ccedil;&atilde;o, Lazer e Inclus&atilde;o Social at&eacute; o dia 16 de setembro.<\/p>\n<p class=\"MsoNormal\">Os autores das propostas dever&atilde;o se comprometer em, atrav&eacute;s de declara&ccedil;&atilde;o, com a compra de todo o equipamento m&iacute;nimo necess&aacute;rio ou ainda com a reposi&ccedil;&atilde;o, recupera&ccedil;&atilde;o, manuten&ccedil;&atilde;o de todos os equipamentos adquiridos com recursos do Minist&eacute;rio do Esporte, necess&aacute;rios ao desenvolvimento do Programa. Estes equipamentos dever&atilde;o estar recuperados antes da Ordem de In&iacute;cio para o desenvolvimento das atividades do conv&ecirc;nio.<o:p><\/o:p><\/p>\n<p class=\"MsoNormal\">Al&eacute;m disso, deve-se ter infra-estrutura f&iacute;sica apropriada para a oferta imediata de um m&iacute;nimo de duas modalidades esportivas n&aacute;uticas, comprovada atrav&eacute;s de declara&ccedil;&atilde;o e registro fotogr&aacute;fico.<o:p><\/o:p><\/p>\n<p class=\"MsoNormal\">Os recursos do Minist&eacute;rio do Esporte ser&atilde;o apenas para recursos humanos, combust&iacute;veis e realocamento.<o:p><\/o:p><\/p>\n<p class=\"MsoNormal\">Os equipamentos m&iacute;nimos necess&aacute;rios para a execu&ccedil;&atilde;o do Programa Segundo Tempo \/ Navegar s&atilde;o: 10 (dez) Optimists escola completo &ndash;10 (dez) Canoas -10 (dez) Caiaques K1 &ndash;2 (dois) Botes infl&aacute;veis-2 (dois) Motores de popa m&iacute;nimo 15 hp completo, com tanque e acess&oacute;rios- 1 (um) Megafone-2 (duas) Ancoras tipo Danford com m&iacute;nimo de 30 mts de cabo-3 (tr&ecirc;s) Boias infl&aacute;veis de sinaliza&ccedil;&atilde;o para regata, cil&iacute;ndrica, tamanho 1,00 x 1,40 cor laranja, com cabo m&iacute;nimo 30mts, com logotipo de identifica&ccedil;&atilde;o- 40 (quarenta) coletes salva-vidas tipo jaqueta, com capacidade m&iacute;nima de 45 kg.<o:p><\/o:p><\/p>\n<p class=\"MsoNormal\">As propostas selecionadas contar&atilde;o com apoio t&eacute;cnico e financeiro do Minist&eacute;rio do Esporte para o funcionamento dos N&uacute;cleos.<o:p><\/o:p><\/p>\n","protected":false},"excerpt":{"rendered":"<p>O deputado Zeca Dirceu informa que o prazo dado pelo Minist\u00e9rio do Esporte referente ao Programa Segundo Tempo Navegar, por interm\u00e9dio da Secretaria Nacional de Esporte, Educa\u00e7\u00e3o, Lazer e Inclus\u00e3o Social, tem at\u00e9 o dia 16 de setembro para serem inscritos. O Programa tem como objetivo democratizar o acesso ao esporte n\u00e1utico para adolescentes, principalmente aqueles em regi\u00f5es de vulnerabilidade social.<\/p>\n<p>Podem apresentar propostas as entidades que j\u00e1 possuam a infraestrutura f\u00edsica apropriada para oferecer, pelo menos, duas modalidades esportivas n\u00e1uticas, comprovada atrav\u00e9s de declara\u00e7\u00e3o e registro fotogr\u00e1fico. Cada n\u00facleo do programa dever\u00e1 atender um m\u00ednimo de 80 adolescentes, que participar\u00e3o das atividades duas vezes por semana.<\/p>\n","protected":false},"author":1,"featured_media":28383,"comment_status":"open","ping_status":"open","sticky":false,"template":"","format":"standard","meta":{"footnotes":""},"categories":[1],"tags":[6781],"class_list":["post-28384","post","type-post","status-publish","format-standard","has-post-thumbnail","hentry","category-noticias-zeca-dirceu","tag-programa-segundo-tempo-navegar"],"_links":{"self":[{"href":"https:\/\/teste.bsb.br\/zeca\/wp-json\/wp\/v2\/posts\/28384","targetHints":{"allow":["GET"]}}],"collection":[{"href":"https:\/\/teste.bsb.br\/zeca\/wp-json\/wp\/v2\/posts"}],"about":[{"href":"https:\/\/teste.bsb.br\/zeca\/wp-json\/wp\/v2\/types\/post"}],"author":[{"embeddable":true,"href":"https:\/\/teste.bsb.br\/zeca\/wp-json\/wp\/v2\/users\/1"}],"replies":[{"embeddable":true,"href":"https:\/\/teste.bsb.br\/zeca\/wp-json\/wp\/v2\/comments?post=28384"}],"version-history":[{"count":0,"href":"https:\/\/teste.bsb.br\/zeca\/wp-json\/wp\/v2\/posts\/28384\/revisions"}],"wp:featuredmedia":[{"embeddable":true,"href":"https:\/\/teste.bsb.br\/zeca\/wp-json\/wp\/v2\/media\/28383"}],"wp:attachment":[{"href":"https:\/\/teste.bsb.br\/zeca\/wp-json\/wp\/v2\/media?parent=28384"}],"wp:term":[{"taxonomy":"category","embeddable":true,"href":"https:\/\/teste.bsb.br\/zeca\/wp-json\/wp\/v2\/categories?post=28384"},{"taxonomy":"post_tag","embeddable":true,"href":"https:\/\/teste.bsb.br\/zeca\/wp-json\/wp\/v2\/tags?post=28384"}],"curies":[{"name":"wp","href":"https:\/\/api.w.org\/{rel}","templated":true}]}}