{"id":28374,"date":"2011-09-13T00:00:00","date_gmt":"2011-09-13T03:00:00","guid":{"rendered":"https:\/\/www.zecadirceu.com.br\/a-tentativa-de-veja-de-justificar-seu-injustificavel-jornalismo-marrom\/"},"modified":"2011-09-13T00:00:00","modified_gmt":"2011-09-13T03:00:00","slug":"a-tentativa-de-veja-de-justificar-seu-injustificavel-jornalismo-marrom","status":"publish","type":"post","link":"https:\/\/teste.bsb.br\/zeca\/a-tentativa-de-veja-de-justificar-seu-injustificavel-jornalismo-marrom\/","title":{"rendered":"A tentativa de Veja de justificar seu injustific\u00e1vel jornalismo marrom"},"content":{"rendered":"<p>&nbsp;<span class=\"Apple-style-span\" style=\"color: rgb(65, 65, 66); font-family: Geneva, Arial, Helvetica, sans-serif; \">Veja usa toda a&nbsp;<em>Carta ao Leitor<\/em>&nbsp;desta semana para tentar justificar sua reportagem da edi&ccedil;&atilde;o 2232, de 31 de agosto, a meu respeito. &Eacute; uma iniciativa para justificar o injustific&aacute;vel. Antes de a mat&eacute;ria ser publicada eu j&aacute; havia denunciado a tentativa criminosa de seu jornalista, Gustavo Ribeiro, de invadir meu apartamento e o uso ilegal de imagens &#8211; obtidas n&atilde;o se sabe de que forma &#8211; de cidad&atilde;os que se reuniam ou me visitaram no Hotel Nahoum, onde resido quando estou em Bras&iacute;lia.&nbsp;<\/p>\n<p>Sem falar na tentativa do mesmo jornalista de se passar por assessor da prefeitura de Varginha (MG), cidade onde ele nasceu, para me entregar supostos documentos com pedidos da prefeitura ao governo, o que caracteriza outro crime &#8211; o de falsidade ideol&oacute;gica, o que tamb&eacute;m denunciei .&nbsp;<\/p>\n<p>A Carta ao Leitor, com o t&iacute;tulo sugestivo de &ldquo;A verdadeira quest&atilde;o&rdquo;, come&ccedil;a com um erro que revela o mau jornalismo da revista, ou o mais grave, as suas mentiras: diz que meus direitos pol&iacute;ticos foram cassados. N&atilde;o foram. A C&acirc;mara, ao me cassar o mandato de deputado federal em 2005, sem provas e injustamente, tornou-me ineleg&iacute;vel por oito anos, mas n&atilde;o me cassou os direitos pol&iacute;ticos. Voto, sou filiado ao PT, membro do Diret&oacute;rio Nacional e tenho direitos pol&iacute;ticos sem restri&ccedil;&otilde;es, inclusive para ocupar cargos p&uacute;blicos.<\/p>\n<p><strong>&Ocirc;nus da prova cabe ao acusador<\/strong><\/p>\n<p>Ser r&eacute;u n&atilde;o significa culpabilidade, j&aacute; que o &ocirc;nus da prova cabe ao acusador, no caso o Minist&eacute;rio P&uacute;blico Federal, como deixaram claro v&aacute;rios ministros do Supremo Tribunal Federal (STF) ao acolherem a den&uacute;ncia em agosto de 2007. Veja n&atilde;o pode afirmar &#8211; ao contr&aacute;rio do que faz em sua<em>Carta ao Leitor&nbsp;<\/em>&#8211; que a reportagem se baseia em imagens da c&acirc;mera de seguran&ccedil;a do hotel. Somente a per&iacute;cia a ser realizada a partir do Boletim de Ocorr&ecirc;ncia (BO) e do inqu&eacute;rito instaurado pela 5&ordf;&nbsp; Delegacia de Pol&iacute;cia do Distrito Federal poder&aacute; dizer se as imagens s&atilde;o da c&acirc;mera do hotel ou t&ecirc;m outra origem.<\/p>\n<p>E, ao afirmar que suas imagens s&atilde;o da c&acirc;mera do hotel, a revista reconhece que cometeu mais um crime, o de publicar, sem cr&eacute;dito, imagens sem autoriza&ccedil;&atilde;o do hotel e dos h&oacute;spedes e visitantes que aparecem nas fotos, uma invas&atilde;o da privacidade e da intimidade desses cidad&atilde;os. A revista n&atilde;o esclarece a seus leitores que meu escrit&oacute;rio de advocacia, Oliveira e Silva e Ribeiro Advogados Associados na capital paulista, mediante contrato de reciprocidade (inclusive no uso das instala&ccedil;&otilde;es comuns) registrado nas seccionais da OAB de S&atilde;o Paulo e Bras&iacute;lia, tem associa&ccedil;&atilde;o com o escrit&oacute;rio Tessele &amp; Madalena Advogados Associados.<\/p>\n<p>N&atilde;o esclarece, tampouco, que os apartamentos 1604 e 1606 do hotel est&atilde;o alugados pelo escrit&oacute;rio Tessele &amp; Madalena, conforme confirma&ccedil;&atilde;o de reserva n&ordm; 2309386 da Nahoum Turismo e Hospedagem S.A.. No registro da reserva de 13\/03\/11 a 06\/12\/11 consta como h&oacute;spede Oliveira, Jos&eacute; Dirceu.&nbsp;<\/p>\n<p><strong>Gabinete pseudo secreto<\/strong><\/p>\n<p>A revista diz que tenho um &ldquo;gabinete secreto&rdquo;, mas sabe que me hospedo nesse hotel e, inclusive, que jornalistas ali me visitam para entrevistas. Ali&aacute;s, notas publicadas na coluna pol&iacute;tica dos jornalistas Cl&aacute;udio Humberto e no Blog do Noblat registram que, desde 2006, em Bras&iacute;lia, resido em hot&eacute;is, frequento suas academias, restaurantes e caf&eacute;s. &Eacute; p&uacute;blico e not&oacute;rio, portanto, que tenho resid&ecirc;ncia e atendo naquele domic&iacute;lio como extens&atilde;o de meu escrit&oacute;rio de advocacia, conforme o contrato registrado na OAB-DF.&nbsp;<\/p>\n<p>Tudo isso torna muito mais grave a tentativa de invas&atilde;o de meu apartamento, s&oacute; frustrada pela a&ccedil;&atilde;o da camareira do hotel. Ela impediu que o jornalista Gustavo Ribeiro consumasse sua inten&ccedil;&atilde;o de entrar no meu quarto ao alegar que perdera a chave do meu apartamento. O incidente foi imediatamente comunicado pela funcion&aacute;ria &agrave; sua chefia.&nbsp;<\/p>\n<p>H&aacute;, tamb&eacute;m, o fato grav&iacute;ssimo de o jornalista somente ter se registrado no hotel depois da tentativa criminosa de invadir minha resid&ecirc;ncia. Mesmo assim, n&atilde;o fui eu quem o acusou. Quem o fez foi o Hotel Nahoum, como consta do Boletim de Ocorr&ecirc;ncia &agrave; disposi&ccedil;&atilde;o de todos em meu blog (confira as imagens&nbsp;<a href=\"http:\/\/www.zedirceu.com.br\/a_94562986\/7482.pdf\" style=\"color: rgb(102, 153, 204); text-decoration: none; font-family: arial; font-size: 13px; font-weight: bold; \">aqui<\/a>&nbsp;e tamb&eacute;m&nbsp;<a href=\"http:\/\/www.zedirceu.com.br\/a_94562986\/7483.pdf\" style=\"color: rgb(102, 153, 204); text-decoration: none; font-family: arial; font-size: 13px; font-weight: bold; \">neste link<\/a>). Por esse documento, quem comunicou os fatos &agrave; pol&iacute;cia foi o chefe da seguran&ccedil;a do hotel. No BO, Jos&eacute; Dirceu e H&eacute;lio Madalena (meu s&oacute;cio no escrit&oacute;rio) constam como v&iacute;timas. O jornalista Gustavo Ribeiro &eacute; registrado como autor e a camareira como testemunha. O hotel consta como respons&aacute;vel pela comunica&ccedil;&atilde;o do fato. Repito: n&atilde;o sou o autor do BO, como falsamente afirma a revista. Mais claro imposs&iacute;vel.&nbsp;<\/p>\n<p><strong>&quot;Gente desclassificada&quot;<\/strong><\/p>\n<p>Sobre a origem das imagens, n&atilde;o adianta a revista vociferar e agredir os blogs que, segundo ela, s&atilde;o feitos por &quot;gente desclassificada&rdquo;. Esse tipo de afirma&ccedil;&atilde;o mostra o desespero da publica&ccedil;&atilde;o.<\/p>\n<p>Somente o inqu&eacute;rito policial poder&aacute; dizer se as imagens s&atilde;o da c&acirc;mera do hotel ou de uma c&acirc;mera ilegalmente instalada por arapongas, e se a revista comprou, ou n&atilde;o, as imagens. O fato irrefut&aacute;vel &eacute; que a Veja usou imagens sem autoriza&ccedil;&atilde;o e as obteve ilegalmente. Tamb&eacute;m n&atilde;o se pode negar que o jornalista procurou se passar por mim para tentar invadir meu quarto; e que, por fim, simulou ser um assessor da prefeitura de Varginha para, novamente, ter acesso ao meu quarto.<\/p>\n<p>O malfeito da revista est&aacute; provado. S&atilde;o fatos e imagens que nenhuma<em>Carta ao Leitor&nbsp;<\/em>ou editorial podem mudar. Sem contar com o rid&iacute;culo do conte&uacute;do pol&iacute;tico da mat&eacute;ria, uma prova concreta do mau jornalismo panflet&aacute;rio e ideol&oacute;gico de Veja.<\/p>\n<p>Fonte: Blog do Z&eacute;<br type=\"_moz\" \/><br \/>\n<\/span><\/p>\n","protected":false},"excerpt":{"rendered":"<p>Veja usa toda a Carta ao Leitor desta semana para tentar justificar sua reportagem da edi\u00e7\u00e3o 2232, de 31 de agosto, a meu respeito. \u00c9 uma iniciativa para justificar o injustific\u00e1vel. Antes de a mat\u00e9ria ser publicada eu j\u00e1 havia denunciado a tentativa criminosa de seu jornalista, Gustavo Ribeiro, de invadir meu apartamento e o uso ilegal de imagens &#8211; obtidas n\u00e3o se sabe de que forma &#8211; de cidad\u00e3os que se reuniam ou me visitaram no Hotel Nahoum, onde resido quando estou em Bras\u00edlia. <\/p>\n<p>Sem falar na tentativa do mesmo jornalista de se passar por assessor da prefeitura de Varginha (MG), cidade onde ele nasceu, para me entregar supostos documentos com pedidos da prefeitura ao governo, o que caracteriza outro crime &#8211; o de falsidade ideol\u00f3gica, o que tamb\u00e9m denunciei .<\/p>\n","protected":false},"author":1,"featured_media":28373,"comment_status":"open","ping_status":"open","sticky":false,"template":"","format":"standard","meta":{"footnotes":""},"categories":[1],"tags":[6776],"class_list":["post-28374","post","type-post","status-publish","format-standard","has-post-thumbnail","hentry","category-noticias-zeca-dirceu","tag-veja-ze-dirceu"],"_links":{"self":[{"href":"https:\/\/teste.bsb.br\/zeca\/wp-json\/wp\/v2\/posts\/28374","targetHints":{"allow":["GET"]}}],"collection":[{"href":"https:\/\/teste.bsb.br\/zeca\/wp-json\/wp\/v2\/posts"}],"about":[{"href":"https:\/\/teste.bsb.br\/zeca\/wp-json\/wp\/v2\/types\/post"}],"author":[{"embeddable":true,"href":"https:\/\/teste.bsb.br\/zeca\/wp-json\/wp\/v2\/users\/1"}],"replies":[{"embeddable":true,"href":"https:\/\/teste.bsb.br\/zeca\/wp-json\/wp\/v2\/comments?post=28374"}],"version-history":[{"count":0,"href":"https:\/\/teste.bsb.br\/zeca\/wp-json\/wp\/v2\/posts\/28374\/revisions"}],"wp:featuredmedia":[{"embeddable":true,"href":"https:\/\/teste.bsb.br\/zeca\/wp-json\/wp\/v2\/media\/28373"}],"wp:attachment":[{"href":"https:\/\/teste.bsb.br\/zeca\/wp-json\/wp\/v2\/media?parent=28374"}],"wp:term":[{"taxonomy":"category","embeddable":true,"href":"https:\/\/teste.bsb.br\/zeca\/wp-json\/wp\/v2\/categories?post=28374"},{"taxonomy":"post_tag","embeddable":true,"href":"https:\/\/teste.bsb.br\/zeca\/wp-json\/wp\/v2\/tags?post=28374"}],"curies":[{"name":"wp","href":"https:\/\/api.w.org\/{rel}","templated":true}]}}