{"id":28360,"date":"2011-09-14T00:00:00","date_gmt":"2011-09-14T03:00:00","guid":{"rendered":"https:\/\/www.zecadirceu.com.br\/umuarama-e-regiao-vao-receber-mais-recursos-para-a-saude-da-populacao\/"},"modified":"2011-09-14T00:00:00","modified_gmt":"2011-09-14T03:00:00","slug":"umuarama-e-regiao-vao-receber-mais-recursos-para-a-saude-da-populacao","status":"publish","type":"post","link":"https:\/\/teste.bsb.br\/zeca\/umuarama-e-regiao-vao-receber-mais-recursos-para-a-saude-da-populacao\/","title":{"rendered":"Umuarama e regi\u00e3o v\u00e3o receber mais recursos para a sa\u00fade da popula\u00e7\u00e3o"},"content":{"rendered":"<p>&nbsp;O deputado federal Zeca Dirceu afirma que h&aacute; uma resposta do Governo Federal para ampliar os recursos na &aacute;rea da sa&uacute;de em Umuarama e regi&atilde;o. &ldquo;Os munic&iacute;pios v&atilde;o poder ter uma amplia&ccedil;&atilde;o de 20% dos repasses do governo federal , no Programa Sa&uacute;de da Fam&iacute;lia. Nossa equipe t&eacute;cnica , do mandato aqui no Paran&aacute;, j&aacute; est&aacute; orientando a prefeitura, e tamb&eacute;m, as demais cidades da regi&atilde;o; de como se habilitar o programa de qualidade do SUS&rdquo; explicou o deputado.<\/p>\n<p>Todo <span>&nbsp;<\/span>o processo se dar&aacute; atrav&eacute;s do Programa de Melhoria do Acesso e Qualidade da Aten&ccedil;&atilde;o B&aacute;sica no SUS. O parlamentar acrescentou, ainda, que esta &eacute; uma resposta do ministro da sa&uacute;de Alexandre Padilha, e tamb&eacute;m, da presidenta Dilma Rousseff para Umuarama e regi&atilde;o.<\/p>\n<p class=\"MsoNormal\">&ldquo;Fui prefeito de Cruzeiro do Oeste, por duas vezes, convivi de perto com a realidade da popula&ccedil;&atilde;o e com as fragilidades, que ainda temos que superar na &aacute;rea da sa&uacute;de. Muitas vezes h&aacute; uma demora para as consultas especializadas acontecerem, muitas vezes h&aacute; uma dificuldade muito grande de se acessar uma cirurgia ou um procedimento mais complexo, por isso, meu mandato em Bras&iacute;lia, tem se dedicado muito em ampliar os recursos&rdquo; declarou Zeca Dirceu. Acompanhe a reportagem completa no &iacute;cone abaixo.&nbsp;<\/p>\n","protected":false},"excerpt":{"rendered":"<p>O deputado federal Zeca Dirceu afirma que h\u00e1 uma resposta do Governo Federal para ampliar os recursos na \u00e1rea da sa\u00fade em Umuarama e regi\u00e3o.<br \/>\nTodo  o processo se dar\u00e1 atrav\u00e9s do Programa de Melhoria do Acesso e Qualidade da Aten\u00e7\u00e3o B\u00e1sica, no SUS. O parlamentar acrescentou, ainda, que esta \u00e9 uma resposta da presidenta, Dilma Rousseff, e do ministro da sa\u00fade, Alexandre Padilha, para esta regi\u00e3o. Acompanhe a reportagem completa no \u00edcone abaixo.<\/p>\n","protected":false},"author":1,"featured_media":28359,"comment_status":"open","ping_status":"open","sticky":false,"template":"","format":"standard","meta":{"footnotes":""},"categories":[1],"tags":[6771],"class_list":["post-28360","post","type-post","status-publish","format-standard","has-post-thumbnail","hentry","category-noticias-zeca-dirceu","tag-umuarama-saude-populacao"],"_links":{"self":[{"href":"https:\/\/teste.bsb.br\/zeca\/wp-json\/wp\/v2\/posts\/28360","targetHints":{"allow":["GET"]}}],"collection":[{"href":"https:\/\/teste.bsb.br\/zeca\/wp-json\/wp\/v2\/posts"}],"about":[{"href":"https:\/\/teste.bsb.br\/zeca\/wp-json\/wp\/v2\/types\/post"}],"author":[{"embeddable":true,"href":"https:\/\/teste.bsb.br\/zeca\/wp-json\/wp\/v2\/users\/1"}],"replies":[{"embeddable":true,"href":"https:\/\/teste.bsb.br\/zeca\/wp-json\/wp\/v2\/comments?post=28360"}],"version-history":[{"count":0,"href":"https:\/\/teste.bsb.br\/zeca\/wp-json\/wp\/v2\/posts\/28360\/revisions"}],"wp:featuredmedia":[{"embeddable":true,"href":"https:\/\/teste.bsb.br\/zeca\/wp-json\/wp\/v2\/media\/28359"}],"wp:attachment":[{"href":"https:\/\/teste.bsb.br\/zeca\/wp-json\/wp\/v2\/media?parent=28360"}],"wp:term":[{"taxonomy":"category","embeddable":true,"href":"https:\/\/teste.bsb.br\/zeca\/wp-json\/wp\/v2\/categories?post=28360"},{"taxonomy":"post_tag","embeddable":true,"href":"https:\/\/teste.bsb.br\/zeca\/wp-json\/wp\/v2\/tags?post=28360"}],"curies":[{"name":"wp","href":"https:\/\/api.w.org\/{rel}","templated":true}]}}