{"id":28354,"date":"2011-09-14T00:00:00","date_gmt":"2011-09-14T03:00:00","guid":{"rendered":"https:\/\/www.zecadirceu.com.br\/emprego-na-construcao-civil-cresce-8-no-ano-e-bate-recorde\/"},"modified":"2011-09-14T00:00:00","modified_gmt":"2011-09-14T03:00:00","slug":"emprego-na-construcao-civil-cresce-8-no-ano-e-bate-recorde","status":"publish","type":"post","link":"https:\/\/teste.bsb.br\/zeca\/emprego-na-construcao-civil-cresce-8-no-ano-e-bate-recorde\/","title":{"rendered":"Emprego na constru\u00e7\u00e3o civil cresce 8% no ano e bate recorde"},"content":{"rendered":"<p>&nbsp;A constru&ccedil;&atilde;o civil aumentou em 8,07% o n&uacute;mero de trabalhadores na atividade em todo o Pa&iacute;s no acumulado at&eacute; julho deste ano. Segundo pesquisa divulgada nesta ter&ccedil;a-feira (13), pelo Sindicato da Ind&uacute;stria da Constru&ccedil;&atilde;o Civil do Estado de S&atilde;o Paulo (Sinduscon-SP), no per&iacute;odo foram contratados 228,2 mil trabalhadores.<\/p>\n<p class=\"MsoNormal\"><o:p><\/o:p><\/p>\n<p class=\"MsoNormal\"><o:p>&nbsp;<\/o:p>Em julho foram 31,7 mil admiss&otilde;es, um crescimento de 1,05%. No total, o setor emprega 3,075 milh&otilde;es de pessoas, um recorde, de acordo com o Sinduscon.<o:p><\/o:p><\/p>\n<p class=\"MsoNormal\"><o:p>&nbsp;<\/o:p>A regi&atilde;o Norte teve a maior expans&atilde;o percentual, com o aumento de 3,68% em julho, o que significa a abertura de 6,5 mil postos de trabalho. O Sudeste apresentou o maior crescimento nominal, com a contrata&ccedil;&atilde;o de 14 mil trabalhadores naquele m&ecirc;s, aumento de 0,9%.<o:p><\/o:p><\/p>\n<p class=\"MsoNormal\">De acordo com a pesquisa feita em parceria com a Funda&ccedil;&atilde;o Getulio Vargas (FGV), ocorreram em todo o estado de S&atilde;o Paulo 7 mil admiss&otilde;es em julho e 52 mil no ano, crescimento de 0,88% e 6,95%, respectivamente. Na capital paulista, foram 2,7 mil contrata&ccedil;&otilde;es em julho, aumento de 0,75%.<o:p><\/o:p><\/p>\n<p class=\"MsoNormal\"><o:p>&nbsp;<\/o:p><\/p>\n<p class=\"MsoNormal\">Portal Brasil<\/p>\n","protected":false},"excerpt":{"rendered":"<p>A constru\u00e7\u00e3o civil aumentou em 8,07% o n\u00famero de trabalhadores na atividade em todo o Pa\u00eds no acumulado at\u00e9 julho deste ano. Segundo pesquisa divulgada nesta ter\u00e7a-feira (13), pelo Sindicato da Ind\u00fastria da Constru\u00e7\u00e3o Civil do Estado de S\u00e3o Paulo (Sinduscon-SP), no per\u00edodo foram contratados 228,2 mil trabalhadores.<\/p>\n<p> Em julho foram 31,7 mil admiss\u00f5es, um crescimento de 1,05%. No total, o setor emprega 3,075 milh\u00f5es de pessoas, um recorde, de acordo com o Sinduscon.<\/p>\n","protected":false},"author":1,"featured_media":28353,"comment_status":"open","ping_status":"open","sticky":false,"template":"","format":"standard","meta":{"footnotes":""},"categories":[1],"tags":[6768],"class_list":["post-28354","post","type-post","status-publish","format-standard","has-post-thumbnail","hentry","category-noticias-zeca-dirceu","tag-emprego-construcao-civil"],"_links":{"self":[{"href":"https:\/\/teste.bsb.br\/zeca\/wp-json\/wp\/v2\/posts\/28354","targetHints":{"allow":["GET"]}}],"collection":[{"href":"https:\/\/teste.bsb.br\/zeca\/wp-json\/wp\/v2\/posts"}],"about":[{"href":"https:\/\/teste.bsb.br\/zeca\/wp-json\/wp\/v2\/types\/post"}],"author":[{"embeddable":true,"href":"https:\/\/teste.bsb.br\/zeca\/wp-json\/wp\/v2\/users\/1"}],"replies":[{"embeddable":true,"href":"https:\/\/teste.bsb.br\/zeca\/wp-json\/wp\/v2\/comments?post=28354"}],"version-history":[{"count":0,"href":"https:\/\/teste.bsb.br\/zeca\/wp-json\/wp\/v2\/posts\/28354\/revisions"}],"wp:featuredmedia":[{"embeddable":true,"href":"https:\/\/teste.bsb.br\/zeca\/wp-json\/wp\/v2\/media\/28353"}],"wp:attachment":[{"href":"https:\/\/teste.bsb.br\/zeca\/wp-json\/wp\/v2\/media?parent=28354"}],"wp:term":[{"taxonomy":"category","embeddable":true,"href":"https:\/\/teste.bsb.br\/zeca\/wp-json\/wp\/v2\/categories?post=28354"},{"taxonomy":"post_tag","embeddable":true,"href":"https:\/\/teste.bsb.br\/zeca\/wp-json\/wp\/v2\/tags?post=28354"}],"curies":[{"name":"wp","href":"https:\/\/api.w.org\/{rel}","templated":true}]}}