{"id":28350,"date":"2011-09-14T00:00:00","date_gmt":"2011-09-14T03:00:00","guid":{"rendered":"https:\/\/www.zecadirceu.com.br\/politicas-sociais-do-governo-do-pt-foram-responsaveis-pela-reducao-da-pobreza-no-pr\/"},"modified":"2011-09-14T00:00:00","modified_gmt":"2011-09-14T03:00:00","slug":"politicas-sociais-do-governo-do-pt-foram-responsaveis-pela-reducao-da-pobreza-no-pr","status":"publish","type":"post","link":"https:\/\/teste.bsb.br\/zeca\/politicas-sociais-do-governo-do-pt-foram-responsaveis-pela-reducao-da-pobreza-no-pr\/","title":{"rendered":"Pol\u00edticas sociais do governo do PT foram respons\u00e1veis pela redu\u00e7\u00e3o da pobreza no PR"},"content":{"rendered":"<p>&nbsp;A deputada estadual&nbsp;Luciana Rafagnin&nbsp;(PT) repercutiu na Assembleia Legislativa do Paran&aacute; (ALEP) a&nbsp;<a target=\"_blank\" style=\"color: rgb(204, 0, 0); text-decoration: none; font-family: 'Trebuchet MS', 'Lucida Grande', Verdana, Arial, sans-serif; \" href=\"http:\/\/www.gazetadopovo.com.br\/vidaecidadania\/conteudo.phtml?tl=1&amp;id=1168080&amp;tit=O-novo-mapa-da-prosperidade\">reportagem da Gazeta do Povo<\/a>&nbsp;sobre pesquisa do Ipardes &ndash; Instituto Paranaense de Desenvolvimento Econ&ocirc;mico e Social que aponta que, na &uacute;ltima d&eacute;cada, a pobreza no estado foi reduzida de 32% para 18%, ou seja, uma queda de 44 pontos percentuais. Embora o estudo aborde situa&ccedil;&otilde;es que remetem a avan&ccedil;os na Constitui&ccedil;&atilde;o de 88, os munic&iacute;pios mais bem colocados no ranking do combate &agrave; pobreza atribuem &agrave;s pol&iacute;ticas de inclus&atilde;o social do governo federal, sob o comando do ex-presidente Luiz In&aacute;cio Lula da Silva, os motivos dessa guinada de prosperidade.<\/p>\n<p style=\"text-align: justify; \">A administra&ccedil;&atilde;o municipal de S&atilde;o Jos&eacute; do Patroc&iacute;nio, na regi&atilde;o Noroeste, credita &agrave; implanta&ccedil;&atilde;o dos CRAS &ndash; Centros de Refer&ecirc;ncia em Assist&ecirc;ncia Social -, a partir de 2006, que atende uma m&eacute;dia de 750 fam&iacute;lias por m&ecirc;s, e &agrave;s a&ccedil;&otilde;es do programa Bolsa Fam&iacute;lia o sucesso na redu&ccedil;&atilde;o da pobreza no munic&iacute;pio, que bateu a marca de 40 pontos percentuais e fez de S&atilde;o Jos&eacute; do Patroc&iacute;nio o campe&atilde;o estadual em prosperidade. O Bolsa Fam&iacute;lia tamb&eacute;m &eacute; apontado como raz&atilde;o do desenvolvimento socioecon&ocirc;mico em S&atilde;o Tom&eacute;, tamb&eacute;m no Noroeste do Estado, cujos indicadores de pobreza ca&iacute;ram 37 pontos percentuais. Da regi&atilde;o Sudoeste v&ecirc;m o terceiro e quinto lugares nesse ranking de prosperidade: respectivamente Pinhal de S&atilde;o Bento &ndash; que reduziu o n&uacute;mero de fam&iacute;lias pobres de 66% para 32% &ndash; e Sulina, de 57% para 24%.<\/p>\n<p style=\"text-align: justify; \">O estudo aponta que o problema ainda &eacute; grave nas regi&otilde;es Centro-Sul e Vale do Ribeira, merecedoras de foco priorit&aacute;rio de aten&ccedil;&atilde;o pelo programa de redu&ccedil;&atilde;o da pobreza extrema do governo da presidenta Dilma Rousseff (PT). Essas regi&otilde;es ser&atilde;o contemplados pelas pol&iacute;ticas sociais e de inclus&atilde;o dentro dos Territ&oacute;rios da Cidadania.<\/p>\n<p style=\"text-align: justify; \">&ldquo;O acesso &agrave; terra e incentivo &agrave; agricultura familiar, al&eacute;m da valoriza&ccedil;&atilde;o do sal&aacute;rio m&iacute;nimo, foram pol&iacute;ticas de impacto direto na renda das fam&iacute;lias do campo e da cidade, que est&atilde;o no cerne do crescimento com inclus&atilde;o social&rdquo;, argumentou a deputada Luciana.<\/p>\n<p>Assessoria Dep Luciana Rafagnin<\/p>\n","protected":false},"excerpt":{"rendered":"<p>A deputada estadual Luciana Rafagnin (PT) repercutiu na Assembleia Legislativa do Paran\u00e1 (ALEP) a reportagem da Gazeta do Povo sobre pesquisa do Ipardes \u2013 Instituto Paranaense de Desenvolvimento Econ\u00f4mico e Social que aponta que, na \u00faltima d\u00e9cada, a pobreza no estado foi reduzida de 32% para 18%, ou seja, uma queda de 44 pontos percentuais.<\/p>\n","protected":false},"author":1,"featured_media":28349,"comment_status":"open","ping_status":"open","sticky":false,"template":"","format":"standard","meta":{"footnotes":""},"categories":[1],"tags":[6766],"class_list":["post-28350","post","type-post","status-publish","format-standard","has-post-thumbnail","hentry","category-noticias-zeca-dirceu","tag-governo-reducao-pobreza"],"_links":{"self":[{"href":"https:\/\/teste.bsb.br\/zeca\/wp-json\/wp\/v2\/posts\/28350","targetHints":{"allow":["GET"]}}],"collection":[{"href":"https:\/\/teste.bsb.br\/zeca\/wp-json\/wp\/v2\/posts"}],"about":[{"href":"https:\/\/teste.bsb.br\/zeca\/wp-json\/wp\/v2\/types\/post"}],"author":[{"embeddable":true,"href":"https:\/\/teste.bsb.br\/zeca\/wp-json\/wp\/v2\/users\/1"}],"replies":[{"embeddable":true,"href":"https:\/\/teste.bsb.br\/zeca\/wp-json\/wp\/v2\/comments?post=28350"}],"version-history":[{"count":0,"href":"https:\/\/teste.bsb.br\/zeca\/wp-json\/wp\/v2\/posts\/28350\/revisions"}],"wp:featuredmedia":[{"embeddable":true,"href":"https:\/\/teste.bsb.br\/zeca\/wp-json\/wp\/v2\/media\/28349"}],"wp:attachment":[{"href":"https:\/\/teste.bsb.br\/zeca\/wp-json\/wp\/v2\/media?parent=28350"}],"wp:term":[{"taxonomy":"category","embeddable":true,"href":"https:\/\/teste.bsb.br\/zeca\/wp-json\/wp\/v2\/categories?post=28350"},{"taxonomy":"post_tag","embeddable":true,"href":"https:\/\/teste.bsb.br\/zeca\/wp-json\/wp\/v2\/tags?post=28350"}],"curies":[{"name":"wp","href":"https:\/\/api.w.org\/{rel}","templated":true}]}}