{"id":28344,"date":"2011-09-15T00:00:00","date_gmt":"2011-09-15T03:00:00","guid":{"rendered":"https:\/\/www.zecadirceu.com.br\/zeca-e-moacir-silva-articulam-mais-recursos-em-brasilia\/"},"modified":"2011-09-15T00:00:00","modified_gmt":"2011-09-15T03:00:00","slug":"zeca-e-moacir-silva-articulam-mais-recursos-em-brasilia","status":"publish","type":"post","link":"https:\/\/teste.bsb.br\/zeca\/zeca-e-moacir-silva-articulam-mais-recursos-em-brasilia\/","title":{"rendered":"Zeca e Moacir Silva articulam mais recursos em Bras\u00edlia"},"content":{"rendered":"<p>&nbsp;O prefeito de Umuarama, Moacir Silva, e o deputado federal Zeca Dirceu (PT-PR) participaram juntos de uma s&eacute;rie de audi&ecirc;ncias em Bras&iacute;lia, nesta ter&ccedil;a e quarta-feira, para tratar da libera&ccedil;&atilde;o de recursos do Governo Federal para o munic&iacute;pio. O prefeito e o parlamentar petista estiveram nos minist&eacute;rios da Sa&uacute;de, Esporte, Casa Civil, Agricultura, Planejamento e Turismo.<\/p>\n<p class=\"MsoNormal\"><o:p><\/o:p><\/p>\n<p class=\"MsoNormal\">No mais importante dos encontros, Moacir e Zeca estiveram no Minist&eacute;rio da Sa&uacute;de, onde foram recebidos pelo assessor especial Edson Pereira. &ldquo;O Minist&eacute;rio da Sa&uacute;de &eacute; important&iacute;ssimo neste momento, porque estamos pleiteando uma aten&ccedil;&atilde;o especial para Umuarama, que tem gest&atilde;o plena. Estamos pedindo aumento do teto, uma aten&ccedil;&atilde;o especial para as cirurgias que est&atilde;o represadas, e fomos muito bem atendidos. Tenho certeza que isso vai dar um grande resultado para a cidade&rdquo;, disse Moacir Silva.<o:p><\/o:p><\/p>\n<p class=\"MsoNormal\">O prefeito comentou tamb&eacute;m o envolvimento do deputado nas tratativas que envolvem os assuntos de interesse do munic&iacute;pio. &ldquo;Quero agradecer a participa&ccedil;&atilde;o do deputado Zeca Dirceu, esta preocupa&ccedil;&atilde;o em nos ajudar, e realmente a for&ccedil;a que ele tem nos dado tem sido de grande valia&rdquo;, afirmou o prefeito de Umuarama.<o:p><\/o:p><\/p>\n<p class=\"MsoNormal\">O deputado Zeca Dirceu, por sua vez, destacou que al&eacute;m dos recursos relativos ao aumento do teto do SUS e o equacionamento das cirurgias eletivas, est&aacute; lutando tamb&eacute;m para que o munic&iacute;pio seja habilitado no Programa de Melhoria do Acesso e Qualidade da Aten&ccedil;&atilde;o B&aacute;sica no SUS, que vai permitir uma amplia&ccedil;&atilde;o imediata de 20% no volume de recursos para o Programa Sa&uacute;de da Fam&iacute;lia.<o:p><\/o:p><\/p>\n<p class=\"MsoNormal\">&ldquo;Nossa equipe t&eacute;cnica do mandato, tanto aqui em Bras&iacute;lia quanto no Paran&aacute;, j&aacute; est&aacute; orientando a Prefeitura de Umuarama, e de outras cidades da regi&atilde;o, sobre como se habilitar para este programa, que vai permitir o aumento de at&eacute; 100% no repasse de recursos para o Programa Sa&uacute;de da Fam&iacute;lia, de acordo com crit&eacute;rios de qualidade e bom atendimento&rdquo;, afirmou Zeca Dirceu.<\/p>\n<p class=\"MsoNormal\">Fonte: Ilustrado<o:p><\/o:p><\/p>\n","protected":false},"excerpt":{"rendered":"<p>O prefeito de Umuarama, Moacir Silva, e o deputado federal Zeca Dirceu (PT-PR) participaram juntos de uma s\u00e9rie de audi\u00eancias em Bras\u00edlia, nesta ter\u00e7a e quarta-feira, para tratar da libera\u00e7\u00e3o de recursos do Governo Federal para o munic\u00edpio. O prefeito e o parlamentar petista estiveram nos minist\u00e9rios da Sa\u00fade, Esporte, Casa Civil, Agricultura, Planejamento e Turismo.<\/p>\n","protected":false},"author":1,"featured_media":28343,"comment_status":"open","ping_status":"open","sticky":false,"template":"","format":"standard","meta":{"footnotes":""},"categories":[1],"tags":[6763],"class_list":["post-28344","post","type-post","status-publish","format-standard","has-post-thumbnail","hentry","category-noticias-zeca-dirceu","tag-zeca-moacir-brasilia"],"_links":{"self":[{"href":"https:\/\/teste.bsb.br\/zeca\/wp-json\/wp\/v2\/posts\/28344","targetHints":{"allow":["GET"]}}],"collection":[{"href":"https:\/\/teste.bsb.br\/zeca\/wp-json\/wp\/v2\/posts"}],"about":[{"href":"https:\/\/teste.bsb.br\/zeca\/wp-json\/wp\/v2\/types\/post"}],"author":[{"embeddable":true,"href":"https:\/\/teste.bsb.br\/zeca\/wp-json\/wp\/v2\/users\/1"}],"replies":[{"embeddable":true,"href":"https:\/\/teste.bsb.br\/zeca\/wp-json\/wp\/v2\/comments?post=28344"}],"version-history":[{"count":0,"href":"https:\/\/teste.bsb.br\/zeca\/wp-json\/wp\/v2\/posts\/28344\/revisions"}],"wp:featuredmedia":[{"embeddable":true,"href":"https:\/\/teste.bsb.br\/zeca\/wp-json\/wp\/v2\/media\/28343"}],"wp:attachment":[{"href":"https:\/\/teste.bsb.br\/zeca\/wp-json\/wp\/v2\/media?parent=28344"}],"wp:term":[{"taxonomy":"category","embeddable":true,"href":"https:\/\/teste.bsb.br\/zeca\/wp-json\/wp\/v2\/categories?post=28344"},{"taxonomy":"post_tag","embeddable":true,"href":"https:\/\/teste.bsb.br\/zeca\/wp-json\/wp\/v2\/tags?post=28344"}],"curies":[{"name":"wp","href":"https:\/\/api.w.org\/{rel}","templated":true}]}}