{"id":28340,"date":"2011-09-15T00:00:00","date_gmt":"2011-09-15T03:00:00","guid":{"rendered":"https:\/\/www.zecadirceu.com.br\/ponta-grossa-completa-hoje-188-anos\/"},"modified":"2011-09-15T00:00:00","modified_gmt":"2011-09-15T03:00:00","slug":"ponta-grossa-completa-hoje-188-anos","status":"publish","type":"post","link":"https:\/\/teste.bsb.br\/zeca\/ponta-grossa-completa-hoje-188-anos\/","title":{"rendered":"Ponta Grossa completa hoje 188 anos"},"content":{"rendered":"<p>&nbsp;<span class=\"Apple-style-span\" style=\"font-family: 'Times New Roman', serif; font-size: 16px; line-height: 18px; \">Meu bom dia especial hoje vai para a querida cidade de Ponta Grossa, que completa 188 anos de muito desenvolvimento econ&ocirc;mico e social. Quero deixar aqui meu abra&ccedil;o a todos os pontagrossenses, a cada trabalhador, empres&aacute;rio, comerciante, produtor rural, a cada lideran&ccedil;a pol&iacute;tica e social que, dia a dia, constr&oacute;i uma hist&oacute;ria de sucesso e vit&oacute;rias.<br \/>\n<\/span><\/p>\n<p class=\"MsoNormal\" style=\"font-family: arial, sans-serif; font-size: 13px; margin-top: 0cm; margin-right: 0cm; margin-bottom: 10pt; margin-left: 0cm; text-align: justify; \"><span style=\"line-height: 18px; font-family: 'Times New Roman', serif; font-size: 12pt; \"><br \/>\nTenho parte de minha hist&oacute;ria ligada a Ponta Grossa, j&aacute; que a fam&iacute;lia de minha m&atilde;e, Clara Becker, reside at&eacute; hoje nesta bela cidade. Aqui em Bras&iacute;lia, tenho trabalhado e defendido os interesses deste povo t&atilde;o querido, buscando superar os desafios que o munic&iacute;pio precisa vencer. Muitos deles j&aacute; est&atilde;o tendo o apoio da nossa presidenta Dilma Rousseff, e tenho certeza de que muitas outras conquistas ainda vir&atilde;o.<\/span><\/p>\n<p class=\"MsoNormal\" style=\"font-family: arial, sans-serif; font-size: 13px; margin-top: 0cm; margin-right: 0cm; margin-bottom: 10pt; margin-left: 0cm; text-align: justify; \"><span style=\"line-height: 18px; font-family: 'Times New Roman', serif; font-size: 12pt; \">Parab&eacute;ns, Princesa dos Campos Gerais!<\/span><\/p>\n","protected":false},"excerpt":{"rendered":"<p>Meu bom dia especial hoje vai para a querida cidade de Ponta Grossa, que completa 188 anos de muito desenvolvimento econ\u00f4mico e social. Quero deixar aqui meu abra\u00e7o a todos os pontagrossenses, a cada trabalhador, empres\u00e1rio, comerciante, produtor rural, a cada lideran\u00e7a pol\u00edtica e social que, dia a dia, constr\u00f3i uma hist\u00f3ria de sucesso e vit\u00f3rias.<\/p>\n","protected":false},"author":1,"featured_media":28339,"comment_status":"open","ping_status":"open","sticky":false,"template":"","format":"standard","meta":{"footnotes":""},"categories":[1],"tags":[6762],"class_list":["post-28340","post","type-post","status-publish","format-standard","has-post-thumbnail","hentry","category-noticias-zeca-dirceu","tag-aniversario-ponta-grossa"],"_links":{"self":[{"href":"https:\/\/teste.bsb.br\/zeca\/wp-json\/wp\/v2\/posts\/28340","targetHints":{"allow":["GET"]}}],"collection":[{"href":"https:\/\/teste.bsb.br\/zeca\/wp-json\/wp\/v2\/posts"}],"about":[{"href":"https:\/\/teste.bsb.br\/zeca\/wp-json\/wp\/v2\/types\/post"}],"author":[{"embeddable":true,"href":"https:\/\/teste.bsb.br\/zeca\/wp-json\/wp\/v2\/users\/1"}],"replies":[{"embeddable":true,"href":"https:\/\/teste.bsb.br\/zeca\/wp-json\/wp\/v2\/comments?post=28340"}],"version-history":[{"count":0,"href":"https:\/\/teste.bsb.br\/zeca\/wp-json\/wp\/v2\/posts\/28340\/revisions"}],"wp:featuredmedia":[{"embeddable":true,"href":"https:\/\/teste.bsb.br\/zeca\/wp-json\/wp\/v2\/media\/28339"}],"wp:attachment":[{"href":"https:\/\/teste.bsb.br\/zeca\/wp-json\/wp\/v2\/media?parent=28340"}],"wp:term":[{"taxonomy":"category","embeddable":true,"href":"https:\/\/teste.bsb.br\/zeca\/wp-json\/wp\/v2\/categories?post=28340"},{"taxonomy":"post_tag","embeddable":true,"href":"https:\/\/teste.bsb.br\/zeca\/wp-json\/wp\/v2\/tags?post=28340"}],"curies":[{"name":"wp","href":"https:\/\/api.w.org\/{rel}","templated":true}]}}