{"id":28338,"date":"2011-09-15T00:00:00","date_gmt":"2011-09-15T03:00:00","guid":{"rendered":"https:\/\/www.zecadirceu.com.br\/plano-pretende-erguer-49-mil-creches-em-14-mil-municipios\/"},"modified":"2011-09-15T00:00:00","modified_gmt":"2011-09-15T03:00:00","slug":"plano-pretende-erguer-49-mil-creches-em-14-mil-municipios","status":"publish","type":"post","link":"https:\/\/teste.bsb.br\/zeca\/plano-pretende-erguer-49-mil-creches-em-14-mil-municipios\/","title":{"rendered":"Plano pretende erguer 4,9 mil creches em 1,4 mil munic\u00edpios"},"content":{"rendered":"<p>&nbsp;A presidenta da Rep&uacute;blica, Dilma Rousseff, e o ministro da educa&ccedil;&atilde;o, Fernando Haddad, anunciam nesta quinta-feira, 15, em Bras&iacute;lia, o plano de amplia&ccedil;&atilde;o da rede de creches e pr&eacute;-escolas municipais, al&eacute;m da constru&ccedil;&atilde;o e cobertura de quadras esportivas escolares. Os projetos integram a&ccedil;&otilde;es do Plano de Acelera&ccedil;&atilde;o do Crescimento (PAC 2) do governo federal.<\/p>\n<p class=\"MsoNormal\"><o:p><\/o:p><\/p>\n<p class=\"MsoNormal\">A nova etapa do programa de constru&ccedil;&atilde;o de creches e pr&eacute;-escolas prev&ecirc; poss&iacute;veis 4.943 novas unidades em 1.466 munic&iacute;pios. Somadas com as 1.484 j&aacute; em constru&ccedil;&atilde;o em 1.040 munic&iacute;pios, ser&aacute; superada a meta de seis mil unidades previstas. A constru&ccedil;&atilde;o das unidades de educa&ccedil;&atilde;o infantil est&aacute; entre as metas do Plano Nacional de Educa&ccedil;&atilde;o (PNE) &mdash; a de atender 100% das crian&ccedil;as de quatro e cinco anos at&eacute; 2016 e 50% das crian&ccedil;as at&eacute; tr&ecirc;s anos, estabelecida para 2020.<o:p><\/o:p><\/p>\n<p class=\"MsoNormal\">O PAC prev&ecirc; tamb&eacute;m a cobertura de quadras esportivas em escolas p&uacute;blicas. Pelas previs&otilde;es, ser&atilde;o edificadas 6.116 quadras e cobertas outras cinco mil at&eacute; 2014. Este ano, foi aprovada a constru&ccedil;&atilde;o de 750 quadras em escolas municipais de todo o Brasil. O Fundo Nacional de Desenvolvimento da Educa&ccedil;&atilde;o (FNDE) oferece dois projetos de unidades de educa&ccedil;&atilde;o infantil. O do tipo B tem capacidade para 240 crian&ccedil;as at&eacute; cinco anos de idade, com atendimento em dois turnos. S&atilde;o oito salas pedag&oacute;gicas, sala de inform&aacute;tica, cozinha, refeit&oacute;rio, p&aacute;tio coberto, secretaria e sanit&aacute;rio para pessoas com defici&ecirc;ncia, entre outros ambientes. O do tipo C atende 120 crian&ccedil;as, tamb&eacute;m em dois turnos, com quatro salas pedag&oacute;gicas e os mesmos espa&ccedil;os previstos no tipo B. O do tipo A &eacute; elaborado pelas prefeituras, de acordo com padr&otilde;es de qualidade exigidos pelo FNDE. No caso da quadra de esportes, o projeto &eacute; &uacute;nico. <o:p><\/o:p><\/p>\n<p class=\"MsoNormal\">Minist&eacute;rio da Educa&ccedil;&atilde;o<o:p><\/o:p><\/p>\n","protected":false},"excerpt":{"rendered":"<p>A presidenta da Rep\u00fablica, Dilma Rousseff, e o ministro da educa\u00e7\u00e3o, Fernando Haddad, anunciam nesta quinta-feira, 15, em Bras\u00edlia, o plano de amplia\u00e7\u00e3o da rede de creches e pr\u00e9-escolas municipais, al\u00e9m da constru\u00e7\u00e3o e cobertura de quadras esportivas escolares. Os projetos integram a\u00e7\u00f5es do Plano de Acelera\u00e7\u00e3o do Crescimento (PAC 2) do governo federal.<\/p>\n","protected":false},"author":1,"featured_media":28337,"comment_status":"open","ping_status":"open","sticky":false,"template":"","format":"standard","meta":{"footnotes":""},"categories":[1],"tags":[6761],"class_list":["post-28338","post","type-post","status-publish","format-standard","has-post-thumbnail","hentry","category-noticias-zeca-dirceu","tag-ampliacao-creches"],"_links":{"self":[{"href":"https:\/\/teste.bsb.br\/zeca\/wp-json\/wp\/v2\/posts\/28338","targetHints":{"allow":["GET"]}}],"collection":[{"href":"https:\/\/teste.bsb.br\/zeca\/wp-json\/wp\/v2\/posts"}],"about":[{"href":"https:\/\/teste.bsb.br\/zeca\/wp-json\/wp\/v2\/types\/post"}],"author":[{"embeddable":true,"href":"https:\/\/teste.bsb.br\/zeca\/wp-json\/wp\/v2\/users\/1"}],"replies":[{"embeddable":true,"href":"https:\/\/teste.bsb.br\/zeca\/wp-json\/wp\/v2\/comments?post=28338"}],"version-history":[{"count":0,"href":"https:\/\/teste.bsb.br\/zeca\/wp-json\/wp\/v2\/posts\/28338\/revisions"}],"wp:featuredmedia":[{"embeddable":true,"href":"https:\/\/teste.bsb.br\/zeca\/wp-json\/wp\/v2\/media\/28337"}],"wp:attachment":[{"href":"https:\/\/teste.bsb.br\/zeca\/wp-json\/wp\/v2\/media?parent=28338"}],"wp:term":[{"taxonomy":"category","embeddable":true,"href":"https:\/\/teste.bsb.br\/zeca\/wp-json\/wp\/v2\/categories?post=28338"},{"taxonomy":"post_tag","embeddable":true,"href":"https:\/\/teste.bsb.br\/zeca\/wp-json\/wp\/v2\/tags?post=28338"}],"curies":[{"name":"wp","href":"https:\/\/api.w.org\/{rel}","templated":true}]}}