{"id":28332,"date":"2011-09-15T00:00:00","date_gmt":"2011-09-15T03:00:00","guid":{"rendered":"https:\/\/www.zecadirceu.com.br\/a-importancia-do-debate-que-antecede-a-emenda-29-na-proxima-terca-feira\/"},"modified":"2011-09-15T00:00:00","modified_gmt":"2011-09-15T03:00:00","slug":"a-importancia-do-debate-que-antecede-a-emenda-29-na-proxima-terca-feira","status":"publish","type":"post","link":"https:\/\/teste.bsb.br\/zeca\/a-importancia-do-debate-que-antecede-a-emenda-29-na-proxima-terca-feira\/","title":{"rendered":"A import\u00e2ncia do debate que antecede a emenda 29, na pr\u00f3xima ter\u00e7a-feira"},"content":{"rendered":"<p>&nbsp;<span class=\"Apple-style-span\" style=\"font-family: 'Times New Roman'; font-size: medium; \"><span class=\"Apple-style-span\" style=\"font-family: Arial, Verdana, sans-serif; font-size: 12px; \">&nbsp;O deputado Zeca Dirceu vai estar na comiss&atilde;o que ir&aacute; debater a emenda 29, o evento acontece no pr&oacute;ximo dia 20, no plen&aacute;rio da C&acirc;mara dos Deputados, em Bras&iacute;lia. Segundo o parlamentar o debate &eacute; fundamental para que d&uacute;vidas sejam sanadas e que as pessoas, realmente, entendam o que &eacute; a emenda 29.&nbsp;<span>&nbsp;<\/span><\/span><\/p>\n<div style=\"background-color: rgb(255, 255, 255); padding-top: 5px; padding-right: 5px; padding-bottom: 5px; padding-left: 5px; margin-top: 0px; margin-right: 0px; margin-bottom: 0px; margin-left: 0px; font-family: Arial, Verdana, sans-serif; font-size: 12px; \">\n<p class=\"MsoNormal\">Zeca Dirceu&nbsp;destacou, tamb&eacute;m, a import&acirc;ncia dos governadores dos estados no acompanhamento do debate, pois foi o sistema que menos evoluiu na sa&uacute;de. Confira a reportagem no &iacute;cone abaixo, onde Zeca explica sobre a regulamenta&ccedil;&atilde;o e a busca de novas fontes de capta&ccedil;&atilde;o para a sa&uacute;de no pa&iacute;s.&nbsp;<\/p>\n<\/div>\n<p><\/span><\/p>\n","protected":false},"excerpt":{"rendered":"<p>O deputado Zeca Dirceu vai estar na comiss\u00e3o que ir\u00e1 debater a emenda 29, o evento acontece no pr\u00f3ximo dia 20, no plen\u00e1rio da C\u00e2mara dos Deputados, em Bras\u00edlia. Segundo o parlamentar o debate \u00e9 fundamental para que d\u00favidas sejam sanadas e que as pessoas, realmente, entendam o que \u00e9 a emenda 29.<br \/>\nConfira a reportagem no \u00edcone abaixo, onde Zeca explica sobre a regulamenta\u00e7\u00e3o e a busca de novas fontes de capta\u00e7\u00e3o para a sa\u00fade no pa\u00eds.<\/p>\n","protected":false},"author":1,"featured_media":28331,"comment_status":"open","ping_status":"open","sticky":false,"template":"","format":"standard","meta":{"footnotes":""},"categories":[1],"tags":[6760],"class_list":["post-28332","post","type-post","status-publish","format-standard","has-post-thumbnail","hentry","category-noticias-zeca-dirceu","tag-debate-emenda-29"],"_links":{"self":[{"href":"https:\/\/teste.bsb.br\/zeca\/wp-json\/wp\/v2\/posts\/28332","targetHints":{"allow":["GET"]}}],"collection":[{"href":"https:\/\/teste.bsb.br\/zeca\/wp-json\/wp\/v2\/posts"}],"about":[{"href":"https:\/\/teste.bsb.br\/zeca\/wp-json\/wp\/v2\/types\/post"}],"author":[{"embeddable":true,"href":"https:\/\/teste.bsb.br\/zeca\/wp-json\/wp\/v2\/users\/1"}],"replies":[{"embeddable":true,"href":"https:\/\/teste.bsb.br\/zeca\/wp-json\/wp\/v2\/comments?post=28332"}],"version-history":[{"count":0,"href":"https:\/\/teste.bsb.br\/zeca\/wp-json\/wp\/v2\/posts\/28332\/revisions"}],"wp:featuredmedia":[{"embeddable":true,"href":"https:\/\/teste.bsb.br\/zeca\/wp-json\/wp\/v2\/media\/28331"}],"wp:attachment":[{"href":"https:\/\/teste.bsb.br\/zeca\/wp-json\/wp\/v2\/media?parent=28332"}],"wp:term":[{"taxonomy":"category","embeddable":true,"href":"https:\/\/teste.bsb.br\/zeca\/wp-json\/wp\/v2\/categories?post=28332"},{"taxonomy":"post_tag","embeddable":true,"href":"https:\/\/teste.bsb.br\/zeca\/wp-json\/wp\/v2\/tags?post=28332"}],"curies":[{"name":"wp","href":"https:\/\/api.w.org\/{rel}","templated":true}]}}