{"id":28322,"date":"2011-09-15T00:00:00","date_gmt":"2011-09-15T03:00:00","guid":{"rendered":"https:\/\/www.zecadirceu.com.br\/parlamentares-da-subcomissao-de-portos-visitam-o-complexo-portuario-do-itajai\/"},"modified":"2011-09-15T00:00:00","modified_gmt":"2011-09-15T03:00:00","slug":"parlamentares-da-subcomissao-de-portos-visitam-o-complexo-portuario-do-itajai","status":"publish","type":"post","link":"https:\/\/teste.bsb.br\/zeca\/parlamentares-da-subcomissao-de-portos-visitam-o-complexo-portuario-do-itajai\/","title":{"rendered":"Parlamentares da Subcomiss\u00e3o de Portos visitam o Complexo Portu\u00e1rio do Itaja\u00ed"},"content":{"rendered":"<p>&nbsp;<span class=\"Apple-style-span\" style=\"color: rgb(51, 51, 51); font-family: Verdana; font-size: small; \">O prefeito Jandir Bellini e o superintendente do Porto de Itaja&iacute;, Antonio Ayres dos Santos J&uacute;nior, receberam na tarde desta quinta-feira os parlamentares integrantes da Subcomiss&atilde;o de Portos e Vias Naveg&aacute;veis, da Comiss&atilde;o de Via&ccedil;&atilde;o e Transportes da C&acirc;mara dos Deputados. Acompanhados do deputado catarinense Decio Nery Lima, eles visitaram o Porto de Itaja&iacute; e a Portonave S\/A, terminal portu&aacute;rio privado em Navegantes.<\/p>\n<p>Formada pelos deputados Alberto Mour&atilde;o (PSDB\/SP), presidente da Subcomiss&atilde;o de Portos e Vias Naveg&aacute;veis, Zeca Dirceu e Geraldo Sim&otilde;es (PT\/BA), al&eacute;m de Lima, que j&aacute; presidiu a subcomiss&atilde;o em seu primeiro mandato como deputado federal, a comitiva realizou uma visita t&eacute;cnica ao Complexo, a exemplo do que fizeram em outros portos brasileiros, em v&aacute;rios estados. O objetivo &eacute; obter um diagn&oacute;stico da situa&ccedil;&atilde;o portu&aacute;ria no Pa&iacute;s. Os parlamentares j&aacute; visitaram os portos de Santos (SP), Paranagu&aacute; (PR) e Itagua&iacute; (RJ). Tamb&eacute;m est&atilde;o previstas visitas aos portos de Suape (PE), Salvador (BA), e Vit&oacute;ria (ES).<br \/>\n&nbsp;<br \/>\nAl&eacute;m das visitas t&eacute;cnicas, o trabalho da subcomiss&atilde;o inclui audi&ecirc;ncias p&uacute;blicas com representantes dos diversos setores ligados a atividade portu&aacute;ria. J&aacute; foram realizadas quatro audi&ecirc;ncias. A &uacute;ltima est&aacute; marcada para o dia 25 de outubro, tendo como convidados os ministros dos Transportes, Paulo Pessoa, e o da Secretaria Especial de Portos, Le&ocirc;nidas Cristino.&nbsp;<\/p>\n<p>O trabalho dever&aacute; estar conclu&iacute;do em dois meses, com a elabora&ccedil;&atilde;o de relat&oacute;rio apontando as defici&ecirc;ncias que os portos apresentam e sugerindo as respectivas solu&ccedil;&otilde;es. O estudo ser&aacute; apresentado no Congresso e tamb&eacute;m encaminhado &agrave; presidente Dilma Rousseff.&nbsp;<\/p>\n<p><\/span>Fonte:&nbsp;<a href=\"http:\/\/www.portogente.com.br\/texto.php?cod=54628\">http:\/\/www.portogente.com.br\/texto.php?cod=54628<\/a><span class=\"Apple-style-span\" style=\"color: rgb(51, 51, 51); font-family: Verdana; font-size: small; \"><\/p>\n<p>&nbsp;<\/p>\n<p><\/span><\/p>\n","protected":false},"excerpt":{"rendered":"<p>O prefeito Jandir Bellini e o superintendente do Porto de Itaja\u00ed, Antonio Ayres dos Santos J\u00fanior, receberam na tarde desta quinta-feira os parlamentares integrantes da Subcomiss\u00e3o de Portos e Vias Naveg\u00e1veis, da Comiss\u00e3o de Via\u00e7\u00e3o e Transportes da C\u00e2mara dos Deputados. Acompanhados do deputado catarinense Decio Nery Lima, eles visitaram o Porto de Itaja\u00ed e a Portonave S\/A, terminal portu\u00e1rio privado em Navegantes.<\/p>\n","protected":false},"author":1,"featured_media":28321,"comment_status":"open","ping_status":"open","sticky":false,"template":"","format":"standard","meta":{"footnotes":""},"categories":[1],"tags":[6757],"class_list":["post-28322","post","type-post","status-publish","format-standard","has-post-thumbnail","hentry","category-noticias-zeca-dirceu","tag-porto-itajai"],"_links":{"self":[{"href":"https:\/\/teste.bsb.br\/zeca\/wp-json\/wp\/v2\/posts\/28322","targetHints":{"allow":["GET"]}}],"collection":[{"href":"https:\/\/teste.bsb.br\/zeca\/wp-json\/wp\/v2\/posts"}],"about":[{"href":"https:\/\/teste.bsb.br\/zeca\/wp-json\/wp\/v2\/types\/post"}],"author":[{"embeddable":true,"href":"https:\/\/teste.bsb.br\/zeca\/wp-json\/wp\/v2\/users\/1"}],"replies":[{"embeddable":true,"href":"https:\/\/teste.bsb.br\/zeca\/wp-json\/wp\/v2\/comments?post=28322"}],"version-history":[{"count":0,"href":"https:\/\/teste.bsb.br\/zeca\/wp-json\/wp\/v2\/posts\/28322\/revisions"}],"wp:featuredmedia":[{"embeddable":true,"href":"https:\/\/teste.bsb.br\/zeca\/wp-json\/wp\/v2\/media\/28321"}],"wp:attachment":[{"href":"https:\/\/teste.bsb.br\/zeca\/wp-json\/wp\/v2\/media?parent=28322"}],"wp:term":[{"taxonomy":"category","embeddable":true,"href":"https:\/\/teste.bsb.br\/zeca\/wp-json\/wp\/v2\/categories?post=28322"},{"taxonomy":"post_tag","embeddable":true,"href":"https:\/\/teste.bsb.br\/zeca\/wp-json\/wp\/v2\/tags?post=28322"}],"curies":[{"name":"wp","href":"https:\/\/api.w.org\/{rel}","templated":true}]}}