{"id":28306,"date":"2011-09-16T00:00:00","date_gmt":"2011-09-16T03:00:00","guid":{"rendered":"https:\/\/www.zecadirceu.com.br\/sucesso-ao-deputado-gastao-vieira-novo-ministro-do-turismo\/"},"modified":"2011-09-16T00:00:00","modified_gmt":"2011-09-16T03:00:00","slug":"sucesso-ao-deputado-gastao-vieira-novo-ministro-do-turismo","status":"publish","type":"post","link":"https:\/\/teste.bsb.br\/zeca\/sucesso-ao-deputado-gastao-vieira-novo-ministro-do-turismo\/","title":{"rendered":"Sucesso ao deputado Gast\u00e3o Vieira, novo ministro do Turismo"},"content":{"rendered":"<p>Desejo sucesso ao deputado federal Gast&atilde;o Vieira (PMDB-MA), que assume nesta sexta-feira (16) o cargo de ministro do Turismo. A cerim&ocirc;nia de posse est&aacute; marcada para as 16h no Pal&aacute;cio do Planalto e ter&aacute; a presen&ccedil;a da presidente Dilma Rousseff, que retornar&aacute; de uma viagem a Belo Horizonte (MG) para receber o novo auxiliar.<\/p>\n<p>Vieira, que &eacute; advogado e cumpria seu quinto mandato na C&acirc;mara, vai substituir o tamb&eacute;m deputado Pedro Novais (PMDB-MA). Neste ano, assumiu a presid&ecirc;ncia da comiss&atilde;o especial que analisa o Plano Nacional de Educa&ccedil;&atilde;o, projeto do Minist&eacute;rio da Educa&ccedil;&atilde;o. <\/p>\n","protected":false},"excerpt":{"rendered":"<p>Desejo sucesso ao deputado federal Gast\u00e3o Vieira (PMDB-MA), que assume nesta sexta-feira (16) o cargo de ministro do Turismo. A cerim\u00f4nia de posse est\u00e1 marcada para as 16h no Pal\u00e1cio do Planalto e ter\u00e1 a presen\u00e7a da presidente Dilma Rousseff, que retornar\u00e1 de uma viagem a Belo Horizonte (MG) para receber o novo auxiliar.<\/p>\n","protected":false},"author":1,"featured_media":28305,"comment_status":"open","ping_status":"open","sticky":false,"template":"","format":"standard","meta":{"footnotes":""},"categories":[1],"tags":[448,161],"class_list":["post-28306","post","type-post","status-publish","format-standard","has-post-thumbnail","hentry","category-noticias-zeca-dirceu","tag-ministro","tag-turismo"],"_links":{"self":[{"href":"https:\/\/teste.bsb.br\/zeca\/wp-json\/wp\/v2\/posts\/28306","targetHints":{"allow":["GET"]}}],"collection":[{"href":"https:\/\/teste.bsb.br\/zeca\/wp-json\/wp\/v2\/posts"}],"about":[{"href":"https:\/\/teste.bsb.br\/zeca\/wp-json\/wp\/v2\/types\/post"}],"author":[{"embeddable":true,"href":"https:\/\/teste.bsb.br\/zeca\/wp-json\/wp\/v2\/users\/1"}],"replies":[{"embeddable":true,"href":"https:\/\/teste.bsb.br\/zeca\/wp-json\/wp\/v2\/comments?post=28306"}],"version-history":[{"count":0,"href":"https:\/\/teste.bsb.br\/zeca\/wp-json\/wp\/v2\/posts\/28306\/revisions"}],"wp:featuredmedia":[{"embeddable":true,"href":"https:\/\/teste.bsb.br\/zeca\/wp-json\/wp\/v2\/media\/28305"}],"wp:attachment":[{"href":"https:\/\/teste.bsb.br\/zeca\/wp-json\/wp\/v2\/media?parent=28306"}],"wp:term":[{"taxonomy":"category","embeddable":true,"href":"https:\/\/teste.bsb.br\/zeca\/wp-json\/wp\/v2\/categories?post=28306"},{"taxonomy":"post_tag","embeddable":true,"href":"https:\/\/teste.bsb.br\/zeca\/wp-json\/wp\/v2\/tags?post=28306"}],"curies":[{"name":"wp","href":"https:\/\/api.w.org\/{rel}","templated":true}]}}