{"id":28302,"date":"2011-09-16T00:00:00","date_gmt":"2011-09-16T03:00:00","guid":{"rendered":"https:\/\/www.zecadirceu.com.br\/parabens-karatecas-de-cruzeiro-do-oeste\/"},"modified":"2011-09-16T00:00:00","modified_gmt":"2011-09-16T03:00:00","slug":"parabens-karatecas-de-cruzeiro-do-oeste","status":"publish","type":"post","link":"https:\/\/teste.bsb.br\/zeca\/parabens-karatecas-de-cruzeiro-do-oeste\/","title":{"rendered":"Parab\u00e9ns karatecas de Cruzeiro do Oeste"},"content":{"rendered":"<p>&nbsp;<span class=\"Apple-style-span\" style=\"font-family: 'Times New Roman'; font-size: medium; \"><span class=\"Apple-style-span\" style=\"font-family: Arial, Verdana, sans-serif; font-size: 12px; \">&nbsp;Quero cumprimentar os 15 atletas, karatecas de Cruzeiro do Oeste, que no in&iacute;cio do m&ecirc;s partiram rumo a Joinville-SC, compondo parte da Sele&ccedil;&atilde;o Paranaense, para participar do Campeonato Brasileiro de Karat&ecirc;-do Tradicional 2011 e trouxeram vit&oacute;ria para o estado e toda a regi&atilde;o noroeste. Estes s&atilde;o alunos\/atletas do Programa Karat&ecirc; Pi&aacute; no Esporte, o qual fui grande incentivador, nas duas gest&otilde;es como prefeito e, que hoje o prefeito Valtinho d&aacute; continuidade. Um programa que nasceu estadual e hoje &eacute; 100% municipal.<\/span><\/p>\n<div style=\"background-color: rgb(255, 255, 255); padding-top: 5px; padding-right: 5px; padding-bottom: 5px; padding-left: 5px; margin-top: 0px; margin-right: 0px; margin-bottom: 0px; margin-left: 0px; font-family: Arial, Verdana, sans-serif; font-size: 12px; \">\n<p class=\"MsoNormal\">Me orgulho desses pequenos esportistas que se tornam gigantes, principalmente, quando podemos acreditar em participa&ccedil;&otilde;es de Cruzeiro do Oeste nos grandes eventos esportivos a se realizarem no pa&iacute;s, como as Olimp&iacute;adas de 2016. Resultados como estes s&atilde;o de m&aacute;xima import&acirc;ncia e precisam ser incentivados.<\/p>\n<p class=\"MsoNormal\"><span>&nbsp;<\/span>A equipe do Paran&aacute; ficou com o Vice-Campeonato Geral ficando a equipe da Bahia em Terceiro e a grande Campe&atilde; Equipe do Mato Grosso.<\/p>\n<\/div>\n<p><\/span><\/p>\n","protected":false},"excerpt":{"rendered":"<p>Quero cumprimentar os 15 atletas, karatecas de Cruzeiro do Oeste, que no in\u00edcio do m\u00eas partiram rumo a Joinville-SC, compondo parte da Sele\u00e7\u00e3o Paranaense, para participar do Campeonato Brasileiro de Karat\u00ea-do Tradicional 2011 e trouxeram vit\u00f3ria para o estado e toda a regi\u00e3o noroeste. Estes s\u00e3o alunos\/atletas do Programa Karat\u00ea Pi\u00e1 no Esporte, o qual fui grande incentivador, nas duas gest\u00f5es como prefeito e, que hoje o prefeito Valtinho d\u00e1 continuidade. Um programa que nasceu estadual e hoje \u00e9 100% municipal.<\/p>\n","protected":false},"author":1,"featured_media":28301,"comment_status":"open","ping_status":"open","sticky":false,"template":"","format":"standard","meta":{"footnotes":""},"categories":[1],"tags":[6755],"class_list":["post-28302","post","type-post","status-publish","format-standard","has-post-thumbnail","hentry","category-noticias-zeca-dirceu","tag-karate-cruzeiro-do-oeste"],"_links":{"self":[{"href":"https:\/\/teste.bsb.br\/zeca\/wp-json\/wp\/v2\/posts\/28302","targetHints":{"allow":["GET"]}}],"collection":[{"href":"https:\/\/teste.bsb.br\/zeca\/wp-json\/wp\/v2\/posts"}],"about":[{"href":"https:\/\/teste.bsb.br\/zeca\/wp-json\/wp\/v2\/types\/post"}],"author":[{"embeddable":true,"href":"https:\/\/teste.bsb.br\/zeca\/wp-json\/wp\/v2\/users\/1"}],"replies":[{"embeddable":true,"href":"https:\/\/teste.bsb.br\/zeca\/wp-json\/wp\/v2\/comments?post=28302"}],"version-history":[{"count":0,"href":"https:\/\/teste.bsb.br\/zeca\/wp-json\/wp\/v2\/posts\/28302\/revisions"}],"wp:featuredmedia":[{"embeddable":true,"href":"https:\/\/teste.bsb.br\/zeca\/wp-json\/wp\/v2\/media\/28301"}],"wp:attachment":[{"href":"https:\/\/teste.bsb.br\/zeca\/wp-json\/wp\/v2\/media?parent=28302"}],"wp:term":[{"taxonomy":"category","embeddable":true,"href":"https:\/\/teste.bsb.br\/zeca\/wp-json\/wp\/v2\/categories?post=28302"},{"taxonomy":"post_tag","embeddable":true,"href":"https:\/\/teste.bsb.br\/zeca\/wp-json\/wp\/v2\/tags?post=28302"}],"curies":[{"name":"wp","href":"https:\/\/api.w.org\/{rel}","templated":true}]}}