{"id":28298,"date":"2011-09-16T00:00:00","date_gmt":"2011-09-16T03:00:00","guid":{"rendered":"https:\/\/www.zecadirceu.com.br\/o-brasil-detem-12-da-agua-doce-do-mundo-que-precisamos-aproveitar-para-produzir-pescado\/"},"modified":"2011-09-16T00:00:00","modified_gmt":"2011-09-16T03:00:00","slug":"o-brasil-detem-12-da-agua-doce-do-mundo-que-precisamos-aproveitar-para-produzir-pescado","status":"publish","type":"post","link":"https:\/\/teste.bsb.br\/zeca\/o-brasil-detem-12-da-agua-doce-do-mundo-que-precisamos-aproveitar-para-produzir-pescado\/","title":{"rendered":"O Brasil det\u00e9m 12% da \u00e1gua doce do mundo, que precisamos aproveitar para produzir pescado"},"content":{"rendered":"<p>&nbsp;Em entrevista ao programa Bom Dia Ministro, o ministro da Pesca e Aquicultura, Luiz S&eacute;rgio, destacou a Semana do Peixe, que come&ccedil;ou no &uacute;ltimo dia 11 e vai at&eacute; 24 de setembro, o registro geral do aquicultor e o desenvolvimento da produ&ccedil;&atilde;o e consumo de pescado no Pa&iacute;s.&nbsp;<\/p>\n<p class=\"MsoNormal\"><o:p><\/o:p><\/p>\n<p class=\"MsoNormal\">Produ&ccedil;&atilde;o<o:p><\/o:p><\/p>\n<p class=\"MsoNormal\">O Brasil det&eacute;m 12% da &aacute;gua doce do mundo, temos 216 reservat&oacute;rios e a&ccedil;udes, que precisamos aproveitar para produzir prote&iacute;na de qualidade, produzir pescado. Vamos dobrar a produ&ccedil;&atilde;o de peixes no Brasil a partir do aproveitamento da potencialidade que temos de nossos lagos e rios.<o:p><\/o:p><\/p>\n<p class=\"MsoNormal\">Aquicultura<o:p><\/o:p><\/p>\n<p class=\"MsoNormal\">O Brasil produz 1,2 milh&atilde;o de toneladas de pescado por ano. Dessas, 416 mil toneladas (33%) v&ecirc;m da aquicultura. Na medida em que o consumo aumentar, teremos uma ind&uacute;stria que vai processar mais e, processando mais, ter&aacute; um custo menor, que vai refletir em pre&ccedil;o menor ao consumidor.<o:p><\/o:p><\/p>\n<p class=\"MsoNormal\">Semana do Peixe<o:p><\/o:p><\/p>\n<p class=\"MsoNormal\">Na Semana do Peixe trabalhamos em conjunto com a Associa&ccedil;&atilde;o Brasileira de Supermercados e a Associa&ccedil;&atilde;o Brasileira de Bares e Restaurantes. Toda a cadeia associada a essas organiza&ccedil;&otilde;es est&aacute; divulgando a pe&ccedil;a publicit&aacute;ria do Minist&eacute;rio da Pesca. <o:p><\/o:p><\/p>\n<p class=\"MsoNormal\">Alimento saud&aacute;vel<o:p><\/o:p><\/p>\n<p class=\"MsoNormal\">Esta oitava edi&ccedil;&atilde;o da Semana do Peixe &eacute; constru&iacute;da em conjunto com o Minist&eacute;rio da Sa&uacute;de. O consumo brasileiro, de nove quilos per capita, &eacute; inferior ao recomendado pela Organiza&ccedil;&atilde;o Mundial da Sa&uacute;de, que s&atilde;o de 12 quilos per capita. Temos essa meta a atingir. <o:p><\/o:p><\/p>\n<p class=\"MsoNormal\">Crian&ccedil;as e jovens <o:p><\/o:p><\/p>\n<p class=\"MsoNormal\">O consumo brasileiro &eacute; menor ainda na popula&ccedil;&atilde;o jovem e infantil. J&aacute; temos uma cultura restritiva, que &eacute;: &ldquo;cuidado com a espinha, cuidado para n&atilde;o se engasgar&rdquo;. Mas, a industrializa&ccedil;&atilde;o permite levar um peixe &agrave; mesa, para a crian&ccedil;a, sem espinha. Temos o hamb&uacute;rguer de peixe, o bolinho de peixe, o fil&eacute; de peixe, com 100% de garantia de que n&atilde;o teremos espinha. <o:p><\/o:p><\/p>\n<p class=\"MsoNormal\">Registro do Aquicultor<o:p><\/o:p><\/p>\n<p class=\"MsoNormal\">Os interessados em legalizar a atividade podem acessar o minist&eacute;rio no s&iacute;tio www.mpa.gov.br, para ter todas essas informa&ccedil;&otilde;es, mas eu recomendo que busquem a superintend&ecirc;ncia do Minist&eacute;rio da Pesca e Aquicultura. Isso &eacute; muito importante, principalmente para negociar o produto. Nosso trabalho conjunto &ndash; inclusive, com os &oacute;rg&atilde;os fiscalizadores, como o Ibama &ndash; &eacute; no sentido de ter uma a&ccedil;&atilde;o mais educativa do que repressiva. Mas, mesmo aquele que participa da pesca amadora precisa ter a carteira, que &eacute; muito f&aacute;cil de obter pela internet.<o:p><\/o:p><\/p>\n<p class=\"MsoNormal\">Embrapa Pesca<o:p><\/o:p><\/p>\n<p class=\"MsoNormal\">Temos um enorme orgulho do que representa a Embrapa para a agricultura. No que se refere &agrave; aquicultura, estamos ainda um pouco atrasados em pesquisa cient&iacute;fica. A Embrapa Pesca iniciou as atividades. As esp&eacute;cies que est&atilde;o sendo estudadas, como o tambaqui e o pintado, s&atilde;o geneticamente muito bem preparadas. Vamos poder fornecer os alevinos para aqueles que, hoje, t&ecirc;m fazendas que criam boi, poderem, tamb&eacute;m, no lago, criar o peixe e para ser um fornecedor duplo de prote&iacute;na animal.<o:p><\/o:p><\/p>\n<p class=\"MsoNormal\">Litoral brasileiro<o:p><\/o:p><\/p>\n<p class=\"MsoNormal\">O nosso litoral tem uma variedade muito grande de esp&eacute;cies, mas temos cardumes muito reduzidos. Os pa&iacute;ses que s&atilde;o grandes produtores t&ecirc;m a &aacute;gua mais fria. O Chile tem uma menor variedade, mas tem cardumes maiores. Quando a &aacute;gua tem uma temperatura uniforme, os micro-organismos se produzem e tem uma maior alimenta&ccedil;&atilde;o para os grandes cardumes. Mas isso n&atilde;o nos tira a atividade do pescado.<o:p><\/o:p><\/p>\n<p class=\"MsoNormal\">Alto-mar <o:p><\/o:p><\/p>\n<p class=\"MsoNormal\">Longe da costa est&atilde;o os peixes mais nobres, como o atum e a fauna acompanhante dos atuns, que tem grande valor no mercado internacional e interno. Para isto, o governo criou o chamado Profrota, que financia a constru&ccedil;&atilde;o de embarca&ccedil;&otilde;es para a pesca em alto-mar. <o:p><\/o:p><\/p>\n<p class=\"MsoNormal\">Institucional<o:p><\/o:p><\/p>\n<p class=\"MsoNormal\">T&iacute;nhamos a Superintend&ecirc;ncia da Pesca, que formulava a pol&iacute;tica do setor. A Sudepe foi extinta e tivemos um vazio de mais de 20 anos. Ent&atilde;o, o trabalho do minist&eacute;rio, em conjunto com os pescadores, com os empres&aacute;rios da pesca artesanal &agrave; industrial, &eacute; fazer com que possamos recuperar esse tempo perdido.<o:p><\/o:p><\/p>\n<p class=\"MsoNormal\">O programa &eacute; transmitido ao vivo pela TV NBR e pode ser acompanhado na p&aacute;gina da Secretaria de Imprensa da Presid&ecirc;ncia da Rep&uacute;blica (<a href=\"http:\/\/www.imprensa.planalto.gov.br\">www.imprensa.planalto.gov.br<\/a>).<\/p>\n<p class=\"MsoNormal\">Fonte: Secom<\/p>\n","protected":false},"excerpt":{"rendered":"<p>Em entrevista ao programa Bom Dia Ministro, o ministro da Pesca e Aquicultura, Luiz S\u00e9rgio, destacou a Semana do Peixe, que come\u00e7ou no \u00faltimo dia 11 e vai at\u00e9 24 de setembro, o registro geral do aquicultor e o desenvolvimento da produ\u00e7\u00e3o e consumo de pescado no Pa\u00eds.<\/p>\n","protected":false},"author":1,"featured_media":28297,"comment_status":"open","ping_status":"open","sticky":false,"template":"","format":"standard","meta":{"footnotes":""},"categories":[1],"tags":[6753],"class_list":["post-28298","post","type-post","status-publish","format-standard","has-post-thumbnail","hentry","category-noticias-zeca-dirceu","tag-agua-doce-pais-peixe-pescado"],"_links":{"self":[{"href":"https:\/\/teste.bsb.br\/zeca\/wp-json\/wp\/v2\/posts\/28298","targetHints":{"allow":["GET"]}}],"collection":[{"href":"https:\/\/teste.bsb.br\/zeca\/wp-json\/wp\/v2\/posts"}],"about":[{"href":"https:\/\/teste.bsb.br\/zeca\/wp-json\/wp\/v2\/types\/post"}],"author":[{"embeddable":true,"href":"https:\/\/teste.bsb.br\/zeca\/wp-json\/wp\/v2\/users\/1"}],"replies":[{"embeddable":true,"href":"https:\/\/teste.bsb.br\/zeca\/wp-json\/wp\/v2\/comments?post=28298"}],"version-history":[{"count":0,"href":"https:\/\/teste.bsb.br\/zeca\/wp-json\/wp\/v2\/posts\/28298\/revisions"}],"wp:featuredmedia":[{"embeddable":true,"href":"https:\/\/teste.bsb.br\/zeca\/wp-json\/wp\/v2\/media\/28297"}],"wp:attachment":[{"href":"https:\/\/teste.bsb.br\/zeca\/wp-json\/wp\/v2\/media?parent=28298"}],"wp:term":[{"taxonomy":"category","embeddable":true,"href":"https:\/\/teste.bsb.br\/zeca\/wp-json\/wp\/v2\/categories?post=28298"},{"taxonomy":"post_tag","embeddable":true,"href":"https:\/\/teste.bsb.br\/zeca\/wp-json\/wp\/v2\/tags?post=28298"}],"curies":[{"name":"wp","href":"https:\/\/api.w.org\/{rel}","templated":true}]}}