{"id":28286,"date":"2011-09-16T00:00:00","date_gmt":"2011-09-16T03:00:00","guid":{"rendered":"https:\/\/www.zecadirceu.com.br\/2o-encontro-regional-do-pt-da-regiao-metropolitana-sera-realizado-no-sabado\/"},"modified":"2011-09-16T00:00:00","modified_gmt":"2011-09-16T03:00:00","slug":"2o-encontro-regional-do-pt-da-regiao-metropolitana-sera-realizado-no-sabado","status":"publish","type":"post","link":"https:\/\/teste.bsb.br\/zeca\/2o-encontro-regional-do-pt-da-regiao-metropolitana-sera-realizado-no-sabado\/","title":{"rendered":"2\u00ba Encontro Regional do PT da Regi\u00e3o Metropolitana ser\u00e1 realizado no s\u00e1bado"},"content":{"rendered":"<p>&nbsp;<span class=\"Apple-style-span\" style=\"color: rgb(113, 112, 112); font-family: verdana, sans-serif; line-height: 18px; \">Ser&aacute; realizado em Pinhais o 2&ordm; Encontro Regional do PT da Regi&atilde;o Metropolitana, neste s&aacute;bado (17), a partir das 9h30. Os assuntos para a discuss&atilde;o na reuni&atilde;o s&atilde;o: conjuntura, elei&ccedil;&otilde;es 2012 e encaminhamentos.<\/p>\n<div style=\"padding-top: 0px; padding-right: 0px; padding-bottom: 0px; padding-left: 0px; margin-top: 0px; margin-right: 0px; margin-bottom: 0px; margin-left: 0px; \">&nbsp;<\/div>\n<div style=\"padding-top: 0px; padding-right: 0px; padding-bottom: 0px; padding-left: 0px; margin-top: 0px; margin-right: 0px; margin-bottom: 0px; margin-left: 0px; \">O encontro ser&aacute; na sede do PT de Pinhais, localizado na R. Ana Kolser, n&ordm; 187, Vila Maria Antonieta. Outras informa&ccedil;&otilde;es entrar em contato com Natalino Bastos pelo telefone (41) 9974-0272.<\/div>\n<div style=\"padding-top: 0px; padding-right: 0px; padding-bottom: 0px; padding-left: 0px; margin-top: 0px; margin-right: 0px; margin-bottom: 0px; margin-left: 0px; \">&nbsp;<\/div>\n<div style=\"padding-top: 0px; padding-right: 0px; padding-bottom: 0px; padding-left: 0px; margin-top: 0px; margin-right: 0px; margin-bottom: 0px; margin-left: 0px; \">Programa&ccedil;&atilde;o<\/div>\n<div style=\"padding-top: 0px; padding-right: 0px; padding-bottom: 0px; padding-left: 0px; margin-top: 0px; margin-right: 0px; margin-bottom: 0px; margin-left: 0px; \">08:30 &nbsp;caf&eacute; da manh&atilde;<\/div>\n<div style=\"padding-top: 0px; padding-right: 0px; padding-bottom: 0px; padding-left: 0px; margin-top: 0px; margin-right: 0px; margin-bottom: 0px; margin-left: 0px; \">09:30 An&aacute;lise de conjuntura<\/div>\n<div style=\"padding-top: 0px; padding-right: 0px; padding-bottom: 0px; padding-left: 0px; margin-top: 0px; margin-right: 0px; margin-bottom: 0px; margin-left: 0px; \">10:30 Elei&ccedil;&otilde;es<\/div>\n<div style=\"padding-top: 0px; padding-right: 0px; padding-bottom: 0px; padding-left: 0px; margin-top: 0px; margin-right: 0px; margin-bottom: 0px; margin-left: 0px; \">12:00 Encaminhamentos<\/p>\n<p>Fonte: PT PR<\/p><\/div>\n<p><\/span><\/p>\n","protected":false},"excerpt":{"rendered":"<p>Ser\u00e1 realizado em Pinhais o 2\u00ba Encontro Regional do PT da Regi\u00e3o Metropolitana, neste s\u00e1bado (17), a partir das 9h30. Os assuntos para a discuss\u00e3o na reuni\u00e3o s\u00e3o: conjuntura, elei\u00e7\u00f5es 2012 e encaminhamentos.<\/p>\n<p>O encontro ser\u00e1 na sede do PT de Pinhais, localizado na R. Ana Kolser, n\u00ba 187, Vila Maria Antonieta. Outras informa\u00e7\u00f5es entrar em contato com Natalino Bastos pelo telefone (41) 9974-0272.<\/p>\n","protected":false},"author":1,"featured_media":28285,"comment_status":"open","ping_status":"open","sticky":false,"template":"","format":"standard","meta":{"footnotes":""},"categories":[1],"tags":[6747],"class_list":["post-28286","post","type-post","status-publish","format-standard","has-post-thumbnail","hentry","category-noticias-zeca-dirceu","tag-encontro-regional-pt"],"_links":{"self":[{"href":"https:\/\/teste.bsb.br\/zeca\/wp-json\/wp\/v2\/posts\/28286","targetHints":{"allow":["GET"]}}],"collection":[{"href":"https:\/\/teste.bsb.br\/zeca\/wp-json\/wp\/v2\/posts"}],"about":[{"href":"https:\/\/teste.bsb.br\/zeca\/wp-json\/wp\/v2\/types\/post"}],"author":[{"embeddable":true,"href":"https:\/\/teste.bsb.br\/zeca\/wp-json\/wp\/v2\/users\/1"}],"replies":[{"embeddable":true,"href":"https:\/\/teste.bsb.br\/zeca\/wp-json\/wp\/v2\/comments?post=28286"}],"version-history":[{"count":0,"href":"https:\/\/teste.bsb.br\/zeca\/wp-json\/wp\/v2\/posts\/28286\/revisions"}],"wp:featuredmedia":[{"embeddable":true,"href":"https:\/\/teste.bsb.br\/zeca\/wp-json\/wp\/v2\/media\/28285"}],"wp:attachment":[{"href":"https:\/\/teste.bsb.br\/zeca\/wp-json\/wp\/v2\/media?parent=28286"}],"wp:term":[{"taxonomy":"category","embeddable":true,"href":"https:\/\/teste.bsb.br\/zeca\/wp-json\/wp\/v2\/categories?post=28286"},{"taxonomy":"post_tag","embeddable":true,"href":"https:\/\/teste.bsb.br\/zeca\/wp-json\/wp\/v2\/tags?post=28286"}],"curies":[{"name":"wp","href":"https:\/\/api.w.org\/{rel}","templated":true}]}}