{"id":28284,"date":"2011-09-16T00:00:00","date_gmt":"2011-09-16T03:00:00","guid":{"rendered":"https:\/\/www.zecadirceu.com.br\/dilma-abrira-assembleia-geral-da-onu-nos-eua\/"},"modified":"2011-09-16T00:00:00","modified_gmt":"2011-09-16T03:00:00","slug":"dilma-abrira-assembleia-geral-da-onu-nos-eua","status":"publish","type":"post","link":"https:\/\/teste.bsb.br\/zeca\/dilma-abrira-assembleia-geral-da-onu-nos-eua\/","title":{"rendered":"Dilma abrir\u00e1 Assembleia Geral da ONU nos EUA"},"content":{"rendered":"<p>&nbsp;<span class=\"Apple-style-span\" style=\"color: rgb(51, 51, 51); font-family: Georgia, 'Times New Roman', Times, serif; font-size: 13px; line-height: 15px; \"><span class=\"Apple-style-span\" style=\"line-height: 21px; \">A Assembleia Geral da Organiza&ccedil;&atilde;o das Na&ccedil;&otilde;es Unidas (ONU), considerado o principal evento internacional do ano para diplomatas, ter&aacute; as palavras da presidente do Brasil Dilma Rouseff (PT) como discurso de abertura. Dilma ser&aacute; a primeira mulher a discursar na abertura de uma assembleia da ONU.<\/span><\/p>\n<p style=\"margin-top: 0.835em; margin-right: 0px; margin-bottom: 0.835em; margin-left: 0px; padding-top: 0px; padding-right: 0px; padding-bottom: 0px; padding-left: 0px; line-height: 21px; \">Um dia antes da Assembleia, dia 20, Dilma se re&uacute;ne com o presidente dos Estados Unidos Barack Obama. De acordo com assessores, ser&aacute; a continuidade das conversas que eles iniciaram em mar&ccedil;o, em Bras&iacute;lia. Em seguida, a presidente participa da reuni&atilde;o denominada Governo Aberto &ndash; que engloba 60 pa&iacute;ses dispostos a adotar medidas transparentes e de apoio conjunto &ndash; e ser&aacute; comandada por Obama. A pr&oacute;xima reuni&atilde;o do grupo deve ser no Brasil, em 2012.<\/p>\n<p>Fonte:&nbsp;<a href=\"http:\/\/www.fabiocampana.com.br\/\">http:\/\/www.fabiocampana.com.br<\/a><\/p>\n<p><\/span><\/p>\n","protected":false},"excerpt":{"rendered":"<p>A Assembleia Geral da Organiza\u00e7\u00e3o das Na\u00e7\u00f5es Unidas (ONU), considerado o principal evento internacional do ano para diplomatas, ter\u00e1 as palavras da presidente do Brasil Dilma Rouseff (PT) como discurso de abertura. Dilma ser\u00e1 a primeira mulher a discursar na abertura de uma assembleia da ONU.<\/p>\n","protected":false},"author":1,"featured_media":28283,"comment_status":"open","ping_status":"open","sticky":false,"template":"","format":"standard","meta":{"footnotes":""},"categories":[1],"tags":[6717],"class_list":["post-28284","post","type-post","status-publish","format-standard","has-post-thumbnail","hentry","category-noticias-zeca-dirceu","tag-dilma-onu"],"_links":{"self":[{"href":"https:\/\/teste.bsb.br\/zeca\/wp-json\/wp\/v2\/posts\/28284","targetHints":{"allow":["GET"]}}],"collection":[{"href":"https:\/\/teste.bsb.br\/zeca\/wp-json\/wp\/v2\/posts"}],"about":[{"href":"https:\/\/teste.bsb.br\/zeca\/wp-json\/wp\/v2\/types\/post"}],"author":[{"embeddable":true,"href":"https:\/\/teste.bsb.br\/zeca\/wp-json\/wp\/v2\/users\/1"}],"replies":[{"embeddable":true,"href":"https:\/\/teste.bsb.br\/zeca\/wp-json\/wp\/v2\/comments?post=28284"}],"version-history":[{"count":0,"href":"https:\/\/teste.bsb.br\/zeca\/wp-json\/wp\/v2\/posts\/28284\/revisions"}],"wp:featuredmedia":[{"embeddable":true,"href":"https:\/\/teste.bsb.br\/zeca\/wp-json\/wp\/v2\/media\/28283"}],"wp:attachment":[{"href":"https:\/\/teste.bsb.br\/zeca\/wp-json\/wp\/v2\/media?parent=28284"}],"wp:term":[{"taxonomy":"category","embeddable":true,"href":"https:\/\/teste.bsb.br\/zeca\/wp-json\/wp\/v2\/categories?post=28284"},{"taxonomy":"post_tag","embeddable":true,"href":"https:\/\/teste.bsb.br\/zeca\/wp-json\/wp\/v2\/tags?post=28284"}],"curies":[{"name":"wp","href":"https:\/\/api.w.org\/{rel}","templated":true}]}}