{"id":28280,"date":"2011-09-16T00:00:00","date_gmt":"2011-09-16T03:00:00","guid":{"rendered":"https:\/\/www.zecadirceu.com.br\/samek-transferiu-o-titulo-para-foz-do-iguacu\/"},"modified":"2011-09-16T00:00:00","modified_gmt":"2011-09-16T03:00:00","slug":"samek-transferiu-o-titulo-para-foz-do-iguacu","status":"publish","type":"post","link":"https:\/\/teste.bsb.br\/zeca\/samek-transferiu-o-titulo-para-foz-do-iguacu\/","title":{"rendered":"Samek transferiu o t\u00edtulo para Foz do Igua\u00e7u"},"content":{"rendered":"<p><span class=\"Apple-style-span\" style=\"color: rgb(51, 51, 51); font-family: Georgia, 'Times New Roman', Times, serif; font-size: 13px; line-height: 15px; \"><\/p>\n<p style=\"margin-top: 0.835em; margin-right: 0px; margin-bottom: 0.835em; margin-left: 0px; padding-top: 0px; padding-right: 0px; padding-bottom: 0px; padding-left: 0px; line-height: 21px; \">Se encaminha o quadro sucess&oacute;rio em Foz do Igua&ccedil;u. Jorge Samek (PT) acaba de transferir seu domic&iacute;lio eleitoral de Curitiba para Foz. &Eacute; bem prov&aacute;vel que Samek lidere uma frente ampla que vai incluir todos os partidos da base de apoio da presidente Dilma Roussef, a ver: PT, PDT, PCdoB, PSC, PV, PTB, PMDB.<\/p>\n<p style=\"margin-top: 0.835em; margin-right: 0px; margin-bottom: 0.835em; margin-left: 0px; padding-top: 0px; padding-right: 0px; padding-bottom: 0px; padding-left: 0px; line-height: 21px; \">A exce&ccedil;&atilde;o deve ser o PSB que deve indicar o deputado Reni Pereira e espera contar com apoio do PSDB, DEM e PPS.<\/p>\n<p>Fonte: www.fabiocampana.com.br<\/p>\n<p><\/span><\/p>\n","protected":false},"excerpt":{"rendered":"<p>Se encaminha o quadro sucess\u00f3rio em Foz do Igua\u00e7u. Jorge Samek (PT) acaba de transferir seu domic\u00edlio eleitoral de Curitiba para Foz. \u00c9 bem prov\u00e1vel que Samek lidere uma frente ampla que vai incluir todos os partidos da base de apoio da presidente Dilma Roussef, a ver: PT, PDT, PCdoB, PSC, PV, PTB, PMDB.<\/p>\n","protected":false},"author":1,"featured_media":28279,"comment_status":"open","ping_status":"open","sticky":false,"template":"","format":"standard","meta":{"footnotes":""},"categories":[1],"tags":[6745],"class_list":["post-28280","post","type-post","status-publish","format-standard","has-post-thumbnail","hentry","category-noticias-zeca-dirceu","tag-samek-foz-do-iguacu"],"_links":{"self":[{"href":"https:\/\/teste.bsb.br\/zeca\/wp-json\/wp\/v2\/posts\/28280","targetHints":{"allow":["GET"]}}],"collection":[{"href":"https:\/\/teste.bsb.br\/zeca\/wp-json\/wp\/v2\/posts"}],"about":[{"href":"https:\/\/teste.bsb.br\/zeca\/wp-json\/wp\/v2\/types\/post"}],"author":[{"embeddable":true,"href":"https:\/\/teste.bsb.br\/zeca\/wp-json\/wp\/v2\/users\/1"}],"replies":[{"embeddable":true,"href":"https:\/\/teste.bsb.br\/zeca\/wp-json\/wp\/v2\/comments?post=28280"}],"version-history":[{"count":0,"href":"https:\/\/teste.bsb.br\/zeca\/wp-json\/wp\/v2\/posts\/28280\/revisions"}],"wp:featuredmedia":[{"embeddable":true,"href":"https:\/\/teste.bsb.br\/zeca\/wp-json\/wp\/v2\/media\/28279"}],"wp:attachment":[{"href":"https:\/\/teste.bsb.br\/zeca\/wp-json\/wp\/v2\/media?parent=28280"}],"wp:term":[{"taxonomy":"category","embeddable":true,"href":"https:\/\/teste.bsb.br\/zeca\/wp-json\/wp\/v2\/categories?post=28280"},{"taxonomy":"post_tag","embeddable":true,"href":"https:\/\/teste.bsb.br\/zeca\/wp-json\/wp\/v2\/tags?post=28280"}],"curies":[{"name":"wp","href":"https:\/\/api.w.org\/{rel}","templated":true}]}}