{"id":28278,"date":"2011-09-16T00:00:00","date_gmt":"2011-09-16T03:00:00","guid":{"rendered":"https:\/\/www.zecadirceu.com.br\/pt-de-cafezal-do-sul-elege-nova-comissao-provisoria\/"},"modified":"2011-09-16T00:00:00","modified_gmt":"2011-09-16T03:00:00","slug":"pt-de-cafezal-do-sul-elege-nova-comissao-provisoria","status":"publish","type":"post","link":"https:\/\/teste.bsb.br\/zeca\/pt-de-cafezal-do-sul-elege-nova-comissao-provisoria\/","title":{"rendered":"PT de Cafezal do Sul elege nova Comiss\u00e3o Provis\u00f3ria"},"content":{"rendered":"<p>&nbsp;Os filiados ao Partido dos Trabalhadores do munic&iacute;pio de Cafezal do Sul decidiram nesta semana a composi&ccedil;&atilde;o nova Comiss&atilde;o Provis&oacute;ria da sigla. Em reuni&atilde;o realizada na casa do vereador Agnaldo Sena, os petistas escolheram Marina de Sene da Silva Zupiroli para a Presid&ecirc;ncia, Fabiana Oliveira para a Secretaria de Organiza&ccedil;&atilde;o e Everaldo Zupiroli para a Tesouraria. Edson J&uacute;nior de Oliveira e Jo&atilde;o Ant&ocirc;nio Marim completam a nova Comiss&atilde;o Provis&oacute;ria.Cleverson Alvarenga, coordenador regional, foi meu representante, no munic&iacute;pio.<\/p>\n<div style=\"font-family: arial, sans-serif; \"><font face=\"verdana,sans-serif\"><br \/>\nFico feliz em ver que o nosso partido est&aacute; crescendo e se estruturando cada vez mais, para garantir um grande desempenho nas elei&ccedil;&otilde;es de 2012 em todo o Paran&aacute;. Tenho certeza que os esfor&ccedil;os de todas as nossas lideran&ccedil;as vai fazer com que o PT eleja pelo menos 50 prefeitos, sendo tr&ecirc;s deles em grandes cidades. E a organiza&ccedil;&atilde;o do PT em Cafezal do Sul &eacute; importante para chegarmos neste resultado, portanto parabenizo todos os companheiros que est&atilde;o empenhados em garantir os avan&ccedil;os que o Brasil e o Paran&aacute; est&atilde;o tendo com a administra&ccedil;&atilde;o do PT.<\/font><\/div>\n","protected":false},"excerpt":{"rendered":"<p>Os filiados ao Partido dos Trabalhadores do munic\u00edpio de Cafezal do Sul decidiram nesta semana a composi\u00e7\u00e3o nova Comiss\u00e3o Provis\u00f3ria da sigla. Em reuni\u00e3o realizada na casa do vereador Agnaldo Sena, os petistas escolheram Marina de Sene da Silva Zupiroli para a Presid\u00eancia, Fabiana Oliveira para a Secretaria de Organiza\u00e7\u00e3o e Everaldo Zupiroli para a Tesouraria. Edson J\u00fanior de Oliveira e Jo\u00e3o Ant\u00f4nio Marim completam a nova Comiss\u00e3o Provis\u00f3ria. Cleverson Alvarenga, coordenador regional, foi meu representante, no munic\u00edpio.<\/p>\n","protected":false},"author":1,"featured_media":28277,"comment_status":"open","ping_status":"open","sticky":false,"template":"","format":"standard","meta":{"footnotes":""},"categories":[1],"tags":[6744],"class_list":["post-28278","post","type-post","status-publish","format-standard","has-post-thumbnail","hentry","category-noticias-zeca-dirceu","tag-cafezal-do-sul-pt"],"_links":{"self":[{"href":"https:\/\/teste.bsb.br\/zeca\/wp-json\/wp\/v2\/posts\/28278","targetHints":{"allow":["GET"]}}],"collection":[{"href":"https:\/\/teste.bsb.br\/zeca\/wp-json\/wp\/v2\/posts"}],"about":[{"href":"https:\/\/teste.bsb.br\/zeca\/wp-json\/wp\/v2\/types\/post"}],"author":[{"embeddable":true,"href":"https:\/\/teste.bsb.br\/zeca\/wp-json\/wp\/v2\/users\/1"}],"replies":[{"embeddable":true,"href":"https:\/\/teste.bsb.br\/zeca\/wp-json\/wp\/v2\/comments?post=28278"}],"version-history":[{"count":0,"href":"https:\/\/teste.bsb.br\/zeca\/wp-json\/wp\/v2\/posts\/28278\/revisions"}],"wp:featuredmedia":[{"embeddable":true,"href":"https:\/\/teste.bsb.br\/zeca\/wp-json\/wp\/v2\/media\/28277"}],"wp:attachment":[{"href":"https:\/\/teste.bsb.br\/zeca\/wp-json\/wp\/v2\/media?parent=28278"}],"wp:term":[{"taxonomy":"category","embeddable":true,"href":"https:\/\/teste.bsb.br\/zeca\/wp-json\/wp\/v2\/categories?post=28278"},{"taxonomy":"post_tag","embeddable":true,"href":"https:\/\/teste.bsb.br\/zeca\/wp-json\/wp\/v2\/tags?post=28278"}],"curies":[{"name":"wp","href":"https:\/\/api.w.org\/{rel}","templated":true}]}}