{"id":28254,"date":"2011-09-19T00:00:00","date_gmt":"2011-09-19T03:00:00","guid":{"rendered":"https:\/\/www.zecadirceu.com.br\/brasil-e-estados-unidos-lancam-parceria-pela-transparencia\/"},"modified":"2011-09-19T00:00:00","modified_gmt":"2011-09-19T03:00:00","slug":"brasil-e-estados-unidos-lancam-parceria-pela-transparencia","status":"publish","type":"post","link":"https:\/\/teste.bsb.br\/zeca\/brasil-e-estados-unidos-lancam-parceria-pela-transparencia\/","title":{"rendered":"Brasil e Estados Unidos lan\u00e7am parceria pela transpar\u00eancia"},"content":{"rendered":"<p>&nbsp;<span class=\"Apple-style-span\" style=\"font-size: 10px; \"><span class=\"Apple-style-span\" style=\"color: rgb(40, 49, 48); font-family: Arial, Helvetica, sans-serif; font-size: 13px; line-height: 17px; \">Os presidentes do Brasil, Dilma Rousseff, e dos Estados Unidos, Barack Obama, lan&ccedil;am nesta ter&ccedil;a-feira (20), em Nova York, a Parceria para Governo Aberto (<em class=\"first-child last-child\" style=\"margin-top: 0px; margin-right: 0px; margin-bottom: 0px; margin-left: 0px; padding-top: 0px; padding-right: 0px; padding-bottom: 0px; padding-left: 0px; border-top-width: 0px; border-right-width: 0px; border-bottom-width: 0px; border-left-width: 0px; border-style: initial; border-color: initial; outline-width: 0px; outline-style: initial; outline-color: initial; vertical-align: baseline; background-image: initial; background-attachment: initial; background-origin: initial; background-clip: initial; background-color: transparent; background-position: initial initial; background-repeat: initial initial; \">Open Government Partnership<\/em>), uma iniciativa internacional para reunir governos em torno de compromissos concretos na promo&ccedil;&atilde;o da transpar&ecirc;ncia e da democracia. Al&eacute;m da luta contra a corrup&ccedil;&atilde;o, os pa&iacute;ses que aderirem ao programa se comprometer&atilde;o a incentivar a participa&ccedil;&atilde;o social e a desenvolver novas tecnologias que facilitem a abertura de informa&ccedil;&otilde;es e a atua&ccedil;&atilde;o dos cidad&atilde;os.<br \/>\n<\/span><\/p>\n<p style=\"margin-top: 0px; margin-right: 0px; margin-bottom: 0px; margin-left: 0px; padding-top: 0px; padding-right: 0px; padding-bottom: 18px; padding-left: 0px; border-top-width: 0px; border-right-width: 0px; border-bottom-width: 0px; border-left-width: 0px; border-style: initial; border-color: initial; outline-width: 0px; outline-style: initial; outline-color: initial; vertical-align: baseline; background-image: initial; background-attachment: initial; background-origin: initial; background-clip: initial; background-color: transparent; font: normal normal normal 1.3em\/normal Arial, Helvetica, sans-serif; color: rgb(40, 49, 48); line-height: 17px; background-position: initial initial; background-repeat: initial initial; \">\nNo evento, os chefes de Estado, que est&atilde;o nos Estados Unidos para participar da 66&ordf; sess&atilde;o da Assembl&eacute;ia Geral da Organiza&ccedil;&atilde;o das Na&ccedil;&otilde;es Unidas (ONU), lan&ccedil;am uma Declara&ccedil;&atilde;o de Princ&iacute;pios e apresentar&atilde;o os planos de a&ccedil;&atilde;o nacionais, feitos conforme a realidade, o sistema jur&iacute;dico e interesses de seus povos. Os compromissos poder&atilde;o ter enfoque nacional, federal, regional ou local e poder&atilde;o complementar pol&iacute;ticas existentes ou dar in&iacute;cio a novos projetos. O plano brasileiro foi institu&iacute;do por decreto, publicado no&nbsp;<a class=\"external-link first-child last-child\" href=\"http:\/\/www.in.gov.br\/visualiza\/index.jsp?data=16\/09\/2011&amp;jornal=1&amp;pagina=8&amp;totalArquivos=208\" target=\"_blank\" style=\"margin-top: 0px; margin-right: 0px; margin-bottom: 0px; margin-left: 0px; padding-top: 0px; padding-right: 12px; padding-bottom: 0px; padding-left: 0px; border-top-width: 0px; border-right-width: 0px; border-bottom-width: 0px; border-left-width: 0px; border-style: initial; border-color: initial; outline-width: 0px; outline-style: initial; outline-color: initial; vertical-align: baseline; background-image: url(http:\/\/www.secom.gov.br\/portal_css\/Secom\/bg\/linkExterno.gif); background-attachment: initial; background-origin: initial; background-clip: initial; background-color: initial; color: rgb(23, 67, 155); text-decoration: underline; background-position: 100% 50%; background-repeat: no-repeat no-repeat; \">Di&aacute;rio Oficial<\/a>&nbsp;de sexta-feira (16).&nbsp;<\/p>\n<p style=\"margin-top: 0px; margin-right: 0px; margin-bottom: 0px; margin-left: 0px; padding-top: 0px; padding-right: 0px; padding-bottom: 18px; padding-left: 0px; border-top-width: 0px; border-right-width: 0px; border-bottom-width: 0px; border-left-width: 0px; border-style: initial; border-color: initial; outline-width: 0px; outline-style: initial; outline-color: initial; vertical-align: baseline; background-image: initial; background-attachment: initial; background-origin: initial; background-clip: initial; background-color: transparent; font: normal normal normal 1.3em\/normal Arial, Helvetica, sans-serif; color: rgb(40, 49, 48); line-height: 17px; background-position: initial initial; background-repeat: initial initial; \">Esses pa&iacute;ses afirmar&atilde;o o interesse em adotar essas medidas concretas para avan&ccedil;ar na abertura aos seus cidad&atilde;os e concordar&atilde;o em se submeter a um mecanismo independente de avalia&ccedil;&atilde;o.&nbsp;<\/p>\n<p style=\"margin-top: 0px; margin-right: 0px; margin-bottom: 0px; margin-left: 0px; padding-top: 0px; padding-right: 0px; padding-bottom: 18px; padding-left: 0px; border-top-width: 0px; border-right-width: 0px; border-bottom-width: 0px; border-left-width: 0px; border-style: initial; border-color: initial; outline-width: 0px; outline-style: initial; outline-color: initial; vertical-align: baseline; background-image: initial; background-attachment: initial; background-origin: initial; background-clip: initial; background-color: transparent; font: normal normal normal 1.3em\/normal Arial, Helvetica, sans-serif; color: rgb(40, 49, 48); line-height: 17px; background-position: initial initial; background-repeat: initial initial; \"><strong class=\"first-child last-child\" style=\"margin-top: 0px; margin-right: 0px; margin-bottom: 0px; margin-left: 0px; padding-top: 0px; padding-right: 0px; padding-bottom: 0px; padding-left: 0px; border-top-width: 0px; border-right-width: 0px; border-bottom-width: 0px; border-left-width: 0px; border-style: initial; border-color: initial; outline-width: 0px; outline-style: initial; outline-color: initial; vertical-align: baseline; background-image: initial; background-attachment: initial; background-origin: initial; background-clip: initial; background-color: transparent; background-position: initial initial; background-repeat: initial initial; \">Reuni&atilde;o inicial &ndash;&nbsp;<\/strong>A partir da declara&ccedil;&atilde;o do Presidente Obama na Assembl&eacute;ia Geral da ONU de setembro de 2010, lan&ccedil;ando a id&eacute;ia da cria&ccedil;&atilde;o de uma iniciativa global de transpar&ecirc;ncia e abertura governamental, a Casa Branca convidou pa&iacute;ses apontados por um estudo sobre iniciativas contra a corrup&ccedil;&atilde;o e favor&aacute;veis &agrave; participa&ccedil;&atilde;o cidad&atilde; para participar de uma reuni&atilde;o inicial em janeiro de 2011.<\/p>\n<p style=\"margin-top: 0px; margin-right: 0px; margin-bottom: 0px; margin-left: 0px; padding-top: 0px; padding-right: 0px; padding-bottom: 18px; padding-left: 0px; border-top-width: 0px; border-right-width: 0px; border-bottom-width: 0px; border-left-width: 0px; border-style: initial; border-color: initial; outline-width: 0px; outline-style: initial; outline-color: initial; vertical-align: baseline; background-image: initial; background-attachment: initial; background-origin: initial; background-clip: initial; background-color: transparent; font: normal normal normal 1.3em\/normal Arial, Helvetica, sans-serif; color: rgb(40, 49, 48); line-height: 17px; background-position: initial initial; background-repeat: initial initial; \">O Brasil compareceu, junto com mais sete pa&iacute;ses (&Aacute;frica do Sul, M&eacute;xico, Noruega, Reino Unido, Filipinas, Indon&eacute;sia e &Iacute;ndia) e nove organiza&ccedil;&otilde;es da sociedade civil (<em class=\"first-child\" style=\"margin-top: 0px; margin-right: 0px; margin-bottom: 0px; margin-left: 0px; padding-top: 0px; padding-right: 0px; padding-bottom: 0px; padding-left: 0px; border-top-width: 0px; border-right-width: 0px; border-bottom-width: 0px; border-left-width: 0px; border-style: initial; border-color: initial; outline-width: 0px; outline-style: initial; outline-color: initial; vertical-align: baseline; background-image: initial; background-attachment: initial; background-origin: initial; background-clip: initial; background-color: transparent; background-position: initial initial; background-repeat: initial initial; \">MKKS, Twaweza, International Budget Partnership<\/em>, Instituto de Estudos Socioecon&ocirc;micos,&nbsp;<em class=\"last-child\" style=\"margin-top: 0px; margin-right: 0px; margin-bottom: 0px; margin-left: 0px; padding-top: 0px; padding-right: 0px; padding-bottom: 0px; padding-left: 0px; border-top-width: 0px; border-right-width: 0px; border-bottom-width: 0px; border-left-width: 0px; border-style: initial; border-color: initial; outline-width: 0px; outline-style: initial; outline-color: initial; vertical-align: baseline; background-image: initial; background-attachment: initial; background-origin: initial; background-clip: initial; background-color: transparent; background-position: initial initial; background-repeat: initial initial; \">Africa Center for Open Governance, Instituto Mexicano para la Competitividad, National Security Archives, Revenue Watch Institute e Transparency and Accountability Initiative<\/em>).&nbsp;<\/p>\n<p style=\"margin-top: 0px; margin-right: 0px; margin-bottom: 0px; margin-left: 0px; padding-top: 0px; padding-right: 0px; padding-bottom: 18px; padding-left: 0px; border-top-width: 0px; border-right-width: 0px; border-bottom-width: 0px; border-left-width: 0px; border-style: initial; border-color: initial; outline-width: 0px; outline-style: initial; outline-color: initial; vertical-align: baseline; background-image: initial; background-attachment: initial; background-origin: initial; background-clip: initial; background-color: transparent; font: normal normal normal 1.3em\/normal Arial, Helvetica, sans-serif; color: rgb(40, 49, 48); line-height: 17px; background-position: initial initial; background-repeat: initial initial; \">Ao final da reuni&atilde;o, que havia sido planejada para a livre troca de id&eacute;ias, ficou decidido que esse grupo inicial de pa&iacute;ses e organiza&ccedil;&otilde;es da sociedade civil formaria o n&uacute;cleo da iniciativa, o seu&nbsp;<em class=\"first-child last-child\" style=\"margin-top: 0px; margin-right: 0px; margin-bottom: 0px; margin-left: 0px; padding-top: 0px; padding-right: 0px; padding-bottom: 0px; padding-left: 0px; border-top-width: 0px; border-right-width: 0px; border-bottom-width: 0px; border-left-width: 0px; border-style: initial; border-color: initial; outline-width: 0px; outline-style: initial; outline-color: initial; vertical-align: baseline; background-image: initial; background-attachment: initial; background-origin: initial; background-clip: initial; background-color: transparent; background-position: initial initial; background-repeat: initial initial; \">Steering Committee<\/em>&nbsp;(Comit&ecirc; Diretor). O grupo decidiu ainda que EUA e Brasil fossem os co-presidentes dessa parceria internacional para o bi&ecirc;nio de 2011-2012. &nbsp;<\/p>\n<p style=\"margin-top: 0px; margin-right: 0px; margin-bottom: 0px; margin-left: 0px; padding-top: 0px; padding-right: 0px; padding-bottom: 18px; padding-left: 0px; border-top-width: 0px; border-right-width: 0px; border-bottom-width: 0px; border-left-width: 0px; border-style: initial; border-color: initial; outline-width: 0px; outline-style: initial; outline-color: initial; vertical-align: baseline; background-image: initial; background-attachment: initial; background-origin: initial; background-clip: initial; background-color: transparent; font: normal normal normal 1.3em\/normal Arial, Helvetica, sans-serif; color: rgb(40, 49, 48); line-height: 17px; background-position: initial initial; background-repeat: initial initial; \"><strong class=\"first-child last-child\" style=\"margin-top: 0px; margin-right: 0px; margin-bottom: 0px; margin-left: 0px; padding-top: 0px; padding-right: 0px; padding-bottom: 0px; padding-left: 0px; border-top-width: 0px; border-right-width: 0px; border-bottom-width: 0px; border-left-width: 0px; border-style: initial; border-color: initial; outline-width: 0px; outline-style: initial; outline-color: initial; vertical-align: baseline; background-image: initial; background-attachment: initial; background-origin: initial; background-clip: initial; background-color: transparent; background-position: initial initial; background-repeat: initial initial; \">Participantes &ndash;&nbsp;<\/strong>Foram convidados os chefes de Estado dos oito pa&iacute;ses iniciais e foram feitos convites a Chefes de Estado\/Governo de pa&iacute;ses que tenham indicado, por carta, sua inten&ccedil;&atilde;o de aderir ao OGP. At&eacute; 8 de setembro, havia dezesseis ades&otilde;es confirmadas (Bulg&aacute;ria, Cro&aacute;cia, Est&ocirc;nia, Ge&oacute;rgia, Israel, It&aacute;lia, Qu&ecirc;nia, Litu&acirc;nia, Guatemala, Honduras, Alb&acirc;nia, Maced&ocirc;nia, Malta, Moldova, Eslov&aacute;quia e Mong&oacute;lia) e mais de vinte sinaliza&ccedil;&otilde;es positivas (incluindo, dentre outros, Chile, Peru, Canad&aacute;, Alemanha, Uganda e Portugal).&nbsp;<\/p>\n<p style=\"margin-top: 0px; margin-right: 0px; margin-bottom: 0px; margin-left: 0px; padding-top: 0px; padding-right: 0px; padding-bottom: 18px; padding-left: 0px; border-top-width: 0px; border-right-width: 0px; border-bottom-width: 0px; border-left-width: 0px; border-style: initial; border-color: initial; outline-width: 0px; outline-style: initial; outline-color: initial; vertical-align: baseline; background-image: initial; background-attachment: initial; background-origin: initial; background-clip: initial; background-color: transparent; font: normal normal normal 1.3em\/normal Arial, Helvetica, sans-serif; color: rgb(40, 49, 48); line-height: 17px; background-position: initial initial; background-repeat: initial initial; \"><strong class=\"first-child last-child\" style=\"margin-top: 0px; margin-right: 0px; margin-bottom: 0px; margin-left: 0px; padding-top: 0px; padding-right: 0px; padding-bottom: 0px; padding-left: 0px; border-top-width: 0px; border-right-width: 0px; border-bottom-width: 0px; border-left-width: 0px; border-style: initial; border-color: initial; outline-width: 0px; outline-style: initial; outline-color: initial; vertical-align: baseline; background-image: initial; background-attachment: initial; background-origin: initial; background-clip: initial; background-color: transparent; background-position: initial initial; background-repeat: initial initial; \">Segunda reuni&atilde;o &ndash;<\/strong>&nbsp;A segunda reuni&atilde;o da Parceria para Governo Aberto ser&aacute; realizada no Brasil, no in&iacute;cio de 2012, com a participa&ccedil;&atilde;o de ministros. A organiza&ccedil;&atilde;o do evento est&aacute; a cargo da Controladoria-Geral da Uni&atilde;o (CGU).<\/p>\n<p>Fonte: Secom<\/p>\n<p><\/span><\/p>\n","protected":false},"excerpt":{"rendered":"<p>Os presidentes do Brasil, Dilma Rousseff, e dos Estados Unidos, Barack Obama, lan\u00e7am nesta ter\u00e7a-feira (20), em Nova York, a Parceria para Governo Aberto (Open Government Partnership), uma iniciativa internacional para reunir governos em torno de compromissos concretos na promo\u00e7\u00e3o da transpar\u00eancia e da democracia. Al\u00e9m da luta contra a corrup\u00e7\u00e3o, os pa\u00edses que aderirem ao programa se comprometer\u00e3o a incentivar a participa\u00e7\u00e3o social e a desenvolver novas tecnologias que facilitem a abertura de informa\u00e7\u00f5es e a atua\u00e7\u00e3o dos cidad\u00e3os.<\/p>\n","protected":false},"author":1,"featured_media":28253,"comment_status":"open","ping_status":"open","sticky":false,"template":"","format":"standard","meta":{"footnotes":""},"categories":[1],"tags":[6735],"class_list":["post-28254","post","type-post","status-publish","format-standard","has-post-thumbnail","hentry","category-noticias-zeca-dirceu","tag-brasil-usa-transparencia"],"_links":{"self":[{"href":"https:\/\/teste.bsb.br\/zeca\/wp-json\/wp\/v2\/posts\/28254","targetHints":{"allow":["GET"]}}],"collection":[{"href":"https:\/\/teste.bsb.br\/zeca\/wp-json\/wp\/v2\/posts"}],"about":[{"href":"https:\/\/teste.bsb.br\/zeca\/wp-json\/wp\/v2\/types\/post"}],"author":[{"embeddable":true,"href":"https:\/\/teste.bsb.br\/zeca\/wp-json\/wp\/v2\/users\/1"}],"replies":[{"embeddable":true,"href":"https:\/\/teste.bsb.br\/zeca\/wp-json\/wp\/v2\/comments?post=28254"}],"version-history":[{"count":0,"href":"https:\/\/teste.bsb.br\/zeca\/wp-json\/wp\/v2\/posts\/28254\/revisions"}],"wp:featuredmedia":[{"embeddable":true,"href":"https:\/\/teste.bsb.br\/zeca\/wp-json\/wp\/v2\/media\/28253"}],"wp:attachment":[{"href":"https:\/\/teste.bsb.br\/zeca\/wp-json\/wp\/v2\/media?parent=28254"}],"wp:term":[{"taxonomy":"category","embeddable":true,"href":"https:\/\/teste.bsb.br\/zeca\/wp-json\/wp\/v2\/categories?post=28254"},{"taxonomy":"post_tag","embeddable":true,"href":"https:\/\/teste.bsb.br\/zeca\/wp-json\/wp\/v2\/tags?post=28254"}],"curies":[{"name":"wp","href":"https:\/\/api.w.org\/{rel}","templated":true}]}}