{"id":28252,"date":"2011-09-19T00:00:00","date_gmt":"2011-09-19T03:00:00","guid":{"rendered":"https:\/\/www.zecadirceu.com.br\/blogueiros-organizam-encontro-internacional-em-outubro-no-brasil\/"},"modified":"2011-09-19T00:00:00","modified_gmt":"2011-09-19T03:00:00","slug":"blogueiros-organizam-encontro-internacional-em-outubro-no-brasil","status":"publish","type":"post","link":"https:\/\/teste.bsb.br\/zeca\/blogueiros-organizam-encontro-internacional-em-outubro-no-brasil\/","title":{"rendered":"Blogueiros organizam encontro internacional em outubro no Brasil"},"content":{"rendered":"<p>&nbsp;Est&aacute; confirmado o 1&ordm; Encontro Internacional de Blogueiros, de 28 a 30 de outubro, em Foz do Igua&ccedil;u. O evento vai discutir &ldquo;O papel da globosfera na constru&ccedil;&atilde;o da democracia&rdquo;. S&atilde;o esperados internautas dos Estados Unidos, Europa, &Aacute;sia, &Aacute;frica e Am&eacute;rica Latina.<\/p>\n<p class=\"MsoNormal\"><o:p><\/o:p><\/p>\n<p class=\"MsoNormal\">Entre os convidados internacionais est&atilde;o o franc&ecirc;s Ign&aacute;cio Ramonet, criador do jornal Le Monde Diplomatique; o espanhol Manuel Castells, autor de diversos livros sobre a cultura digital; a norte-americana Amy Gooldmann, respons&aacute;vel pela rede &quot;Democracy Now&quot;; o espanhol Pascual Serrano, blogueiro e fundador do s&iacute;tio Rebelion; o blogueiro cubano Iroel Sanches; o coordenador da campanha de Ollanta Humala (Peru), Elvis Moris; o argentino Pedro Bringler, blogueiro e diretor da TV P&uacute;blica da Argentina.<o:p><\/o:p><\/p>\n<p class=\"MsoNormal\">H&aacute; grande expectativa mundial sobre o Encontro Internacional de Blogueiros, uma vez que um dos principais convidados internacionais &eacute; o Julian Assange, criador do Wikileaks.<o:p><\/o:p><\/p>\n<p class=\"MsoNormal\">Wikileaks &eacute; uma organiza&ccedil;&atilde;o transnacional sem fins lucrativos que publica em seu site posts de fontes an&ocirc;nimas, documentos, fotos e informa&ccedil;&otilde;es confidenciais, vazadas de governos ou empresas, sobre assuntos sens&iacute;veis. Pela import&acirc;ncia e repercuss&atilde;o que teve no mundo nos &uacute;ltimos meses, o Wikileaks e a forma como os governos e empresas de comunica&ccedil;&atilde;o tratam as informa&ccedil;&otilde;es, devem ser alguns dos principais temas a serem debatidos no Encontro Internacional de Blogueiros.<o:p><\/o:p><\/p>\n<p class=\"MsoNormal\">Sobre o papel da &ldquo;Globosfera no Brasil&rdquo; dever&atilde;o dividir mesa de debate: Paulo Henrique Amorim (Conversa Afiada); Lu&iacute;s Nassif (Blog do Nassif); Hidegard Angel (blogueira carioca); Esmael Morais (blogueiro paranaense).<o:p><\/o:p><\/p>\n<p class=\"MsoNormal\">Nesta semana, o blog oficial do 1&ordm; Encontro Internacional de Blogueiros dever&aacute; entrar no ar com a programa&ccedil;&atilde;o e dicas de hospedagens em Foz do Igua&ccedil;u.<o:p><\/o:p><\/p>\n<p class=\"MsoNormal\"><o:p>&nbsp;<\/o:p><\/p>\n<p class=\"MsoNormal\">Fonte: Blog Participa&ccedil;&atilde;o Social<\/p>\n","protected":false},"excerpt":{"rendered":"<p>Est\u00e1 confirmado o 1\u00ba Encontro Internacional de Blogueiros, de 28 a 30 de outubro, em Foz do Igua\u00e7u. O evento vai discutir \u201cO papel da globosfera na constru\u00e7\u00e3o da democracia\u201d. S\u00e3o esperados internautas dos Estados Unidos, Europa, \u00c1sia, \u00c1frica e Am\u00e9rica Latina.<\/p>\n","protected":false},"author":1,"featured_media":28251,"comment_status":"open","ping_status":"open","sticky":false,"template":"","format":"standard","meta":{"footnotes":""},"categories":[1],"tags":[6734],"class_list":["post-28252","post","type-post","status-publish","format-standard","has-post-thumbnail","hentry","category-noticias-zeca-dirceu","tag-blogueiros-foz-do-iguacu-encontro"],"_links":{"self":[{"href":"https:\/\/teste.bsb.br\/zeca\/wp-json\/wp\/v2\/posts\/28252","targetHints":{"allow":["GET"]}}],"collection":[{"href":"https:\/\/teste.bsb.br\/zeca\/wp-json\/wp\/v2\/posts"}],"about":[{"href":"https:\/\/teste.bsb.br\/zeca\/wp-json\/wp\/v2\/types\/post"}],"author":[{"embeddable":true,"href":"https:\/\/teste.bsb.br\/zeca\/wp-json\/wp\/v2\/users\/1"}],"replies":[{"embeddable":true,"href":"https:\/\/teste.bsb.br\/zeca\/wp-json\/wp\/v2\/comments?post=28252"}],"version-history":[{"count":0,"href":"https:\/\/teste.bsb.br\/zeca\/wp-json\/wp\/v2\/posts\/28252\/revisions"}],"wp:featuredmedia":[{"embeddable":true,"href":"https:\/\/teste.bsb.br\/zeca\/wp-json\/wp\/v2\/media\/28251"}],"wp:attachment":[{"href":"https:\/\/teste.bsb.br\/zeca\/wp-json\/wp\/v2\/media?parent=28252"}],"wp:term":[{"taxonomy":"category","embeddable":true,"href":"https:\/\/teste.bsb.br\/zeca\/wp-json\/wp\/v2\/categories?post=28252"},{"taxonomy":"post_tag","embeddable":true,"href":"https:\/\/teste.bsb.br\/zeca\/wp-json\/wp\/v2\/tags?post=28252"}],"curies":[{"name":"wp","href":"https:\/\/api.w.org\/{rel}","templated":true}]}}