{"id":28246,"date":"2011-09-19T00:00:00","date_gmt":"2011-09-19T03:00:00","guid":{"rendered":"https:\/\/www.zecadirceu.com.br\/loanda-recebe-r-265-mil-para-iniciar-as-obras-da-supercreche\/"},"modified":"2011-09-19T00:00:00","modified_gmt":"2011-09-19T03:00:00","slug":"loanda-recebe-r-265-mil-para-iniciar-as-obras-da-supercreche","status":"publish","type":"post","link":"https:\/\/teste.bsb.br\/zeca\/loanda-recebe-r-265-mil-para-iniciar-as-obras-da-supercreche\/","title":{"rendered":"Loanda recebe R$ 265 mil para iniciar as obras da supercreche"},"content":{"rendered":"<p class=\"MsoNormal\">O munic&iacute;pio de Loanda recebeu nesta segunda-feira, 19, o pagamento da primeira parcela referente &agrave; constru&ccedil;&atilde;o de uma supercreche na cidade. O valor de R$ 265.125,15 representa 40% do total do conv&ecirc;nio com o Fundo Nacional de Desenvolvimento da Educa&ccedil;&atilde;o (FNDE), que &eacute; de R$ 662.812,87. As tratativas foram conduzidas pelo deputado federal Zeca Dirceu (PT-PR), que comemorou o an&uacute;ncio do repasse.<o:p><\/o:p><\/p>\n<p class=\"MsoNormal\">&ldquo;Com investimentos como estes, que o Governo Federal vem fazendo em dezenas de cidades paranaenses, a maior beneficiada &eacute; a popula&ccedil;&atilde;o. &Eacute; bom saber que nossos esfor&ccedil;os de articula&ccedil;&atilde;o pol&iacute;tica est&atilde;o sendo recompensados, e as obras est&atilde;o mudando e melhorando a vida das pessoas&rdquo;, afirmou Zeca Dirceu.<o:p><\/o:p><\/p>\n<p class=\"MsoNormal\">A supercreche de Loanda est&aacute; sendo licitada pela Prefeitura, e segundo o secret&aacute;rio de Administra&ccedil;&atilde;o, Cezar Mattos, as obras devem come&ccedil;ar dentro de 40 dias. Al&eacute;m desta, o munic&iacute;pio tamb&eacute;m est&aacute; construindo, com recursos federais, uma segunda creche que j&aacute; est&aacute; com 60% da obra conclu&iacute;da e deve ser inaugurada ainda neste ano. As duas obras integram o Programa Nacional de Reestrutura&ccedil;&atilde;o e Aquisi&ccedil;&atilde;o de Equipamentos para a Rede Escolar P&uacute;blica de Educa&ccedil;&atilde;o Infantil, mais conhecido como Proinf&acirc;ncia.<o:p><\/o:p><\/p>\n<p class=\"MsoNormal\">De acordo com Cezar Mattos, Loanda ainda tem demanda para uma terceira creche. A proposta para a constru&ccedil;&atilde;o desta unidade est&aacute; cadastrada no Programa de A&ccedil;&atilde;o Articulada (PAR) do FNDE. &ldquo;A expectativa da Prefeitura &eacute; que em 2012, com a conclus&atilde;o das obras das duas creches, o munic&iacute;pio seja autorizado a come&ccedil;ar a obra desta terceira unidade&rdquo;, afirmou Cezar Mattos.<o:p><\/o:p><\/p>\n","protected":false},"excerpt":{"rendered":"<p>O munic\u00edpio de Loanda recebeu nesta segunda-feira, 19, o pagamento da primeira parcela referente \u00e0 constru\u00e7\u00e3o de uma supercreche na cidade. O valor de R$ 265.125,15 representa 40% do total do conv\u00eanio com o Fundo Nacional de Desenvolvimento da Educa\u00e7\u00e3o (FNDE), que \u00e9 de R$ 662.812,87. As tratativas foram conduzidas pelo deputado federal Zeca Dirceu (PT-PR), que comemorou o an\u00fancio do repasse.<\/p>\n","protected":false},"author":1,"featured_media":28245,"comment_status":"open","ping_status":"open","sticky":false,"template":"","format":"standard","meta":{"footnotes":""},"categories":[1],"tags":[6732],"class_list":["post-28246","post","type-post","status-publish","format-standard","has-post-thumbnail","hentry","category-noticias-zeca-dirceu","tag-loanda-super-creche-obras"],"_links":{"self":[{"href":"https:\/\/teste.bsb.br\/zeca\/wp-json\/wp\/v2\/posts\/28246","targetHints":{"allow":["GET"]}}],"collection":[{"href":"https:\/\/teste.bsb.br\/zeca\/wp-json\/wp\/v2\/posts"}],"about":[{"href":"https:\/\/teste.bsb.br\/zeca\/wp-json\/wp\/v2\/types\/post"}],"author":[{"embeddable":true,"href":"https:\/\/teste.bsb.br\/zeca\/wp-json\/wp\/v2\/users\/1"}],"replies":[{"embeddable":true,"href":"https:\/\/teste.bsb.br\/zeca\/wp-json\/wp\/v2\/comments?post=28246"}],"version-history":[{"count":0,"href":"https:\/\/teste.bsb.br\/zeca\/wp-json\/wp\/v2\/posts\/28246\/revisions"}],"wp:featuredmedia":[{"embeddable":true,"href":"https:\/\/teste.bsb.br\/zeca\/wp-json\/wp\/v2\/media\/28245"}],"wp:attachment":[{"href":"https:\/\/teste.bsb.br\/zeca\/wp-json\/wp\/v2\/media?parent=28246"}],"wp:term":[{"taxonomy":"category","embeddable":true,"href":"https:\/\/teste.bsb.br\/zeca\/wp-json\/wp\/v2\/categories?post=28246"},{"taxonomy":"post_tag","embeddable":true,"href":"https:\/\/teste.bsb.br\/zeca\/wp-json\/wp\/v2\/tags?post=28246"}],"curies":[{"name":"wp","href":"https:\/\/api.w.org\/{rel}","templated":true}]}}