{"id":28236,"date":"2011-09-19T00:00:00","date_gmt":"2011-09-19T03:00:00","guid":{"rendered":"https:\/\/www.zecadirceu.com.br\/durante-reuniao-da-onu-mulheres-dilma-diz-que-brasil-luta-contra-a-discriminacao\/"},"modified":"2011-09-19T00:00:00","modified_gmt":"2011-09-19T03:00:00","slug":"durante-reuniao-da-onu-mulheres-dilma-diz-que-brasil-luta-contra-a-discriminacao","status":"publish","type":"post","link":"https:\/\/teste.bsb.br\/zeca\/durante-reuniao-da-onu-mulheres-dilma-diz-que-brasil-luta-contra-a-discriminacao\/","title":{"rendered":"Durante reuni\u00e3o da ONU Mulheres, Dilma diz que Brasil luta contra a discrimina\u00e7\u00e3o"},"content":{"rendered":"<p>&nbsp;Ao participar do Col&oacute;quio de Alto N&iacute;vel sobre Participa&ccedil;&atilde;o Pol&iacute;tica de Mulheres, na tarde desta segunda-feira (19\/9), em Nova York, a presidenta Dilma Rousseff destacou que combater as consequ&ecirc;ncias e as causas da crise financeira internacional &eacute; essencial para o empoderamento das mulheres.<\/p>\n<p class=\"MsoNormal\"><o:p><\/o:p><\/p>\n<p class=\"MsoNormal\">Ela frisou que as mulheres e crian&ccedil;as s&atilde;o as maiores v&iacute;timas das desigualdades sociais, guerras, viol&ecirc;ncia dom&eacute;stica e da precariedade na sa&uacute;de p&uacute;blica, e que um ponto fundamental para a revers&atilde;o desse quadro &eacute; aumentar a participa&ccedil;&atilde;o feminina nas inst&acirc;ncias decis&oacute;rias.<o:p><\/o:p><\/p>\n<p class=\"MsoNormal\">A presidenta lembrou que tem atuado na promo&ccedil;&atilde;o da equidade de g&ecirc;nero e que o n&uacute;cleo central de seu governo &eacute; composto por mulheres &ndash; dez minist&eacute;rios brasileiros s&atilde;o comandados por mulheres. Entretanto, Dilma Rousseff frisou que ainda h&aacute; muito a se fazer no sentido de aumentar a participa&ccedil;&atilde;o feminina nas inst&acirc;ncias de poder; 52% das popula&ccedil;&atilde;o brasileira &eacute; do sexo feminino, mas apenas 10% comp&otilde;em o quadro do Congresso Nacional.<o:p><\/o:p><\/p>\n<p class=\"MsoNormal\">Durante seu discurso, a presidenta elogiou a cria&ccedil;&atilde;o da ONU Mulher e falou sobre a experi&ecirc;ncia brasileira de promo&ccedil;&atilde;o da sa&uacute;de, inclus&atilde;o social, preven&ccedil;&atilde;o e combate &agrave; viol&ecirc;ncia contra a mulher e a luta contra qualquer tipo de discrimina&ccedil;&atilde;o.<o:p><\/o:p><\/p>\n<p class=\"MsoNormal\">&ldquo;A recusa da desigualdade &eacute; plenamente compat&iacute;vel com o respeito &agrave; diferen&ccedil;a. Promover os direitos humanos &eacute; combater a discrimina&ccedil;&atilde;o baseada em g&ecirc;nero, ra&ccedil;a, condi&ccedil;&atilde;o f&iacute;sica, orienta&ccedil;&atilde;o sexual, pensamento diferente e religi&atilde;o. Essas lutas s&atilde;o todas indissoci&aacute;veis&rdquo;.<o:p><\/o:p><\/p>\n<p class=\"MsoNormal\">Dilma Rousseff tamb&eacute;m destacou sua participa&ccedil;&atilde;o, na pr&oacute;xima quarta-feira (21\/9), no discurso de abertura da Assembleia Geral das Na&ccedil;&otilde;es Unidas. &ldquo;Com orgulho o Brasil participa dessa iniciativa (&hellip;). Depois de amanh&atilde;, serei a primeira mulher a abrir o debate geral da Assembleia da ONU e gostaria de compartilhar essa honra com todas as mulheres aqui presentes&rdquo;.<\/p>\n<p class=\"MsoNormal\">Fonte: Blog do Planalto<\/p>\n","protected":false},"excerpt":{"rendered":"<p>Ao participar do Col\u00f3quio de Alto N\u00edvel sobre Participa\u00e7\u00e3o Pol\u00edtica de Mulheres, na tarde desta segunda-feira (19\/9), em Nova York, a presidenta Dilma Rousseff destacou que combater as consequ\u00eancias e as causas da crise financeira internacional \u00e9 essencial para o empoderamento das mulheres.<\/p>\n","protected":false},"author":1,"featured_media":28235,"comment_status":"open","ping_status":"open","sticky":false,"template":"","format":"standard","meta":{"footnotes":""},"categories":[1],"tags":[6729],"class_list":["post-28236","post","type-post","status-publish","format-standard","has-post-thumbnail","hentry","category-noticias-zeca-dirceu","tag-onu-presidenta-dilma"],"_links":{"self":[{"href":"https:\/\/teste.bsb.br\/zeca\/wp-json\/wp\/v2\/posts\/28236","targetHints":{"allow":["GET"]}}],"collection":[{"href":"https:\/\/teste.bsb.br\/zeca\/wp-json\/wp\/v2\/posts"}],"about":[{"href":"https:\/\/teste.bsb.br\/zeca\/wp-json\/wp\/v2\/types\/post"}],"author":[{"embeddable":true,"href":"https:\/\/teste.bsb.br\/zeca\/wp-json\/wp\/v2\/users\/1"}],"replies":[{"embeddable":true,"href":"https:\/\/teste.bsb.br\/zeca\/wp-json\/wp\/v2\/comments?post=28236"}],"version-history":[{"count":0,"href":"https:\/\/teste.bsb.br\/zeca\/wp-json\/wp\/v2\/posts\/28236\/revisions"}],"wp:featuredmedia":[{"embeddable":true,"href":"https:\/\/teste.bsb.br\/zeca\/wp-json\/wp\/v2\/media\/28235"}],"wp:attachment":[{"href":"https:\/\/teste.bsb.br\/zeca\/wp-json\/wp\/v2\/media?parent=28236"}],"wp:term":[{"taxonomy":"category","embeddable":true,"href":"https:\/\/teste.bsb.br\/zeca\/wp-json\/wp\/v2\/categories?post=28236"},{"taxonomy":"post_tag","embeddable":true,"href":"https:\/\/teste.bsb.br\/zeca\/wp-json\/wp\/v2\/tags?post=28236"}],"curies":[{"name":"wp","href":"https:\/\/api.w.org\/{rel}","templated":true}]}}