{"id":28234,"date":"2011-09-19T00:00:00","date_gmt":"2011-09-19T03:00:00","guid":{"rendered":"https:\/\/www.zecadirceu.com.br\/movimento-primavera-da-saude-promove-tuitaco-pela-regulamentacao-da-emenda-29\/"},"modified":"2011-09-19T00:00:00","modified_gmt":"2011-09-19T03:00:00","slug":"movimento-primavera-da-saude-promove-tuitaco-pela-regulamentacao-da-emenda-29","status":"publish","type":"post","link":"https:\/\/teste.bsb.br\/zeca\/movimento-primavera-da-saude-promove-tuitaco-pela-regulamentacao-da-emenda-29\/","title":{"rendered":"Movimento Primavera da Sa\u00fade promove Tuita\u00e7o pela regulamenta\u00e7\u00e3o da Emenda 29"},"content":{"rendered":"<p>&nbsp;&nbsp;&nbsp;&nbsp;&nbsp; Nesta segunda-feira, 19\/09, anivers&aacute;rio de 21 anos do SUS, o   movimento  #PrimaveradaSa&uacute;de estar&aacute; promovendo um Twitta&ccedil;o por uma    regulamenta&ccedil;&atilde;o da Emenda Constitucional 29 que traga efetivamente mais    recursos para o SUS.<\/p>\n<p>&nbsp;&nbsp;&nbsp; O tuita&ccedil;o &eacute; uma grande mobiliza&ccedil;&atilde;o nas redes sociais (especialmente    twitter e facebook) onde, concentradamente, fala-se de um determinado    tema para que o mesmo ganhe for&ccedil;a nas redes e muitas pessoas tomem    conhecimento. Hoje ser&aacute; feito sobre a #primaveradasaude, necessidades de    mais recursos e outras pautas que os usu&aacute;rios das redes sociais    considerem importante. A mobiliza&ccedil;&atilde;o come&ccedil;ar&aacute; a partir das 14h e, entre    as 19h e 20h, de hoje (19 de setembro) o assunto ser&aacute; repercutido com   toda for&ccedil;a no  twitter e facebook.<\/p>\n","protected":false},"excerpt":{"rendered":"<p>Nesta segunda-feira, 19\/09, anivers\u00e1rio de 21 anos do SUS, o movimento #PrimaveradaSa\u00fade estar\u00e1 promovendo um Twitta\u00e7o por uma regulamenta\u00e7\u00e3o da Emenda Constitucional 29 que traga efetivamente mais recursos para o SUS.<\/p>\n","protected":false},"author":1,"featured_media":28233,"comment_status":"open","ping_status":"open","sticky":false,"template":"","format":"standard","meta":{"footnotes":""},"categories":[1],"tags":[6727,6728],"class_list":["post-28234","post","type-post","status-publish","format-standard","has-post-thumbnail","hentry","category-noticias-zeca-dirceu","tag-primavera-da-saude","tag-twittaco"],"_links":{"self":[{"href":"https:\/\/teste.bsb.br\/zeca\/wp-json\/wp\/v2\/posts\/28234","targetHints":{"allow":["GET"]}}],"collection":[{"href":"https:\/\/teste.bsb.br\/zeca\/wp-json\/wp\/v2\/posts"}],"about":[{"href":"https:\/\/teste.bsb.br\/zeca\/wp-json\/wp\/v2\/types\/post"}],"author":[{"embeddable":true,"href":"https:\/\/teste.bsb.br\/zeca\/wp-json\/wp\/v2\/users\/1"}],"replies":[{"embeddable":true,"href":"https:\/\/teste.bsb.br\/zeca\/wp-json\/wp\/v2\/comments?post=28234"}],"version-history":[{"count":0,"href":"https:\/\/teste.bsb.br\/zeca\/wp-json\/wp\/v2\/posts\/28234\/revisions"}],"wp:featuredmedia":[{"embeddable":true,"href":"https:\/\/teste.bsb.br\/zeca\/wp-json\/wp\/v2\/media\/28233"}],"wp:attachment":[{"href":"https:\/\/teste.bsb.br\/zeca\/wp-json\/wp\/v2\/media?parent=28234"}],"wp:term":[{"taxonomy":"category","embeddable":true,"href":"https:\/\/teste.bsb.br\/zeca\/wp-json\/wp\/v2\/categories?post=28234"},{"taxonomy":"post_tag","embeddable":true,"href":"https:\/\/teste.bsb.br\/zeca\/wp-json\/wp\/v2\/tags?post=28234"}],"curies":[{"name":"wp","href":"https:\/\/api.w.org\/{rel}","templated":true}]}}