{"id":28230,"date":"2011-09-20T00:00:00","date_gmt":"2011-09-20T03:00:00","guid":{"rendered":"https:\/\/www.zecadirceu.com.br\/mais-12-milhao-de-criancas-terao-bolsa-familia\/"},"modified":"2011-09-20T00:00:00","modified_gmt":"2011-09-20T03:00:00","slug":"mais-12-milhao-de-criancas-terao-bolsa-familia","status":"publish","type":"post","link":"https:\/\/teste.bsb.br\/zeca\/mais-12-milhao-de-criancas-terao-bolsa-familia\/","title":{"rendered":"Mais 1,2 milh\u00e3o de crian\u00e7as ter\u00e3o Bolsa Fam\u00edlia"},"content":{"rendered":"<p>&nbsp;<span class=\"Apple-style-span\" style=\"font-size: 10px; \"><span class=\"Apple-style-span\" style=\"color: rgb(40, 49, 48); font-family: Arial, Helvetica, sans-serif; font-size: 13px; line-height: 17px; \">O&nbsp;<a class=\"external-link first-child\" href=\"http:\/\/www.mds.gov.br\/bolsafamilia\" target=\"_blank\" style=\"margin-top: 0px; margin-right: 0px; margin-bottom: 0px; margin-left: 0px; padding-top: 0px; padding-right: 12px; padding-bottom: 0px; padding-left: 0px; border-top-width: 0px; border-right-width: 0px; border-bottom-width: 0px; border-left-width: 0px; border-style: initial; border-color: initial; outline-width: 0px; outline-style: initial; outline-color: initial; vertical-align: baseline; background-image: url(http:\/\/www.secom.gov.br\/portal_css\/Secom\/bg\/linkExterno.gif); background-attachment: initial; background-origin: initial; background-clip: initial; background-color: initial; color: rgb(23, 67, 155); text-decoration: underline; background-position: 100% 50%; background-repeat: no-repeat no-repeat; \">Bolsa Fam&iacute;lia<\/a>&nbsp;passou a beneficiar at&eacute; cinco filhos por fam&iacute;lia, o que somou mais 1,2 milh&atilde;o de crian&ccedil;as ao programa &#8211; agora s&atilde;o 22,6 milh&otilde;es delas. A amplia&ccedil;&atilde;o do foco na prote&ccedil;&atilde;o ao p&uacute;blico infantil faz parte do&nbsp;<a class=\"external-link last-child\" href=\"http:\/\/www.brasilsemmiseria.gov.br\/\" target=\"_blank\" style=\"margin-top: 0px; margin-right: 0px; margin-bottom: 0px; margin-left: 0px; padding-top: 0px; padding-right: 12px; padding-bottom: 0px; padding-left: 0px; border-top-width: 0px; border-right-width: 0px; border-bottom-width: 0px; border-left-width: 0px; border-style: initial; border-color: initial; outline-width: 0px; outline-style: initial; outline-color: initial; vertical-align: baseline; background-image: url(http:\/\/www.secom.gov.br\/portal_css\/Secom\/bg\/linkExterno.gif); background-attachment: initial; background-origin: initial; background-clip: initial; background-color: initial; color: rgb(23, 67, 155); text-decoration: underline; background-position: 100% 50%; background-repeat: no-repeat no-repeat; \">Plano Brasil Sem Mis&eacute;ria<\/a>, pois 40% dos 16,2 milh&otilde;es de brasileiros em extrema pobreza t&ecirc;m menos de 14 anos, de acordo com o Censo de 2010 do Instituto Brasileiro de Geografia e Estat&iacute;stica (IBGE). O limite anterior era tr&ecirc;s filhos por fam&iacute;lia. Os benef&iacute;cios que come&ccedil;aram a ser pagos nesta segunda-feira (19) j&aacute; incluem esta amplia&ccedil;&atilde;o.<br \/>\n<\/span><\/p>\n<p style=\"margin-top: 0px; margin-right: 0px; margin-bottom: 0px; margin-left: 0px; padding-top: 0px; padding-right: 0px; padding-bottom: 18px; padding-left: 0px; border-top-width: 0px; border-right-width: 0px; border-bottom-width: 0px; border-left-width: 0px; border-style: initial; border-color: initial; outline-width: 0px; outline-style: initial; outline-color: initial; vertical-align: baseline; background-image: initial; background-attachment: initial; background-origin: initial; background-clip: initial; background-color: transparent; font: normal normal normal 1.3em\/normal Arial, Helvetica, sans-serif; color: rgb(40, 49, 48); line-height: 17px; background-position: initial initial; background-repeat: initial initial; \">\nAl&eacute;m dos cinco benef&iacute;cios pagos &agrave;s crian&ccedil;as, cada fam&iacute;lia pode receber at&eacute; dois benef&iacute;cios por adolescente de 16 e 17 anos. Agora, o valor m&aacute;ximo por fam&iacute;lia sobe de R$ 242 para R$ 306. O benef&iacute;cio m&eacute;dio passa para R$ 119. O m&iacute;nimo &eacute; de R$ 32.<\/p>\n<p style=\"margin-top: 0px; margin-right: 0px; margin-bottom: 0px; margin-left: 0px; padding-top: 0px; padding-right: 0px; padding-bottom: 18px; padding-left: 0px; border-top-width: 0px; border-right-width: 0px; border-bottom-width: 0px; border-left-width: 0px; border-style: initial; border-color: initial; outline-width: 0px; outline-style: initial; outline-color: initial; vertical-align: baseline; background-image: initial; background-attachment: initial; background-origin: initial; background-clip: initial; background-color: transparent; font: normal normal normal 1.3em\/normal Arial, Helvetica, sans-serif; color: rgb(40, 49, 48); line-height: 17px; background-position: initial initial; background-repeat: initial initial; \"><strong class=\"first-child last-child\" style=\"margin-top: 0px; margin-right: 0px; margin-bottom: 0px; margin-left: 0px; padding-top: 0px; padding-right: 0px; padding-bottom: 0px; padding-left: 0px; border-top-width: 0px; border-right-width: 0px; border-bottom-width: 0px; border-left-width: 0px; border-style: initial; border-color: initial; outline-width: 0px; outline-style: initial; outline-color: initial; vertical-align: baseline; background-image: initial; background-attachment: initial; background-origin: initial; background-clip: initial; background-color: transparent; background-position: initial initial; background-repeat: initial initial; \">Retorno Garantido &#8211;&nbsp;<\/strong>Outra novidade &eacute; um mecanismo que facilita a volta de benefici&aacute;rios que entregaram voluntariamente o cart&atilde;o, ap&oacute;s conseguir melhorar de renda ou obter um emprego. Caso este cidad&atilde;o tenha um problema, como desemprego, ele poder&aacute; voltar a receber o benef&iacute;cio, sem a necessidade de novo cadastramento.&nbsp;<\/p>\n<p style=\"margin-top: 0px; margin-right: 0px; margin-bottom: 0px; margin-left: 0px; padding-top: 0px; padding-right: 0px; padding-bottom: 18px; padding-left: 0px; border-top-width: 0px; border-right-width: 0px; border-bottom-width: 0px; border-left-width: 0px; border-style: initial; border-color: initial; outline-width: 0px; outline-style: initial; outline-color: initial; vertical-align: baseline; background-image: initial; background-attachment: initial; background-origin: initial; background-clip: initial; background-color: transparent; font: normal normal normal 1.3em\/normal Arial, Helvetica, sans-serif; color: rgb(40, 49, 48); line-height: 17px; background-position: initial initial; background-repeat: initial initial; \">A iniciativa visa estimular a busca por melhores oportunidades no mercado de trabalho, com a seguran&ccedil;a de poder voltar ao programa, caso necess&aacute;rio, no prazo de 36 meses contados a partir da data do desligamento. De modo geral, os benefici&aacute;rios do Bolsa Fam&iacute;lia t&ecirc;m empregos prec&aacute;rios, sejam formais ou informais.<\/p>\n<p style=\"margin-top: 0px; margin-right: 0px; margin-bottom: 0px; margin-left: 0px; padding-top: 0px; padding-right: 0px; padding-bottom: 18px; padding-left: 0px; border-top-width: 0px; border-right-width: 0px; border-bottom-width: 0px; border-left-width: 0px; border-style: initial; border-color: initial; outline-width: 0px; outline-style: initial; outline-color: initial; vertical-align: baseline; background-image: initial; background-attachment: initial; background-origin: initial; background-clip: initial; background-color: transparent; font: normal normal normal 1.3em\/normal Arial, Helvetica, sans-serif; color: rgb(40, 49, 48); line-height: 17px; background-position: initial initial; background-repeat: initial initial; \">Para solicitar o desligamento volunt&aacute;rio, o benefici&aacute;rio dever&aacute; procurar a prefeitura e informar, por meio de declara&ccedil;&atilde;o escrita, a decis&atilde;o de deixar o programa. O gestor far&aacute; a atualiza&ccedil;&atilde;o no sistema e formalizar&aacute; o pedido, sem exclus&atilde;o do cadastro da fam&iacute;lia, deixando o cart&atilde;o magn&eacute;tico em poder do benefici&aacute;rio. Para retornar, basta procurar a administra&ccedil;&atilde;o municipal, que atualizar&aacute; os dados e far&aacute; a revers&atilde;o do cancelamento.&nbsp;<\/p>\n<p style=\"margin-top: 0px; margin-right: 0px; margin-bottom: 0px; margin-left: 0px; padding-top: 0px; padding-right: 0px; padding-bottom: 18px; padding-left: 0px; border-top-width: 0px; border-right-width: 0px; border-bottom-width: 0px; border-left-width: 0px; border-style: initial; border-color: initial; outline-width: 0px; outline-style: initial; outline-color: initial; vertical-align: baseline; background-image: initial; background-attachment: initial; background-origin: initial; background-clip: initial; background-color: transparent; font: normal normal normal 1.3em\/normal Arial, Helvetica, sans-serif; color: rgb(40, 49, 48); line-height: 17px; background-position: initial initial; background-repeat: initial initial; \"><strong class=\"first-child last-child\" style=\"margin-top: 0px; margin-right: 0px; margin-bottom: 0px; margin-left: 0px; padding-top: 0px; padding-right: 0px; padding-bottom: 0px; padding-left: 0px; border-top-width: 0px; border-right-width: 0px; border-bottom-width: 0px; border-left-width: 0px; border-style: initial; border-color: initial; outline-width: 0px; outline-style: initial; outline-color: initial; vertical-align: baseline; background-image: initial; background-attachment: initial; background-origin: initial; background-clip: initial; background-color: transparent; background-position: initial initial; background-repeat: initial initial; \">Reajuste &#8211;&nbsp;<\/strong>Em abril deste ano, o governo federal reajustou o programa, em 19,4% na m&eacute;dia. Mas, para as crian&ccedil;as a corre&ccedil;&atilde;o foi de 45,5%.&nbsp;<\/p>\n<p style=\"margin-top: 0px; margin-right: 0px; margin-bottom: 0px; margin-left: 0px; padding-top: 0px; padding-right: 0px; padding-bottom: 18px; padding-left: 0px; border-top-width: 0px; border-right-width: 0px; border-bottom-width: 0px; border-left-width: 0px; border-style: initial; border-color: initial; outline-width: 0px; outline-style: initial; outline-color: initial; vertical-align: baseline; background-image: initial; background-attachment: initial; background-origin: initial; background-clip: initial; background-color: transparent; font: normal normal normal 1.3em\/normal Arial, Helvetica, sans-serif; color: rgb(40, 49, 48); line-height: 17px; background-position: initial initial; background-repeat: initial initial; \">De acordo com a ministra do Desenvolvimento Social e Combate &agrave; Fome (MDS), Tereza Campello, por se tratar de um programa j&aacute; existente, a execu&ccedil;&atilde;o das novas a&ccedil;&otilde;es t&ecirc;m impacto imediato. &ldquo;Vamos promover, nas fam&iacute;lias mais pobres, melhoria de vida e bem estar&rdquo;, afirmou.<\/p>\n<p style=\"margin-top: 0px; margin-right: 0px; margin-bottom: 0px; margin-left: 0px; padding-top: 0px; padding-right: 0px; padding-bottom: 18px; padding-left: 0px; border-top-width: 0px; border-right-width: 0px; border-bottom-width: 0px; border-left-width: 0px; border-style: initial; border-color: initial; outline-width: 0px; outline-style: initial; outline-color: initial; vertical-align: baseline; background-image: initial; background-attachment: initial; background-origin: initial; background-clip: initial; background-color: transparent; font: normal normal normal 1.3em\/normal Arial, Helvetica, sans-serif; color: rgb(40, 49, 48); line-height: 17px; background-position: initial initial; background-repeat: initial initial; \"><strong class=\"first-child last-child\" style=\"margin-top: 0px; margin-right: 0px; margin-bottom: 0px; margin-left: 0px; padding-top: 0px; padding-right: 0px; padding-bottom: 0px; padding-left: 0px; border-top-width: 0px; border-right-width: 0px; border-bottom-width: 0px; border-left-width: 0px; border-style: initial; border-color: initial; outline-width: 0px; outline-style: initial; outline-color: initial; vertical-align: baseline; background-image: initial; background-attachment: initial; background-origin: initial; background-clip: initial; background-color: transparent; background-position: initial initial; background-repeat: initial initial; \">Busca Ativa localiza 180 mil novas fam&iacute;lias<\/strong><\/p>\n<p style=\"margin-top: 0px; margin-right: 0px; margin-bottom: 0px; margin-left: 0px; padding-top: 0px; padding-right: 0px; padding-bottom: 18px; padding-left: 0px; border-top-width: 0px; border-right-width: 0px; border-bottom-width: 0px; border-left-width: 0px; border-style: initial; border-color: initial; outline-width: 0px; outline-style: initial; outline-color: initial; vertical-align: baseline; background-image: initial; background-attachment: initial; background-origin: initial; background-clip: initial; background-color: transparent; font: normal normal normal 1.3em\/normal Arial, Helvetica, sans-serif; color: rgb(40, 49, 48); line-height: 17px; background-position: initial initial; background-repeat: initial initial; \">A folha de pagamento do Bolsa Fam&iacute;lia deste m&ecirc;s j&aacute; inclui 180 mil novas fam&iacute;lias identificadas por meio de Busca Ativa e cadastradas com a ajuda da atualiza&ccedil;&atilde;o cadastral. A meta do Plano Brasil Sem Mis&eacute;ria &eacute; incluir 320 mil fam&iacute;lias at&eacute; o fim deste ano. Outras 480 mil ser&atilde;o inseridas at&eacute; 2013, totalizando 800 mil. Com a expans&atilde;o, o total de fam&iacute;lias do programa chegou a 13,18 milh&otilde;es.<\/p>\n<p>Fonte: Secom<\/p>\n<p><\/span><\/p>\n","protected":false},"excerpt":{"rendered":"<p>O Bolsa Fam\u00edlia passou a beneficiar at\u00e9 cinco filhos por fam\u00edlia, o que somou mais 1,2 milh\u00e3o de crian\u00e7as ao programa &#8211; agora s\u00e3o 22,6 milh\u00f5es delas. A amplia\u00e7\u00e3o do foco na prote\u00e7\u00e3o ao p\u00fablico infantil faz parte do Plano Brasil Sem Mis\u00e9ria, pois 40% dos 16,2 milh\u00f5es de brasileiros em extrema pobreza t\u00eam menos de 14 anos, de acordo com o Censo de 2010 do Instituto Brasileiro de Geografia e Estat\u00edstica (IBGE). O limite anterior era tr\u00eas filhos por fam\u00edlia. Os benef\u00edcios que come\u00e7aram a ser pagos nesta segunda-feira (19) j\u00e1 incluem esta amplia\u00e7\u00e3o.<\/p>\n","protected":false},"author":1,"featured_media":28229,"comment_status":"open","ping_status":"open","sticky":false,"template":"","format":"standard","meta":{"footnotes":""},"categories":[1],"tags":[6726],"class_list":["post-28230","post","type-post","status-publish","format-standard","has-post-thumbnail","hentry","category-noticias-zeca-dirceu","tag-bolsa-familia-criancas"],"_links":{"self":[{"href":"https:\/\/teste.bsb.br\/zeca\/wp-json\/wp\/v2\/posts\/28230","targetHints":{"allow":["GET"]}}],"collection":[{"href":"https:\/\/teste.bsb.br\/zeca\/wp-json\/wp\/v2\/posts"}],"about":[{"href":"https:\/\/teste.bsb.br\/zeca\/wp-json\/wp\/v2\/types\/post"}],"author":[{"embeddable":true,"href":"https:\/\/teste.bsb.br\/zeca\/wp-json\/wp\/v2\/users\/1"}],"replies":[{"embeddable":true,"href":"https:\/\/teste.bsb.br\/zeca\/wp-json\/wp\/v2\/comments?post=28230"}],"version-history":[{"count":0,"href":"https:\/\/teste.bsb.br\/zeca\/wp-json\/wp\/v2\/posts\/28230\/revisions"}],"wp:featuredmedia":[{"embeddable":true,"href":"https:\/\/teste.bsb.br\/zeca\/wp-json\/wp\/v2\/media\/28229"}],"wp:attachment":[{"href":"https:\/\/teste.bsb.br\/zeca\/wp-json\/wp\/v2\/media?parent=28230"}],"wp:term":[{"taxonomy":"category","embeddable":true,"href":"https:\/\/teste.bsb.br\/zeca\/wp-json\/wp\/v2\/categories?post=28230"},{"taxonomy":"post_tag","embeddable":true,"href":"https:\/\/teste.bsb.br\/zeca\/wp-json\/wp\/v2\/tags?post=28230"}],"curies":[{"name":"wp","href":"https:\/\/api.w.org\/{rel}","templated":true}]}}