{"id":28226,"date":"2011-09-20T00:00:00","date_gmt":"2011-09-20T03:00:00","guid":{"rendered":"https:\/\/www.zecadirceu.com.br\/campanha-contra-o-cancer-de-prostata-mobiliza-moradores-de-sao-jorge\/"},"modified":"2011-09-20T00:00:00","modified_gmt":"2011-09-20T03:00:00","slug":"campanha-contra-o-cancer-de-prostata-mobiliza-moradores-de-sao-jorge","status":"publish","type":"post","link":"https:\/\/teste.bsb.br\/zeca\/campanha-contra-o-cancer-de-prostata-mobiliza-moradores-de-sao-jorge\/","title":{"rendered":"Campanha contra o c\u00e2ncer de pr\u00f3stata mobiliza moradores de S\u00e3o Jorge"},"content":{"rendered":"<p>&nbsp;Cerca de 550 homens a partir de 40 anos estiveram presentes no Centro de Eventos da Sociedade Rural de S&atilde;o Jorge do Patroc&iacute;nio, para a abertura da 4&ordf; Campanha contra o C&acirc;ncer de Pr&oacute;stata. A campanha &eacute; organizada anualmente pela Equipe Estrat&eacute;gia Sa&uacute;de da Fam&iacute;lia e Secretaria Municipal de Sa&uacute;de, que orienta a popula&ccedil;&atilde;o quanto &agrave; preven&ccedil;&atilde;o, tratamento e sintomas do c&acirc;ncer de pr&oacute;stata, que atinge cerca de 20% da popula&ccedil;&atilde;o masculina a partir dos 50 anos.<\/p>\n<p class=\"MsoNormal\"><o:p><\/o:p><\/p>\n<p class=\"MsoNormal\">Na abertura da campanha estiveram presentes o prefeito municipal Claudio Palozi e o vice Jos&eacute; Carlos Baraldi, o secret&aacute;rio de sa&uacute;de Leandro Moreira da Cruz e profissionais do setor, agentes comunit&aacute;rios, vereadores e convidados. O ex-presidente do Cisa (Cons&oacute;rcio Intermunicipal de Sa&uacute;de), Agnaldo Gouveia &ndash; que atualmente realiza trabalhos de consultoria em secretarias municipais de sa&uacute;de na regi&atilde;o &ndash; lembrou dos resultados alcan&ccedil;ados nas campanhas anteriores e da import&acirc;ncia de se realizar este acompanhamento anual por parte da Secretaria de Sa&uacute;de.<o:p><\/o:p><\/p>\n<p class=\"MsoNormal\">&ldquo;O trabalho deve ser cont&iacute;nuo e ter todos os profissionais envolvidos, no sentido de conscientizar os homens deste problema presente nesta fase da vida&rdquo;, ressaltou Gouveia. O diretor de rela&ccedil;&otilde;es p&uacute;blicas da Uopeccan (Uni&atilde;o Oeste Paranaense de Estudo e Combate ao C&acirc;ncer), Wilson Riedlinger e o m&eacute;dico oncologista Reginaldo Jos&eacute; Andrade, tamb&eacute;m da Uopeccan, estiveram presentes e conferiram a realidade de atendimento nos casos de preven&ccedil;&atilde;o e combate ao c&acirc;ncer no munic&iacute;pio, ressaltando sobre a busca constante de manter a popula&ccedil;&atilde;o informada dos sintomas, preven&ccedil;&atilde;o e tratamento. Andrade proferiu palestra em que exp&ocirc;s as melhores formas de preven&ccedil;&atilde;o ao c&acirc;ncer de pr&oacute;stata, principais sintomas e formas de diagn&oacute;stico.<o:p><\/o:p><\/p>\n<p class=\"MsoNormal\">&ldquo;Existe uma resist&ecirc;ncia preconceituosa quanto aos m&eacute;todos de diagn&oacute;stico, que inibe a maioria dos homens a realizarem os exames, mas se essa barreira for derrubada, v&atilde;o descobrir que &eacute; tudo muito simples&rdquo;, afirma o m&eacute;dico. Durante a reuni&atilde;o, senhas foram distribu&iacute;das entre os presentes para encaminhamento para a coleta de sangue, que ser&aacute; submetido ao teste PSA, que detecta altera&ccedil;&otilde;es na pr&oacute;stata. O atendimento ser&aacute; realizado nos dias 20, 21 e 22 de setembro, no sal&atilde;o paroquial da Igreja Matriz Imaculada Concei&ccedil;&atilde;o, das 12h &agrave;s 15h.<o:p><\/o:p><\/p>\n<p class=\"MsoNormal\"><o:p>&nbsp;<\/o:p><\/p>\n<p class=\"MsoNormal\">H&aacute;bitos Saud&aacute;veis<o:p><\/o:p><\/p>\n<p class=\"MsoNormal\">Alguns dos fatores que podem contribuir com o desenvolvimento da doen&ccedil;a s&atilde;o gen&eacute;ticos e relacionados a h&aacute;bitos prejudiciais para a sa&uacute;de. Por isso, o melhor rem&eacute;dio &eacute; a preven&ccedil;&atilde;o. De acordo com m&eacute;dicos e nutricionistas, &eacute; essencial optar por uma dieta rica em frutas e vegetais, pois muitos deles possuem subst&acirc;ncias que s&atilde;o apontadas como respons&aacute;veis por garantir prote&ccedil;&atilde;o e preven&ccedil;&atilde;o para essa e outras doen&ccedil;as.<o:p><\/o:p><\/p>\n<p class=\"MsoNormal\">Br&oacute;colis e couve-flor s&atilde;o altamente recomendados por possu&iacute;rem uma enzima capaz de desintoxicar os carcin&oacute;genos. Al&eacute;m disso, a vitamina E e D tamb&eacute;m devem estar presentes na dieta, apenas na preven&ccedil;&atilde;o, pois tais vitaminas s&atilde;o fontes de nutrientes que podem auxiliar, tamb&eacute;m, no tratamento da doen&ccedil;a.<o:p><\/o:p><\/p>\n<p class=\"MsoNormal\">Fonte: Tribuna Hoje<\/p>\n","protected":false},"excerpt":{"rendered":"<p>Cerca de 550 homens a partir de 40 anos estiveram presentes no Centro de Eventos da Sociedade Rural de S\u00e3o Jorge do Patroc\u00ednio, para a abertura da 4\u00aa Campanha contra o C\u00e2ncer de Pr\u00f3stata. A campanha \u00e9 organizada anualmente pela Equipe Estrat\u00e9gia Sa\u00fade da Fam\u00edlia e Secretaria Municipal de Sa\u00fade, que orienta a popula\u00e7\u00e3o quanto \u00e0 preven\u00e7\u00e3o, tratamento e sintomas do c\u00e2ncer de pr\u00f3stata, que atinge cerca de 20% da popula\u00e7\u00e3o masculina a partir dos 50 anos.<\/p>\n","protected":false},"author":1,"featured_media":28225,"comment_status":"open","ping_status":"open","sticky":false,"template":"","format":"standard","meta":{"footnotes":""},"categories":[1],"tags":[6724],"class_list":["post-28226","post","type-post","status-publish","format-standard","has-post-thumbnail","hentry","category-noticias-zeca-dirceu","tag-cancer-prostata-sao-jorge"],"_links":{"self":[{"href":"https:\/\/teste.bsb.br\/zeca\/wp-json\/wp\/v2\/posts\/28226","targetHints":{"allow":["GET"]}}],"collection":[{"href":"https:\/\/teste.bsb.br\/zeca\/wp-json\/wp\/v2\/posts"}],"about":[{"href":"https:\/\/teste.bsb.br\/zeca\/wp-json\/wp\/v2\/types\/post"}],"author":[{"embeddable":true,"href":"https:\/\/teste.bsb.br\/zeca\/wp-json\/wp\/v2\/users\/1"}],"replies":[{"embeddable":true,"href":"https:\/\/teste.bsb.br\/zeca\/wp-json\/wp\/v2\/comments?post=28226"}],"version-history":[{"count":0,"href":"https:\/\/teste.bsb.br\/zeca\/wp-json\/wp\/v2\/posts\/28226\/revisions"}],"wp:featuredmedia":[{"embeddable":true,"href":"https:\/\/teste.bsb.br\/zeca\/wp-json\/wp\/v2\/media\/28225"}],"wp:attachment":[{"href":"https:\/\/teste.bsb.br\/zeca\/wp-json\/wp\/v2\/media?parent=28226"}],"wp:term":[{"taxonomy":"category","embeddable":true,"href":"https:\/\/teste.bsb.br\/zeca\/wp-json\/wp\/v2\/categories?post=28226"},{"taxonomy":"post_tag","embeddable":true,"href":"https:\/\/teste.bsb.br\/zeca\/wp-json\/wp\/v2\/tags?post=28226"}],"curies":[{"name":"wp","href":"https:\/\/api.w.org\/{rel}","templated":true}]}}