{"id":28220,"date":"2011-09-20T00:00:00","date_gmt":"2011-09-20T03:00:00","guid":{"rendered":"https:\/\/www.zecadirceu.com.br\/lula-ganha-6o-honoris-causa-e-pode-receber-mais-55-titulos\/"},"modified":"2011-09-20T00:00:00","modified_gmt":"2011-09-20T03:00:00","slug":"lula-ganha-6o-honoris-causa-e-pode-receber-mais-55-titulos","status":"publish","type":"post","link":"https:\/\/teste.bsb.br\/zeca\/lula-ganha-6o-honoris-causa-e-pode-receber-mais-55-titulos\/","title":{"rendered":"Lula ganha 6\u00ba honoris causa e pode receber mais 55 t\u00edtulos"},"content":{"rendered":"<p>&nbsp;<span class=\"Apple-style-span\" style=\"color: rgb(93, 88, 80); font-family: Arial, Helvetica, sans-serif; line-height: 13px; \"><span class=\"Apple-style-span\" style=\"line-height: 14px; \">O ex-presidente Luiz In&aacute;cio Lula da Silva recebe hoje, na capital baiana, seu sexto t&iacute;tulo de doutorado&nbsp;<i style=\"margin-top: 0px; margin-right: 0px; margin-bottom: 0px; margin-left: 0px; padding-top: 0px; padding-right: 0px; padding-bottom: 0px; padding-left: 0px; border-top-width: 0px; border-right-width: 0px; border-bottom-width: 0px; border-left-width: 0px; border-style: initial; border-color: initial; outline-width: 0px; outline-style: initial; outline-color: initial; font-size: 12px; vertical-align: baseline; background-image: initial; background-attachment: initial; background-origin: initial; background-clip: initial; background-color: transparent; background-position: initial initial; background-repeat: initial initial; \">honoris causa<\/i>, desta vez na Universidade Federal da Bahia (UFBA). Al&eacute;m disso, outras universidades nacionais e internacionais aprovaram o oferecimento de outras 55 honrarias do mesmo t&iacute;tulo a Lula. Se aceitar todas elas &#8211; o t&iacute;tulo s&oacute; &eacute; v&aacute;lido ap&oacute;s cerim&ocirc;nia na institui&ccedil;&atilde;o &#8211; o petista vai chegar a um total de 61 homenagens.<\/span><\/p>\n<p style=\"margin-top: 16px; margin-right: 0px; margin-bottom: 0px; margin-left: 0px; padding-top: 0px; padding-right: 0px; padding-bottom: 0px; padding-left: 0px; border-top-width: 0px; border-right-width: 0px; border-bottom-width: 0px; border-left-width: 0px; border-style: initial; border-color: initial; outline-width: 0px; outline-style: initial; outline-color: initial; font-size: 12px; vertical-align: baseline; background-image: initial; background-attachment: initial; background-origin: initial; background-clip: initial; background-color: transparent; line-height: 14px; background-position: initial initial; background-repeat: initial initial; \">Tendo estudado apenas o Ensino Fundamental, Lula, ainda no fim deste ano, deve receber o s&eacute;timo e o oitavo t&iacute;tulos, respectivamente na Sciences Po, na Fran&ccedil;a, e na Polit&eacute;cnica de Lausanne (Su&iacute;&ccedil;a). Os doutorados por receber foram aprovadas pelos conselhos universit&aacute;rios de institui&ccedil;&otilde;es do Exterior mas, para valer, &eacute; necess&aacute;ria a cerim&ocirc;nia. O&nbsp;<i style=\"margin-top: 0px; margin-right: 0px; margin-bottom: 0px; margin-left: 0px; padding-top: 0px; padding-right: 0px; padding-bottom: 0px; padding-left: 0px; border-top-width: 0px; border-right-width: 0px; border-bottom-width: 0px; border-left-width: 0px; border-style: initial; border-color: initial; outline-width: 0px; outline-style: initial; outline-color: initial; font-size: 12px; vertical-align: baseline; background-image: initial; background-attachment: initial; background-origin: initial; background-clip: initial; background-color: transparent; background-position: initial initial; background-repeat: initial initial; \">honoris causa<\/i>&nbsp;&eacute; concedido a pessoas eminentes, que n&atilde;o necessariamente possuam um diploma universit&aacute;rio, mas que tenham grande destaque em suas &aacute;reas.<\/p>\n<p style=\"margin-top: 16px; margin-right: 0px; margin-bottom: 0px; margin-left: 0px; padding-top: 0px; padding-right: 0px; padding-bottom: 0px; padding-left: 0px; border-top-width: 0px; border-right-width: 0px; border-bottom-width: 0px; border-left-width: 0px; border-style: initial; border-color: initial; outline-width: 0px; outline-style: initial; outline-color: initial; font-size: 12px; vertical-align: baseline; background-image: initial; background-attachment: initial; background-origin: initial; background-clip: initial; background-color: transparent; line-height: 14px; background-position: initial initial; background-repeat: initial initial; \">O primeiro t&iacute;tulo do ex-presidente foi concedido em janeiro deste ano pela universidade de Vi&ccedil;osa, em Minas Gerais. Lula recebeu a segunda em Coimbra, Portugal, em mar&ccedil;o. Em julho, o Estado natal dele concedeu outras tr&ecirc;s homenagens: na Universidade de Pernambuco (UPE), na Universidade Federal de Pernambuco (UFPE) e na Universidade Federal Rural de Pernambuco (UFRPE).<\/p>\n<p style=\"margin-top: 16px; margin-right: 0px; margin-bottom: 0px; margin-left: 0px; padding-top: 0px; padding-right: 0px; padding-bottom: 0px; padding-left: 0px; border-top-width: 0px; border-right-width: 0px; border-bottom-width: 0px; border-left-width: 0px; border-style: initial; border-color: initial; outline-width: 0px; outline-style: initial; outline-color: initial; font-size: 12px; vertical-align: baseline; background-image: initial; background-attachment: initial; background-origin: initial; background-clip: initial; background-color: transparent; line-height: 14px; background-position: initial initial; background-repeat: initial initial; \"><b style=\"margin-top: 0px; margin-right: 0px; margin-bottom: 0px; margin-left: 0px; padding-top: 0px; padding-right: 0px; padding-bottom: 0px; padding-left: 0px; border-top-width: 0px; border-right-width: 0px; border-bottom-width: 0px; border-left-width: 0px; border-style: initial; border-color: initial; outline-width: 0px; outline-style: initial; outline-color: initial; font-size: 12px; vertical-align: baseline; background-image: initial; background-attachment: initial; background-origin: initial; background-clip: initial; background-color: transparent; background-position: initial initial; background-repeat: initial initial; \">Fernando Henrique Cardoso<\/b><br \/>\nO ex-presidente Fernando Henrique Cardoso, antecessor de Lula, j&aacute; obteve 26&nbsp;<i style=\"margin-top: 0px; margin-right: 0px; margin-bottom: 0px; margin-left: 0px; padding-top: 0px; padding-right: 0px; padding-bottom: 0px; padding-left: 0px; border-top-width: 0px; border-right-width: 0px; border-bottom-width: 0px; border-left-width: 0px; border-style: initial; border-color: initial; outline-width: 0px; outline-style: initial; outline-color: initial; font-size: 12px; vertical-align: baseline; background-image: initial; background-attachment: initial; background-origin: initial; background-clip: initial; background-color: transparent; background-position: initial initial; background-repeat: initial initial; \">honoris causa<\/i>. Com o primeiro t&iacute;tulo recebido em Nova Jersey em 1978 e o &uacute;ltimo em 2007, no Canad&aacute;, Fernando Henrique Cardoso se valeu n&atilde;o apenas do status como pol&iacute;tico, mas tamb&eacute;m de uma intensa vida acad&ecirc;mica. Tr&ecirc;s t&iacute;tulos foram oferecidos antes de assumir Presid&ecirc;ncia, os demais, durante e depois de seu mandato, a maioria em universidades estrangeiras.<\/p>\n<p style=\"margin-top: 16px; margin-right: 0px; margin-bottom: 0px; margin-left: 0px; padding-top: 0px; padding-right: 0px; padding-bottom: 0px; padding-left: 0px; border-top-width: 0px; border-right-width: 0px; border-bottom-width: 0px; border-left-width: 0px; border-style: initial; border-color: initial; outline-width: 0px; outline-style: initial; outline-color: initial; font-size: 12px; vertical-align: baseline; background-image: initial; background-attachment: initial; background-origin: initial; background-clip: initial; background-color: transparent; line-height: 14px; background-position: initial initial; background-repeat: initial initial; \"><b style=\"margin-top: 0px; margin-right: 0px; margin-bottom: 0px; margin-left: 0px; padding-top: 0px; padding-right: 0px; padding-bottom: 0px; padding-left: 0px; border-top-width: 0px; border-right-width: 0px; border-bottom-width: 0px; border-left-width: 0px; border-style: initial; border-color: initial; outline-width: 0px; outline-style: initial; outline-color: initial; font-size: 12px; vertical-align: baseline; background-image: initial; background-attachment: initial; background-origin: initial; background-clip: initial; background-color: transparent; background-position: initial initial; background-repeat: initial initial; \">Crit&eacute;rios<\/b><br \/>\nA decis&atilde;o da universidade federal baiana &eacute; antiga. O conselho universit&aacute;rio da institui&ccedil;&atilde;o decidiu pela outorga ainda em outubro de 2002, tr&ecirc;s dias ap&oacute;s a conquista do seu primeiro mandato como presidente. A outorga de doutor honoris causa &eacute; dada a pessoas com destaque em &aacute;reas como as artes, academia ou em causas humanit&aacute;rias.<\/p>\n<p style=\"margin-top: 16px; margin-right: 0px; margin-bottom: 0px; margin-left: 0px; padding-top: 0px; padding-right: 0px; padding-bottom: 0px; padding-left: 0px; border-top-width: 0px; border-right-width: 0px; border-bottom-width: 0px; border-left-width: 0px; border-style: initial; border-color: initial; outline-width: 0px; outline-style: initial; outline-color: initial; font-size: 12px; vertical-align: baseline; background-image: initial; background-attachment: initial; background-origin: initial; background-clip: initial; background-color: transparent; line-height: 14px; background-position: initial initial; background-repeat: initial initial; \">O cientista pol&iacute;tico e professor doutor de &Eacute;tica da Unicamp, Roberto Romano, diz que a concess&atilde;o destas honrarias deixou de ter um sentido puramente acad&ecirc;mico e pode servir como forma de aproximar universidades e at&eacute; mesmo pa&iacute;ses. Desta forma, o t&iacute;tulo poderia servir a interesses de interc&acirc;mbio e aproxima&ccedil;&atilde;o. Isso serviria ao caso dos dois ex-ocupantes do Pal&aacute;cio do Planalto.<\/p>\n<p style=\"margin-top: 16px; margin-right: 0px; margin-bottom: 0px; margin-left: 0px; padding-top: 0px; padding-right: 0px; padding-bottom: 0px; padding-left: 0px; border-top-width: 0px; border-right-width: 0px; border-bottom-width: 0px; border-left-width: 0px; border-style: initial; border-color: initial; outline-width: 0px; outline-style: initial; outline-color: initial; font-size: 12px; vertical-align: baseline; background-image: initial; background-attachment: initial; background-origin: initial; background-clip: initial; background-color: transparent; line-height: 14px; background-position: initial initial; background-repeat: initial initial; \">Segundo Romano, a l&aacute;urea concedida pela universidade da Fran&ccedil;a ao ex-presidente Lula pode inclusive ter como pano a situa&ccedil;&atilde;o econ&ocirc;mica delicada que vive o pa&iacute;s e o continente europeu. &quot;O corpo de professores pode estar imbu&iacute;do de muitas inten&ccedil;&otilde;es, dif&iacute;cil separar o que &eacute; acad&ecirc;mico do pol&iacute;tico e at&eacute; mesmo do humanit&aacute;rio&quot;, disse o professor.<\/p>\n<p>Fonte: Terra<\/p>\n<p><\/span><\/p>\n","protected":false},"excerpt":{"rendered":"<p>O ex-presidente Luiz In\u00e1cio Lula da Silva recebe hoje, na capital baiana, seu sexto t\u00edtulo de doutorado honoris causa, desta vez na Universidade Federal da Bahia (UFBA). Al\u00e9m disso, outras universidades nacionais e internacionais aprovaram o oferecimento de outras 55 honrarias do mesmo t\u00edtulo a Lula. Se aceitar todas elas &#8211; o t\u00edtulo s\u00f3 \u00e9 v\u00e1lido ap\u00f3s cerim\u00f4nia na institui\u00e7\u00e3o &#8211; o petista vai chegar a um total de 61 homenagens.<\/p>\n","protected":false},"author":1,"featured_media":28219,"comment_status":"open","ping_status":"open","sticky":false,"template":"","format":"standard","meta":{"footnotes":""},"categories":[1],"tags":[170],"class_list":["post-28220","post","type-post","status-publish","format-standard","has-post-thumbnail","hentry","category-noticias-zeca-dirceu","tag-lula"],"_links":{"self":[{"href":"https:\/\/teste.bsb.br\/zeca\/wp-json\/wp\/v2\/posts\/28220","targetHints":{"allow":["GET"]}}],"collection":[{"href":"https:\/\/teste.bsb.br\/zeca\/wp-json\/wp\/v2\/posts"}],"about":[{"href":"https:\/\/teste.bsb.br\/zeca\/wp-json\/wp\/v2\/types\/post"}],"author":[{"embeddable":true,"href":"https:\/\/teste.bsb.br\/zeca\/wp-json\/wp\/v2\/users\/1"}],"replies":[{"embeddable":true,"href":"https:\/\/teste.bsb.br\/zeca\/wp-json\/wp\/v2\/comments?post=28220"}],"version-history":[{"count":0,"href":"https:\/\/teste.bsb.br\/zeca\/wp-json\/wp\/v2\/posts\/28220\/revisions"}],"wp:featuredmedia":[{"embeddable":true,"href":"https:\/\/teste.bsb.br\/zeca\/wp-json\/wp\/v2\/media\/28219"}],"wp:attachment":[{"href":"https:\/\/teste.bsb.br\/zeca\/wp-json\/wp\/v2\/media?parent=28220"}],"wp:term":[{"taxonomy":"category","embeddable":true,"href":"https:\/\/teste.bsb.br\/zeca\/wp-json\/wp\/v2\/categories?post=28220"},{"taxonomy":"post_tag","embeddable":true,"href":"https:\/\/teste.bsb.br\/zeca\/wp-json\/wp\/v2\/tags?post=28220"}],"curies":[{"name":"wp","href":"https:\/\/api.w.org\/{rel}","templated":true}]}}