{"id":28214,"date":"2011-09-20T00:00:00","date_gmt":"2011-09-20T03:00:00","guid":{"rendered":"https:\/\/www.zecadirceu.com.br\/bolsa-familia-inclui-mais-cinco-mil-criancas-na-regiao-noroeste\/"},"modified":"2011-09-20T00:00:00","modified_gmt":"2011-09-20T03:00:00","slug":"bolsa-familia-inclui-mais-cinco-mil-criancas-na-regiao-noroeste","status":"publish","type":"post","link":"https:\/\/teste.bsb.br\/zeca\/bolsa-familia-inclui-mais-cinco-mil-criancas-na-regiao-noroeste\/","title":{"rendered":"Bolsa Fam\u00edlia inclui mais cinco  mil crian\u00e7as na regi\u00e3o Noroeste"},"content":{"rendered":"<p>&nbsp;<span class=\"Apple-style-span\" style=\"font-family: verdana, sans-serif; font-size: 16px; line-height: 18px; \">O deputado federal Zeca Dirceu explica que as medidas de aprimoramento no Programa Bolsa Fam&iacute;lia, que entraram em vigor na &uacute;ltima segunda-feira, far&atilde;o com que mais de cinco mil crian&ccedil;as de 98 munic&iacute;pios do Noroeste paranaense passem a ter acesso ao programa de transfer&ecirc;ncia de renda. Os novos crit&eacute;rios permitem que cada fam&iacute;lia passe a receber at&eacute; cinco benef&iacute;cios para filhos menores de 15 anos de idade. Anteriormente o limite era de tr&ecirc;s filhos.<br \/>\n<\/span><\/p>\n<p class=\"MsoNormal\" style=\"font-family: arial, sans-serif; font-size: 13px; margin-top: 0cm; margin-right: 0cm; margin-bottom: 10pt; margin-left: 0cm; text-align: justify; \"><span style=\"line-height: 18px; font-family: 'Times New Roman', serif; font-size: 12pt; \"><font face=\"verdana,sans-serif\"><br \/>\n&ldquo;As altera&ccedil;&otilde;es promovidas pelo Governo Federal aumentam a prote&ccedil;&atilde;o exatamente para as crian&ccedil;as e para as popula&ccedil;&otilde;es extremamente pobres, justamente as que mais precisam deste aux&iacute;lio, e merecem nossa aprova&ccedil;&atilde;o e comemora&ccedil;&atilde;o porque melhoram a qualidade de vida de milhares de cidad&atilde;os&rdquo;, afirma o deputado federal Zeca Dirceu, vice-l&iacute;der do PT na C&acirc;mara dos Deputados.<\/font><\/span><\/p>\n<p class=\"MsoNormal\" style=\"font-family: arial, sans-serif; font-size: 13px; margin-top: 0cm; margin-right: 0cm; margin-bottom: 10pt; margin-left: 0cm; text-align: justify; \"><span style=\"line-height: 18px; font-family: 'Times New Roman', serif; font-size: 12pt; \"><font face=\"verdana,sans-serif\">Em todo o Paran&aacute;, as modifica&ccedil;&otilde;es do Bolsa Fam&iacute;lia v&atilde;o permitir o acesso de mais 39.792 crian&ccedil;as ao programa, segundo dados do Minist&eacute;rio do Desenvolvimento Social e Combate &agrave; Fome (MDS). Na regi&atilde;o Noroeste, 5.012 crian&ccedil;as de 98 munic&iacute;pios passam a estar aptas para receber o benef&iacute;cio.<\/font><\/span><\/p>\n<p class=\"MsoNormal\" style=\"font-family: arial, sans-serif; font-size: 13px; margin-top: 0cm; margin-right: 0cm; margin-bottom: 10pt; margin-left: 0cm; text-align: justify; \"><span style=\"line-height: 18px; font-family: 'Times New Roman', serif; font-size: 12pt; \"><font face=\"verdana,sans-serif\">Al&eacute;m dos cinco benef&iacute;cios pagos &agrave;s crian&ccedil;as, cada fam&iacute;lia pode receber at&eacute; dois benef&iacute;cios por adolescente de 16 e 17 anos. Agora, o valor m&aacute;ximo dos benef&iacute;cios por fam&iacute;lia sobe de R$ 242 para R$ 306. O benef&iacute;cio m&eacute;dio passa para R$ 119, e o m&iacute;nimo &eacute; de R$ 32.<\/font><\/span><\/p>\n<p class=\"MsoNormal\" style=\"font-family: arial, sans-serif; font-size: 13px; margin-top: 0cm; margin-right: 0cm; margin-bottom: 10pt; margin-left: 0cm; text-align: justify; \"><span style=\"line-height: 18px; font-family: 'Times New Roman', serif; font-size: 12pt; \"><font face=\"verdana,sans-serif\">Al&eacute;m da modifica&ccedil;&atilde;o no n&uacute;mero de filhos beneficiados, as medidas de aprimoramento do Bolsa Fam&iacute;lia tamb&eacute;m prev&ecirc;em que os benefici&aacute;rios que solicitarem desligamento volunt&aacute;rio do programa possam voltar a receber os valores, caso fiquem desempregados e percam a renda do trabalho. Todas as novidades integram o programa do Plano Brasil sem Mis&eacute;ria, lan&ccedil;ado neste ano pela presidenta Dilma Rousseff.<\/font><\/span><\/p>\n<p class=\"MsoNormal\" style=\"font-family: arial, sans-serif; font-size: 13px; margin-top: 0cm; margin-right: 0cm; margin-bottom: 10pt; margin-left: 0cm; text-align: justify; \"><span style=\"line-height: 18px; font-family: 'Times New Roman', serif; font-size: 12pt; \"><font face=\"verdana,sans-serif\">&ldquo;O retorno garantido &eacute; uma maneira de incentivar as fam&iacute;lias que obtenham melhoria em sua renda que se desliguem voluntariamente, sem a preocupa&ccedil;&atilde;o de perder o benef&iacute;cio caso voltem &agrave; situa&ccedil;&atilde;o de vulnerabilidade. &Eacute; uma forma de amparo do Governo Federal no provimento de uma vida com mais qualidade e acesso &agrave;s pol&iacute;ticas p&uacute;blicas&rdquo;, explicou a ministra do Desenvolvimento Social, Tereza Campello.<\/font><\/span><\/p>\n<p class=\"MsoNormal\" style=\"font-family: arial, sans-serif; font-size: 13px; margin-top: 0cm; margin-right: 0cm; margin-bottom: 10pt; margin-left: 0cm; text-align: justify; \"><span style=\"line-height: 18px; font-family: 'Times New Roman', serif; font-size: 12pt; \"><font face=\"verdana,sans-serif\">&nbsp;<\/font><\/span><\/p>\n<p class=\"MsoNormal\" style=\"font-family: arial, sans-serif; font-size: 13px; margin-top: 0cm; margin-right: 0cm; margin-bottom: 10pt; margin-left: 0cm; text-align: justify; \"><b><span style=\"line-height: 18px; font-family: 'Times New Roman', serif; font-size: 12pt; \"><font face=\"verdana,sans-serif\">Reajuste<\/font><\/span><\/b><\/p>\n<p class=\"MsoNormal\" style=\"font-family: arial, sans-serif; font-size: 13px; margin-top: 0cm; margin-right: 0cm; margin-bottom: 10pt; margin-left: 0cm; text-align: justify; \"><span style=\"line-height: 18px; font-family: 'Times New Roman', serif; font-size: 12pt; \"><font face=\"verdana,sans-serif\">Em abril deste ano, o governo federal reajustou os benef&iacute;cios do programa em 19,4%, na m&eacute;dia. Mas, para as crian&ccedil;as, a corre&ccedil;&atilde;o foi de 45,5%. Dados do Censo de 2010 do Instituto Brasileiro de Geografia e Estat&iacute;stica (IBGE) mostram que, dos 16,2 milh&otilde;es de brasileiros na extrema pobreza, 40% t&ecirc;m at&eacute; 14 anos.<\/font><\/span><\/p>\n<div class=\"MsoNormal\" style=\"margin-top: 0cm; margin-right: 0cm; margin-bottom: 10pt; margin-left: 0cm; text-align: justify; \"><span style=\"line-height: 18px; font-family: 'Times New Roman', serif; font-size: 12pt; \"><font face=\"verdana,sans-serif\">A folha de pagamento do Bolsa Fam&iacute;lia de setembro, que come&ccedil;ou a ser paga na segunda-feira, j&aacute; inclui 180 mil novas fam&iacute;lias identificadas e cadastradas. At&eacute; o fim deste ano, a meta do Plano &eacute; incluir 320 mil fam&iacute;lias no programa de transfer&ecirc;ncia de renda. Outras 480 mil ser&atilde;o inseridas at&eacute; 2013, totalizando 800 mil. Com a expans&atilde;o, o total de fam&iacute;lias do programa chegou a 13,18 milh&otilde;es. Para garantir todos os avan&ccedil;os, o investimento do governo somar&aacute; R$ 241 milh&otilde;es at&eacute; o fim de 2011.<\/p>\n<p><\/font><\/span><\/p>\n<p class=\"MsoNormal\" style=\"font-family: arial, sans-serif; font-size: 13px; margin-top: 0cm; margin-right: 0cm; margin-bottom: 10pt; margin-left: 0cm; text-align: justify; \"><b><span style=\"line-height: 18px; font-family: 'Times New Roman', serif; font-size: 12pt; \"><font face=\"verdana,sans-serif\"><br \/>\nBolsa Fam&iacute;lia em n&uacute;meros<\/font><\/span><\/b><\/p>\n<p class=\"MsoNormal\" style=\"margin-top: 0cm; margin-right: 0cm; margin-bottom: 10pt; margin-left: 0cm; text-align: justify; \"><font class=\"Apple-style-span\" face=\"verdana, sans-serif\" size=\"3\"><span class=\"Apple-style-span\" style=\"line-height: 18px;\"><br \/>\n<\/span><\/font><i><span style=\"line-height: 18px; font-family: 'Times New Roman', serif; font-size: 12pt; \"><font face=\"verdana,sans-serif\">No Brasil<\/font><\/span><\/i><\/p>\n<p class=\"MsoNormal\" style=\"font-family: arial, sans-serif; font-size: 13px; margin-top: 0cm; margin-right: 0cm; margin-bottom: 10pt; margin-left: 0cm; text-align: justify; \"><span style=\"line-height: 18px; font-family: 'Times New Roman', serif; font-size: 12pt; \"><font face=\"verdana,sans-serif\">Fam&iacute;lias benefici&aacute;rias &#8211; 13.179.472<\/font><\/span><\/p>\n<p class=\"MsoNormal\" style=\"font-family: arial, sans-serif; font-size: 13px; margin-top: 0cm; margin-right: 0cm; margin-bottom: 10pt; margin-left: 0cm; text-align: justify; \"><span style=\"line-height: 18px; font-family: 'Times New Roman', serif; font-size: 12pt; \"><font face=\"verdana,sans-serif\">Valor das transfer&ecirc;ncias &#8211; R$ 1.573.687.473,00<\/font><\/span><\/p>\n<p class=\"MsoNormal\" style=\"font-family: arial, sans-serif; font-size: 13px; margin-top: 0cm; margin-right: 0cm; margin-bottom: 10pt; margin-left: 0cm; text-align: justify; \"><span style=\"line-height: 18px; font-family: 'Times New Roman', serif; font-size: 12pt; \"><font face=\"verdana,sans-serif\">Benef&iacute;cio m&eacute;dio &#8211; R$ 119<\/font><\/span><\/p>\n<p class=\"MsoNormal\" style=\"font-family: arial, sans-serif; font-size: 13px; margin-top: 0cm; margin-right: 0cm; margin-bottom: 10pt; margin-left: 0cm; text-align: justify; \"><span style=\"line-height: 18px; font-family: 'Times New Roman', serif; font-size: 12pt; \"><font face=\"verdana,sans-serif\">&nbsp;<\/font><\/span><\/p>\n<p class=\"MsoNormal\" style=\"font-family: arial, sans-serif; font-size: 13px; margin-top: 0cm; margin-right: 0cm; margin-bottom: 10pt; margin-left: 0cm; text-align: justify; \"><b><span style=\"line-height: 18px; font-family: 'Times New Roman', serif; font-size: 12pt; \"><font face=\"verdana,sans-serif\">No Paran&aacute;<\/font><\/span><\/b><\/p>\n<p class=\"MsoNormal\" style=\"font-family: arial, sans-serif; font-size: 13px; margin-top: 0cm; margin-right: 0cm; margin-bottom: 10pt; margin-left: 0cm; text-align: justify; \"><span style=\"line-height: 18px; font-family: 'Times New Roman', serif; font-size: 12pt; \"><font face=\"verdana,sans-serif\">Fam&iacute;lias benefici&aacute;rias &#8211; 444.889<\/font><\/span><\/p>\n<p class=\"MsoNormal\" style=\"font-family: arial, sans-serif; font-size: 13px; margin-top: 0cm; margin-right: 0cm; margin-bottom: 10pt; margin-left: 0cm; text-align: justify; \"><span style=\"line-height: 18px; font-family: 'Times New Roman', serif; font-size: 12pt; \"><font face=\"verdana,sans-serif\">Valor das transfer&ecirc;ncias &#8211; 49.333.366,00<\/font><\/span><\/p>\n<p class=\"MsoNormal\" style=\"font-family: arial, sans-serif; font-size: 13px; margin-top: 0cm; margin-right: 0cm; margin-bottom: 10pt; margin-left: 0cm; text-align: justify; \"><span style=\"line-height: 18px; font-family: 'Times New Roman', serif; font-size: 12pt; \"><font face=\"verdana,sans-serif\">Benef&iacute;cio m&eacute;dio &ndash; R$ 111<\/font><\/span><\/p>\n<p class=\"MsoNormal\" style=\"font-family: arial, sans-serif; font-size: 13px; margin-top: 0cm; margin-right: 0cm; margin-bottom: 10pt; margin-left: 0cm; text-align: justify; \"><span style=\"line-height: 18px; font-family: 'Times New Roman', serif; font-size: 12pt; \"><font face=\"verdana,sans-serif\">(Dados do MDS, setembro de 2011)<\/font><\/span><\/p>\n<div style=\"font-family: arial, sans-serif; font-size: 13px; \"><span style=\"line-height: 18px; font-family: 'Times New Roman', serif; font-size: 12pt; \"><font face=\"verdana,sans-serif\"><br \/>\n<\/font><\/span><\/div>\n<p><span style=\"line-height: 18px; font-family: 'Times New Roman', serif; font-size: 12pt; \"><font face=\"verdana,sans-serif\"><br \/>\n<br type=\"_moz\" \/><br \/>\n<\/font><\/span><\/div>\n","protected":false},"excerpt":{"rendered":"<p>O deputado federal Zeca Dirceu explica que as medidas de aprimoramento no Programa Bolsa Fam\u00edlia, que entraram em vigor na \u00faltima segunda-feira, far\u00e3o com que mais de cinco mil crian\u00e7as de 98 munic\u00edpios do Noroeste paranaense passem a ter acesso ao programa de transfer\u00eancia de renda. Os novos crit\u00e9rios permitem que cada fam\u00edlia passe a receber at\u00e9 cinco benef\u00edcios para filhos menores de 15 anos de idade. Anteriormente o limite era de tr\u00eas filhos.<\/p>\n","protected":false},"author":1,"featured_media":28213,"comment_status":"open","ping_status":"open","sticky":false,"template":"","format":"standard","meta":{"footnotes":""},"categories":[1],"tags":[6721],"class_list":["post-28214","post","type-post","status-publish","format-standard","has-post-thumbnail","hentry","category-noticias-zeca-dirceu","tag-bolsa-familia-regiao-noroeste"],"_links":{"self":[{"href":"https:\/\/teste.bsb.br\/zeca\/wp-json\/wp\/v2\/posts\/28214","targetHints":{"allow":["GET"]}}],"collection":[{"href":"https:\/\/teste.bsb.br\/zeca\/wp-json\/wp\/v2\/posts"}],"about":[{"href":"https:\/\/teste.bsb.br\/zeca\/wp-json\/wp\/v2\/types\/post"}],"author":[{"embeddable":true,"href":"https:\/\/teste.bsb.br\/zeca\/wp-json\/wp\/v2\/users\/1"}],"replies":[{"embeddable":true,"href":"https:\/\/teste.bsb.br\/zeca\/wp-json\/wp\/v2\/comments?post=28214"}],"version-history":[{"count":0,"href":"https:\/\/teste.bsb.br\/zeca\/wp-json\/wp\/v2\/posts\/28214\/revisions"}],"wp:featuredmedia":[{"embeddable":true,"href":"https:\/\/teste.bsb.br\/zeca\/wp-json\/wp\/v2\/media\/28213"}],"wp:attachment":[{"href":"https:\/\/teste.bsb.br\/zeca\/wp-json\/wp\/v2\/media?parent=28214"}],"wp:term":[{"taxonomy":"category","embeddable":true,"href":"https:\/\/teste.bsb.br\/zeca\/wp-json\/wp\/v2\/categories?post=28214"},{"taxonomy":"post_tag","embeddable":true,"href":"https:\/\/teste.bsb.br\/zeca\/wp-json\/wp\/v2\/tags?post=28214"}],"curies":[{"name":"wp","href":"https:\/\/api.w.org\/{rel}","templated":true}]}}