{"id":28212,"date":"2011-09-20T00:00:00","date_gmt":"2011-09-20T03:00:00","guid":{"rendered":"https:\/\/www.zecadirceu.com.br\/mais-recursos-para-financiar-a-saude-publica\/"},"modified":"2011-09-20T00:00:00","modified_gmt":"2011-09-20T03:00:00","slug":"mais-recursos-para-financiar-a-saude-publica","status":"publish","type":"post","link":"https:\/\/teste.bsb.br\/zeca\/mais-recursos-para-financiar-a-saude-publica\/","title":{"rendered":"Mais recursos para financiar a Sa\u00fade P\u00fablica"},"content":{"rendered":"<p>&nbsp;<span class=\"Apple-style-span\" style=\"font-family: Helvetica, Arial, sans-serif; line-height: 16px; \">O Brasil &eacute; o 7&ordm; PIB do mundo, mas ocupa o 72&ordm; lugar no ranking da OMS (Organiza&ccedil;&atilde;o Mundial da Sa&uacute;de) no gasto per capita com sa&uacute;de. O l&iacute;der deste ranking &eacute; a Noruega, pa&iacute;s n&oacute;rdico que det&eacute;m tamb&eacute;m o t&iacute;tulo de melhor IDH do mundo e que serviu de inspira&ccedil;&atilde;o para o Brasil no momento de construir o novo marco regulat&oacute;rio do pr&eacute;-sal, quando adotamos o modelo da partilha para substituir o modelo da concess&atilde;o. Mas a Noruega pode tamb&eacute;m servir de exemplo no que diz respeito &agrave; concep&ccedil;&atilde;o e gerenciamento do sistema de sa&uacute;de p&uacute;blica.<\/p>\n<p style=\"margin-top: 10px; margin-bottom: 15px; \">Na Am&eacute;rica do Sul, os gastos brasileiros per capita com sa&uacute;de s&atilde;o inferiores aos gastos da Argentina, do Uruguai e do Chile. Entre os membros do G-20, o desempenho do Brasil n&atilde;o &eacute; bom. Fica em 15&ordm; lugar, superando apenas &Aacute;frica do Sul, China, M&eacute;xico, &Iacute;ndia e Indon&eacute;sia em mat&eacute;ria de gasto per capita com sa&uacute;de.<\/p>\n<p style=\"margin-top: 10px; margin-bottom: 15px; \">Este quadro mostra que o principal problema da sa&uacute;de p&uacute;blica no Brasil &eacute; o seu financiamento. A regulamenta&ccedil;&atilde;o da Emenda 29 procura definir com maior precis&atilde;o o que &eacute; gasto com sa&uacute;de p&uacute;blica, o que &eacute; louv&aacute;vel. Mas isso n&atilde;o resolve o problema. Agora mesmo estamos sendo informados, por estudo do IPEA, que em 2009 os Estados deixaram de gastar R$ 2 bilh&otilde;es que legalmente estavam obrigados a desembolsar. Segundo o mesmo estudo, o estado que mais deixou de gastar com sa&uacute;de naquele ano foi o Rio Grande do Sul. Era a brava tucana Yeda Crusius economizando dinheiro em troca da vida dos ga&uacute;chos. Yeda j&aacute; levou seu troco: na tentativa de reelei&ccedil;&atilde;o ficou num distante terceiro lugar.<\/p>\n<p style=\"margin-top: 10px; margin-bottom: 15px; \">No plano nacional, a grande obra da oposi&ccedil;&atilde;o no Senado foi impedir a prorroga&ccedil;&atilde;o da CPMF, no dia 13 de dezembro de 2007, anivers&aacute;rio do AI-5&gt; Com isso, de um s&oacute; golpe, ela retirou de um or&ccedil;amento j&aacute; insuficiente R$ 40 bilh&otilde;es por ano e, simultaneamente, prestou um grande servi&ccedil;o aos sonegadores, visto que a CPMF &eacute; um tipo de tributo que ajuda a Receita Federal a combater os desvios de impostos.<\/p>\n<p style=\"margin-top: 10px; margin-bottom: 15px; \">Engana-se, no entanto, quem pensar que os her&oacute;is deste crime contra as camadas mais pobres da sociedade tenham passado inc&oacute;lumes. Quase todos os que se submeteram &agrave;s urnas de 2010 foram severamente castigados. A derrota foi o destino dos mais ferozes inimigos da CPMF: Arthur Virg&iacute;lio, Tasso Jereissati, Her&aacute;clito Fortes, Efraim de Moraes, etc. Outros sobreviveram precariamente a poder de muito contorcionismo e manipula&ccedil;&atilde;o da imprensa, se apresentando como &quot;amigos&quot; do presidente Lula e at&eacute; produzindo &quot;santinhos&quot; em que apareciam em fotos ao lado do ent&atilde;o presidente da Rep&uacute;blica.<\/p>\n<p style=\"margin-top: 10px; margin-bottom: 15px; \">&Eacute; preciso preservar a mem&oacute;ria para que possamos aprender com os erros que foram cometidos. A li&ccedil;&atilde;o de hoje &eacute; que n&atilde;o temos porque temer uma direita desorientada e sem par&acirc;metros, cujo dogmatismo obtuso e incongruente vai sempre no sentido de prejudicar os mais humildes e de defender os privil&eacute;gios das elites. &Eacute; preciso ter claro que a regulamenta&ccedil;&atilde;o da Emenda 29, sem apontar uma fonte de receita para aumentar os recursos destinados &agrave; sa&uacute;de, carece de efic&aacute;cia. Lembra uma brincadeira de gosto duvidoso, uma armadilha para governantes que recebem a miss&atilde;o de realizar uma determinada miss&atilde;o, mas n&atilde;o recebem os meios para realiz&aacute;-la efetivamente.<\/p>\n<p style=\"margin-top: 10px; margin-bottom: 15px; \">O grande desafio deste Parlamento, se ele quiser se colocar &agrave; altura do momento hist&oacute;rico que estamos vivendo, &eacute; apoiar as medidas levadas a cabo pela presidenta Dilma para fazer face &agrave; crise mundial. Dentro da compreens&atilde;o de que n&atilde;o &eacute; com arrocho fiscal que se combate uma crise desta envergadura, devemos somar esfor&ccedil;os para conseguir mais recursos para a sa&uacute;de, implantando uma estrutura tribut&aacute;ria mais justa, mais progressiva, que fa&ccedil;a com que os ricos paguem mais impostos.<\/p>\n<p style=\"margin-top: 10px; margin-bottom: 15px; \">Estou certo de que as condi&ccedil;&otilde;es est&atilde;o dadas para que o Brasil, que j&aacute; esteve na vanguarda do mundo no combate &agrave; crise de 2008, junte-se a pa&iacute;ses como Fran&ccedil;a, Portugal, Espanha e Estados Unidos, onde est&atilde;o sendo adotadas medidas no sentido de aumentar a tributa&ccedil;&atilde;o sobre os mais ricos, &agrave;s vezes com o apoio de alguns milion&aacute;rios sensatos, para melhor enfrentar a reedi&ccedil;&atilde;o da crise de 2008.<br \/>\n&nbsp;<\/p>\n<p><\/span><span class=\"Apple-style-span\" style=\"font-family: Helvetica, Arial, sans-serif; line-height: 16px; \">Bras&iacute;lia, 20 de setembro de 2011<br \/>\nDeputado Paulo Teixeira<br \/>\nL&iacute;der do PT<\/span><\/p>\n","protected":false},"excerpt":{"rendered":"<p>O Brasil \u00e9 o 7\u00ba PIB do mundo, mas ocupa o 72\u00ba lugar no ranking da OMS (Organiza\u00e7\u00e3o Mundial da Sa\u00fade) no gasto per capita com sa\u00fade. O l\u00edder deste ranking \u00e9 a Noruega, pa\u00eds n\u00f3rdico que det\u00e9m tamb\u00e9m o t\u00edtulo de melhor IDH do mundo e que serviu de inspira\u00e7\u00e3o para o Brasil no momento de construir o novo marco regulat\u00f3rio do pr\u00e9-sal, quando adotamos o modelo da partilha para substituir o modelo da concess\u00e3o. Mas a Noruega pode tamb\u00e9m servir de exemplo no que diz respeito \u00e0 concep\u00e7\u00e3o e gerenciamento do sistema de sa\u00fade p\u00fablica.<\/p>\n","protected":false},"author":1,"featured_media":28211,"comment_status":"open","ping_status":"open","sticky":false,"template":"","format":"standard","meta":{"footnotes":""},"categories":[1],"tags":[6720],"class_list":["post-28212","post","type-post","status-publish","format-standard","has-post-thumbnail","hentry","category-noticias-zeca-dirceu","tag-mais-recursos-saude-publica"],"_links":{"self":[{"href":"https:\/\/teste.bsb.br\/zeca\/wp-json\/wp\/v2\/posts\/28212","targetHints":{"allow":["GET"]}}],"collection":[{"href":"https:\/\/teste.bsb.br\/zeca\/wp-json\/wp\/v2\/posts"}],"about":[{"href":"https:\/\/teste.bsb.br\/zeca\/wp-json\/wp\/v2\/types\/post"}],"author":[{"embeddable":true,"href":"https:\/\/teste.bsb.br\/zeca\/wp-json\/wp\/v2\/users\/1"}],"replies":[{"embeddable":true,"href":"https:\/\/teste.bsb.br\/zeca\/wp-json\/wp\/v2\/comments?post=28212"}],"version-history":[{"count":0,"href":"https:\/\/teste.bsb.br\/zeca\/wp-json\/wp\/v2\/posts\/28212\/revisions"}],"wp:featuredmedia":[{"embeddable":true,"href":"https:\/\/teste.bsb.br\/zeca\/wp-json\/wp\/v2\/media\/28211"}],"wp:attachment":[{"href":"https:\/\/teste.bsb.br\/zeca\/wp-json\/wp\/v2\/media?parent=28212"}],"wp:term":[{"taxonomy":"category","embeddable":true,"href":"https:\/\/teste.bsb.br\/zeca\/wp-json\/wp\/v2\/categories?post=28212"},{"taxonomy":"post_tag","embeddable":true,"href":"https:\/\/teste.bsb.br\/zeca\/wp-json\/wp\/v2\/tags?post=28212"}],"curies":[{"name":"wp","href":"https:\/\/api.w.org\/{rel}","templated":true}]}}