{"id":28198,"date":"2011-09-21T00:00:00","date_gmt":"2011-09-21T03:00:00","guid":{"rendered":"https:\/\/www.zecadirceu.com.br\/este-sera-o-seculo-da-mulher-afirma-presidente-dilma-rousseff-na-onu\/"},"modified":"2011-09-21T00:00:00","modified_gmt":"2011-09-21T03:00:00","slug":"este-sera-o-seculo-da-mulher-afirma-presidente-dilma-rousseff-na-onu","status":"publish","type":"post","link":"https:\/\/teste.bsb.br\/zeca\/este-sera-o-seculo-da-mulher-afirma-presidente-dilma-rousseff-na-onu\/","title":{"rendered":"\u2018Este ser\u00e1 o s\u00e9culo da mulher\u2019, afirma presidente Dilma Rousseff na ONU"},"content":{"rendered":"<p class=\"MsoNormal\" style=\"margin-bottom:0cm;margin-bottom:.0001pt;line-height:\nnormal;background:white\"><span style=\"font-size:10.0pt;font-family:&quot;Arial&quot;,&quot;sans-serif&quot;;\nmso-fareast-font-family:&quot;Times New Roman&quot;;color:black;mso-fareast-language:\nPT-BR\">Primeira mulher a discursar na abertura da Assembleia-Geral das Na&ccedil;&otilde;es Unidas (ONU), a presidente Dilma Rousseff lembrou hoje o fato e se disse orgulhosa. &ldquo;&Eacute; a voz da democracia e da igualdade se ampliando nessa tribuna, que tem compromisso de ser a mais representativa do mundo.&rdquo; E destacou: &ldquo;Vivo este momento hist&oacute;rico com orgulho de mulher. Tenho certeza que este ser&aacute; o s&eacute;culo da mulher.&rdquo;<o:p><\/o:p><\/span><\/p>\n<p class=\"MsoNormal\" style=\"margin-bottom:18.45pt;line-height:normal;vertical-align:\nbaseline\"><span style=\"font-size:10.0pt;font-family:&quot;Arial&quot;,&quot;sans-serif&quot;;\nmso-fareast-font-family:&quot;Times New Roman&quot;;color:black;mso-fareast-language:\nPT-BR\">Segundo Dilma, o mundo vive um momento delicado, mas de grande oportunidade hist&oacute;ria. Ela afirmou que, se a crise econ&ocirc;mica global n&atilde;o for debelada, pode se transformar em uma ruptura &ldquo;sem precedentes&rdquo;, capaz de provocar s&eacute;rios desequil&iacute;brios entre as pessoas e as na&ccedil;&otilde;es. &ldquo;Ou nos unimos todos e sa&iacute;mos vencedores, ou sairemos todos derrotados.&rdquo; Menos importante &eacute; saber quem foram os causadores dessa situa&ccedil;&atilde;o, de acordo com ela.<o:p><\/o:p><\/span><\/p>\n<p class=\"MsoNormal\" style=\"margin-bottom:0cm;margin-bottom:.0001pt;line-height:\nnormal;vertical-align:baseline\"><span style=\"font-size:10.0pt;font-family:&quot;Arial&quot;,&quot;sans-serif&quot;;\nmso-fareast-font-family:&quot;Times New Roman&quot;;color:black;mso-fareast-language:\nPT-BR\">&ldquo;Importa sim, encontrarmos solu&ccedil;&otilde;es coletivas, r&aacute;pidas e verdadeiras. Essa crise &eacute; s&eacute;ria demais para que seja administrada por uns poucos pa&iacute;ses. Seus governos e bancos centrais continuam na responsabilidade da condu&ccedil;&atilde;o do processo, mas sofrem as consequ&ecirc;ncias da crise, todos os pa&iacute;ses. Portanto, t&ecirc;m direito de participar das solu&ccedil;&otilde;es.&rdquo;<br \/>\n<i><span style=\"border:none windowtext 1.0pt;mso-border-alt:none windowtext 0cm;\npadding:0cm\"><br \/>\n<\/span>&nbsp;Ag&ecirc;ncia Estado<\/i><o:p><\/o:p><\/span><\/p>\n<p class=\"MsoNormal\"><span style=\"font-size:10.0pt;line-height:115%\"><o:p>&nbsp;<\/o:p><\/span><\/p>\n","protected":false},"excerpt":{"rendered":"<p>Primeira mulher a discursar na abertura da Assembleia-Geral das Na\u00e7\u00f5es Unidas (ONU), a presidente Dilma Rousseff lembrou hoje o fato e se disse orgulhosa. \u201c\u00c9 a voz da democracia e da igualdade se ampliando nessa tribuna, que tem compromisso de ser a mais representativa do mundo.\u201d E destacou: \u201cVivo este momento hist\u00f3rico com orgulho de mulher. Tenho certeza que este ser\u00e1 o s\u00e9culo da mulher.\u201d Confira o v\u00eddeo no \u00edcone ao lado.<\/p>\n","protected":false},"author":1,"featured_media":28197,"comment_status":"open","ping_status":"open","sticky":false,"template":"","format":"standard","meta":{"footnotes":""},"categories":[1],"tags":[6717],"class_list":["post-28198","post","type-post","status-publish","format-standard","has-post-thumbnail","hentry","category-noticias-zeca-dirceu","tag-dilma-onu"],"_links":{"self":[{"href":"https:\/\/teste.bsb.br\/zeca\/wp-json\/wp\/v2\/posts\/28198","targetHints":{"allow":["GET"]}}],"collection":[{"href":"https:\/\/teste.bsb.br\/zeca\/wp-json\/wp\/v2\/posts"}],"about":[{"href":"https:\/\/teste.bsb.br\/zeca\/wp-json\/wp\/v2\/types\/post"}],"author":[{"embeddable":true,"href":"https:\/\/teste.bsb.br\/zeca\/wp-json\/wp\/v2\/users\/1"}],"replies":[{"embeddable":true,"href":"https:\/\/teste.bsb.br\/zeca\/wp-json\/wp\/v2\/comments?post=28198"}],"version-history":[{"count":0,"href":"https:\/\/teste.bsb.br\/zeca\/wp-json\/wp\/v2\/posts\/28198\/revisions"}],"wp:featuredmedia":[{"embeddable":true,"href":"https:\/\/teste.bsb.br\/zeca\/wp-json\/wp\/v2\/media\/28197"}],"wp:attachment":[{"href":"https:\/\/teste.bsb.br\/zeca\/wp-json\/wp\/v2\/media?parent=28198"}],"wp:term":[{"taxonomy":"category","embeddable":true,"href":"https:\/\/teste.bsb.br\/zeca\/wp-json\/wp\/v2\/categories?post=28198"},{"taxonomy":"post_tag","embeddable":true,"href":"https:\/\/teste.bsb.br\/zeca\/wp-json\/wp\/v2\/tags?post=28198"}],"curies":[{"name":"wp","href":"https:\/\/api.w.org\/{rel}","templated":true}]}}