{"id":28194,"date":"2011-09-21T00:00:00","date_gmt":"2011-09-21T03:00:00","guid":{"rendered":"https:\/\/www.zecadirceu.com.br\/cianorte-e-cef-renovam-adesao-ao-minha-casa-minha-vida\/"},"modified":"2011-09-21T00:00:00","modified_gmt":"2011-09-21T03:00:00","slug":"cianorte-e-cef-renovam-adesao-ao-minha-casa-minha-vida","status":"publish","type":"post","link":"https:\/\/teste.bsb.br\/zeca\/cianorte-e-cef-renovam-adesao-ao-minha-casa-minha-vida\/","title":{"rendered":"Cianorte e CEF renovam ades\u00e3o ao Minha Casa Minha Vida"},"content":{"rendered":"<p>&nbsp;<span class=\"Apple-style-span\" style=\"font-family: 'Times New Roman'; font-size: medium; \">O prefeito Edno Guimar&atilde;es e o superintendente<span>&nbsp;da Caixa Econ&ocirc;mica Federal na regi&atilde;o, Roberto Luiz Bachmann, assinaram, nesta quarta-feira (21), o termo de ades&atilde;o ao Programa Minha Casa Minha Vida &ndash; fase 2. Neste documento constam as atribui&ccedil;&otilde;es e contrapartidas de responsabilidade do poder p&uacute;blico.<\/span><\/span><\/p>\n<div style=\"text-align: justify; \">\n<p class=\"MsoNormal\" style=\"font-family: Verdana, Geneva, sans-serif; margin-top: 0cm; margin-right: 0cm; margin-bottom: 0pt; margin-left: 0cm; \"><span><font size=\"3\"><font face=\"Times New Roman\">Bachmann explicou que nesta segunda fase, o programa traz algumas novidades. &ldquo;O Minha Casa Minha Vida agora conta com um aumento do valor do empreendimento e a participa&ccedil;&atilde;o do poder p&uacute;blico. Nesta segunda fase, a prioridade &eacute; o atendimento das fam&iacute;lias enquadradas na primeira faixa de renda, que passou de R$ 1.395 para R$ 1.600. Tamb&eacute;m ser&atilde;o constru&iacute;das unidades habitacionais maiores e ser&atilde;o criados comit&ecirc;s municipais para identificar impactos da constru&ccedil;&atilde;o dessas moradias&rdquo;, disse.<o:p><\/o:p><\/font><\/font><\/span><\/p>\n<p class=\"MsoNormal\" style=\"font-family: Verdana, Geneva, sans-serif; margin-top: 0cm; margin-right: 0cm; margin-bottom: 0pt; margin-left: 0cm; \"><span><font size=\"3\"><font face=\"Times New Roman\"><span><br \/>\n&nbsp;&nbsp;<\/span>Em Cianorte, o Programa Minha Casa Minha Vida &ndash; Fase 2 &ndash; dever&aacute; construir 132 unidades habitacionais, no distrito de Vidigal. Segundo o prefeito, &ldquo;o terreno para a constru&ccedil;&atilde;o das novas resid&ecirc;ncias, tanto no distrito de Vidigal quanto em S&atilde;o Louren&ccedil;o, j&aacute; foi escolhido e preparado. Vamos trabalhar para que estas casas comecem a ser constru&iacute;das o mais r&aacute;pido poss&iacute;vel&rdquo;.<o:p><\/o:p><\/font><\/font><\/span><\/p>\n<p class=\"MsoNormal\" style=\"font-family: Verdana, Geneva, sans-serif; margin-top: 0cm; margin-right: 0cm; margin-bottom: 0pt; margin-left: 0cm; \"><span><font size=\"3\"><font face=\"Times New Roman\"><span>&nbsp;<\/span>Bachmann ressaltou que &ldquo;a assinatura do termo de ades&atilde;o ao Programa Minha Casa Minha Vida &ndash; fase 2 &ndash; s&oacute; foi poss&iacute;vel, gra&ccedil;as &agrave; seriedade com que o programa foi trabalhado pelo munic&iacute;pio na primeira fase. Cianorte vem sendo exemplo aos demais munic&iacute;pios&rdquo;.<br \/>\n<o:p><\/o:p><\/font><\/font><\/span><font size=\"3\" face=\"Times New Roman\">Tamb&eacute;m estavam presentes o gerente da ag&ecirc;ncia da CEF de Cianorte, Paulo Herce; os gerentes regionais Paulo Marinho (Constru&ccedil;&atilde;o Civil), S&eacute;rgio Scramin (Governo) e Jair Bertoco (Pessoa F&iacute;sica); os vereadores&nbsp;<span>Beto Guimar&atilde;es, Deolindo Novo, Dad&aacute;, Oscar da Taymara, Paulo Renato Coutinho e Serginho; e os secret&aacute;rios municipais&nbsp;<\/span>Nelson Magron J&uacute;nior (Desenvolvimento Municipal) e Mois&eacute;s Ribeiro da Veiga (Bem Estar Social).<\/font><\/p>\n<p class=\"MsoNormal\" style=\"font-family: Verdana, Geneva, sans-serif; margin-top: 0cm; margin-right: 0cm; margin-bottom: 0pt; margin-left: 0cm; \"><span><o:p><font size=\"3\" face=\"Times New Roman\">&nbsp;<\/font><\/o:p><\/span><\/p>\n<p class=\"MsoNormal\" style=\"font-family: Verdana, Geneva, sans-serif; margin-top: 0cm; margin-right: 0cm; margin-bottom: 0pt; margin-left: 0cm; \"><b><span><font size=\"3\"><font face=\"Times New Roman\">FASE 1<br \/>\n<o:p><\/o:p><\/font><\/font><\/span><\/b><font size=\"3\"><font face=\"Times New Roman\"><span><br \/>\nDa fase 1 do Programa, est&atilde;o sendo constru&iacute;das 484 unidades habitacionais, somando investimentos de&nbsp;<\/span>R$ 20,714 milh&otilde;es. O novo conjunto habitacional &ndash; Residencial Aquiles C&ocirc;mar &ndash; ter&aacute; mais de 182,6 mil metros quadrados de &aacute;rea, divididos em 29 quadras. Tamb&eacute;m ser&aacute; composto por 18 vias p&uacute;blicas e uma &aacute;rea verde de mais de 14 mil metros quadrados, proporcionando qualidade de vida aos moradores do local.<\/font><\/font><\/p>\n<p class=\"MsoNormal\" style=\"font-family: Verdana, Geneva, sans-serif; text-indent: 35.4pt; margin-top: 0cm; margin-right: 0cm; margin-bottom: 0pt; margin-left: 0cm; \"><font size=\"3\" face=\"Times New Roman\"><br \/>\nCom uma localiza&ccedil;&atilde;o privilegiada, o conjunto fica h&aacute; apenas 900 metros da Pra&ccedil;a Ol&iacute;mpica, pr&oacute;ximo ao centro da cidade e aos servi&ccedil;os p&uacute;blicos disponibilizados &agrave; popula&ccedil;&atilde;o.<\/font><\/p>\n<p style=\"font-family: Verdana, Geneva, sans-serif; \">&nbsp;<\/p>\n<\/div>\n<p><font class=\"Apple-style-span\" face=\"Verdana, Geneva, sans-serif\">Fonte: Assessoria de Comunica&ccedil;&atilde;o Social prefeitura<\/font><\/p>\n","protected":false},"excerpt":{"rendered":"<p>O prefeito Edno Guimar\u00e3es e o superintendente da Caixa Econ\u00f4mica Federal na regi\u00e3o, Roberto Luiz Bachmann, assinaram, nesta quarta-feira (21), o termo de ades\u00e3o ao Programa Minha Casa Minha Vida \u2013 fase 2. Neste documento constam as atribui\u00e7\u00f5es e contrapartidas de responsabilidade do poder p\u00fablico.<\/p>\n","protected":false},"author":1,"featured_media":28193,"comment_status":"open","ping_status":"open","sticky":false,"template":"","format":"standard","meta":{"footnotes":""},"categories":[1],"tags":[121],"class_list":["post-28194","post","type-post","status-publish","format-standard","has-post-thumbnail","hentry","category-noticias-zeca-dirceu","tag-cianorte"],"_links":{"self":[{"href":"https:\/\/teste.bsb.br\/zeca\/wp-json\/wp\/v2\/posts\/28194","targetHints":{"allow":["GET"]}}],"collection":[{"href":"https:\/\/teste.bsb.br\/zeca\/wp-json\/wp\/v2\/posts"}],"about":[{"href":"https:\/\/teste.bsb.br\/zeca\/wp-json\/wp\/v2\/types\/post"}],"author":[{"embeddable":true,"href":"https:\/\/teste.bsb.br\/zeca\/wp-json\/wp\/v2\/users\/1"}],"replies":[{"embeddable":true,"href":"https:\/\/teste.bsb.br\/zeca\/wp-json\/wp\/v2\/comments?post=28194"}],"version-history":[{"count":0,"href":"https:\/\/teste.bsb.br\/zeca\/wp-json\/wp\/v2\/posts\/28194\/revisions"}],"wp:featuredmedia":[{"embeddable":true,"href":"https:\/\/teste.bsb.br\/zeca\/wp-json\/wp\/v2\/media\/28193"}],"wp:attachment":[{"href":"https:\/\/teste.bsb.br\/zeca\/wp-json\/wp\/v2\/media?parent=28194"}],"wp:term":[{"taxonomy":"category","embeddable":true,"href":"https:\/\/teste.bsb.br\/zeca\/wp-json\/wp\/v2\/categories?post=28194"},{"taxonomy":"post_tag","embeddable":true,"href":"https:\/\/teste.bsb.br\/zeca\/wp-json\/wp\/v2\/tags?post=28194"}],"curies":[{"name":"wp","href":"https:\/\/api.w.org\/{rel}","templated":true}]}}