{"id":28188,"date":"2011-09-21T00:00:00","date_gmt":"2011-09-21T03:00:00","guid":{"rendered":"https:\/\/www.zecadirceu.com.br\/operacao-militar-patrulha-fronteiras-e-instala-postos-de-controle\/"},"modified":"2011-09-21T00:00:00","modified_gmt":"2011-09-21T03:00:00","slug":"operacao-militar-patrulha-fronteiras-e-instala-postos-de-controle","status":"publish","type":"post","link":"https:\/\/teste.bsb.br\/zeca\/operacao-militar-patrulha-fronteiras-e-instala-postos-de-controle\/","title":{"rendered":"Opera\u00e7\u00e3o militar patrulha fronteiras e instala postos de controle"},"content":{"rendered":"<p>&nbsp;<span class=\"Apple-style-span\" style=\"font-size: 10px; \"><span class=\"Apple-style-span\" style=\"color: rgb(40, 49, 48); font-family: Arial, Helvetica, sans-serif; font-size: 13px; line-height: 17px; \">A Opera&ccedil;&atilde;o &Aacute;gata 2 come&ccedil;ou, na &uacute;ltima sexta-feira (16), com uma s&eacute;rie de a&ccedil;&otilde;es de patrulha para combater o crime nos 3,5 mil quil&ocirc;metros de fronteira do Brasil com o Uruguai, Argentina e Paraguai, como parte do Plano Estrat&eacute;gico de Fronteiras (PEF). Com o uso de 30 aeronaves, entre ca&ccedil;as, helic&oacute;pteros e aeronave pilotada a dist&acirc;ncia (Vant), da For&ccedil;a A&eacute;rea Brasileira (FAB), dez mil militares do Ex&eacute;rcito, Marinha e Aeron&aacute;utica instalaram postos de controle e fiscaliza&ccedil;&atilde;o em locais escolhidos pela intelig&ecirc;ncia.&nbsp;<\/span><\/p>\n<p style=\"margin-top: 0px; margin-right: 0px; margin-bottom: 0px; margin-left: 0px; padding-top: 0px; padding-right: 0px; padding-bottom: 18px; padding-left: 0px; border-top-width: 0px; border-right-width: 0px; border-bottom-width: 0px; border-left-width: 0px; border-style: initial; border-color: initial; outline-width: 0px; outline-style: initial; outline-color: initial; vertical-align: baseline; background-image: initial; background-attachment: initial; background-origin: initial; background-clip: initial; background-color: transparent; font: normal normal normal 1.3em\/normal Arial, Helvetica, sans-serif; color: rgb(40, 49, 48); line-height: 17px; background-position: initial initial; background-repeat: initial initial; \">Para defender o espa&ccedil;o a&eacute;reo contra voos il&iacute;citos, durante a Opera&ccedil;&atilde;o &Aacute;gata 2 a FAB mant&eacute;m avi&otilde;es de ca&ccedil;a F-5EM e A-29 Super Tucano nas cidades de Dourados (MS) e Maring&aacute; (PR), pr&oacute;ximas &agrave; fronteira com o Paraguai, al&eacute;m das Bases A&eacute;reas de Canoas (RS) e Campo Grande (MS). Nessa miss&atilde;o tamb&eacute;m &eacute; empregada a rede de radares do Segundo Centro Integrado de Defesa A&eacute;rea e Controle de Tr&aacute;fego A&eacute;reo (Cindacta 2), de Curitiba (PR).<\/p>\n<p style=\"margin-top: 0px; margin-right: 0px; margin-bottom: 0px; margin-left: 0px; padding-top: 0px; padding-right: 0px; padding-bottom: 18px; padding-left: 0px; border-top-width: 0px; border-right-width: 0px; border-bottom-width: 0px; border-left-width: 0px; border-style: initial; border-color: initial; outline-width: 0px; outline-style: initial; outline-color: initial; vertical-align: baseline; background-image: initial; background-attachment: initial; background-origin: initial; background-clip: initial; background-color: transparent; font: normal normal normal 1.3em\/normal Arial, Helvetica, sans-serif; color: rgb(40, 49, 48); line-height: 17px; background-position: initial initial; background-repeat: initial initial; \"><strong class=\"first-child last-child\" style=\"margin-top: 0px; margin-right: 0px; margin-bottom: 0px; margin-left: 0px; padding-top: 0px; padding-right: 0px; padding-bottom: 0px; padding-left: 0px; border-top-width: 0px; border-right-width: 0px; border-bottom-width: 0px; border-left-width: 0px; border-style: initial; border-color: initial; outline-width: 0px; outline-style: initial; outline-color: initial; vertical-align: baseline; background-image: initial; background-attachment: initial; background-origin: initial; background-clip: initial; background-color: transparent; background-position: initial initial; background-repeat: initial initial; \">Plano de fronteiras &#8211;&nbsp;<\/strong>Assim como a &Aacute;gata 1, ocorrida em agosto na Amaz&ocirc;nia, a nova opera&ccedil;&atilde;o faz parte das a&ccedil;&otilde;es do Plano Estrat&eacute;gico de Fronteira, institu&iacute;do por decreto presidencial com a previs&atilde;o de estabelecer uma coordena&ccedil;&atilde;o conjunta e consensual para atuar nas &aacute;reas lim&iacute;trofes do Pa&iacute;s.<\/p>\n<p style=\"margin-top: 0px; margin-right: 0px; margin-bottom: 0px; margin-left: 0px; padding-top: 0px; padding-right: 0px; padding-bottom: 18px; padding-left: 0px; border-top-width: 0px; border-right-width: 0px; border-bottom-width: 0px; border-left-width: 0px; border-style: initial; border-color: initial; outline-width: 0px; outline-style: initial; outline-color: initial; vertical-align: baseline; background-image: initial; background-attachment: initial; background-origin: initial; background-clip: initial; background-color: transparent; font: normal normal normal 1.3em\/normal Arial, Helvetica, sans-serif; color: rgb(40, 49, 48); line-height: 17px; background-position: initial initial; background-repeat: initial initial; \">A &Aacute;gata 2 integra equipes do Ex&eacute;rcito, Marinha e Aeron&aacute;utica, da Ag&ecirc;ncia Brasileira de Intelig&ecirc;ncia (Abin), das pol&iacute;cias Civil e Militar do Rio Grande do Sul, Santa Catarina, Paran&aacute; e Mato Grosso do Sul, da Receita Federal, da Pol&iacute;cia Federal, da Pol&iacute;cia Rodovi&aacute;ria Federal e do Instituto Brasileiro de Meio Ambiente e Recursos Naturais Renov&aacute;veis (Ibama).<\/p>\n<p style=\"margin-top: 0px; margin-right: 0px; margin-bottom: 0px; margin-left: 0px; padding-top: 0px; padding-right: 0px; padding-bottom: 18px; padding-left: 0px; border-top-width: 0px; border-right-width: 0px; border-bottom-width: 0px; border-left-width: 0px; border-style: initial; border-color: initial; outline-width: 0px; outline-style: initial; outline-color: initial; vertical-align: baseline; background-image: initial; background-attachment: initial; background-origin: initial; background-clip: initial; background-color: transparent; font: normal normal normal 1.3em\/normal Arial, Helvetica, sans-serif; color: rgb(40, 49, 48); line-height: 17px; background-position: initial initial; background-repeat: initial initial; \">Cerca de 11 milh&otilde;es de brasileiros vivem nos 710 munic&iacute;pios da faixa de fronteira. Dos 16 mil quil&ocirc;metros da linha lim&iacute;trofe, 9,5 mil s&atilde;o permeados por rios que nascem nos pa&iacute;ses vizinhos e descem em dire&ccedil;&atilde;o ao territ&oacute;rio nacional, servindo como rotas de atua&ccedil;&atilde;o do crime organizado. Para enfrentar o problema, os minist&eacute;rios da Defesa e da Justi&ccedil;a definiram 34 pontos de vulnerabilidade, que ser&atilde;o cobertos pelas For&ccedil;as Armadas em sucessivas edi&ccedil;&otilde;es da Opera&ccedil;&atilde;o &Aacute;gata.<\/p>\n<p style=\"margin-top: 0px; margin-right: 0px; margin-bottom: 0px; margin-left: 0px; padding-top: 0px; padding-right: 0px; padding-bottom: 18px; padding-left: 0px; border-top-width: 0px; border-right-width: 0px; border-bottom-width: 0px; border-left-width: 0px; border-style: initial; border-color: initial; outline-width: 0px; outline-style: initial; outline-color: initial; vertical-align: baseline; background-image: initial; background-attachment: initial; background-origin: initial; background-clip: initial; background-color: transparent; font: normal normal normal 1.3em\/normal Arial, Helvetica, sans-serif; color: rgb(40, 49, 48); line-height: 17px; background-position: initial initial; background-repeat: initial initial; \">O Plano Estrat&eacute;gico de Fronteiras tamb&eacute;m tornou permanente a Opera&ccedil;&atilde;o Sentinela, coordenada pelo Minist&eacute;rio da Justi&ccedil;a desde 2010. Tamb&eacute;m ser&atilde;o instalados gabinetes de gest&atilde;o integrada de fronteira (GGIF) nos dez estados brasileiros que fazem divisa com outros pa&iacute;ses. Corumb&aacute; (MS) e Foz do Igua&ccedil;u (PR) j&aacute; possuem essas unidades que integram e articulam o trabalho dos &oacute;rg&atilde;os de seguran&ccedil;a p&uacute;blica federais, estaduais e municipais.<\/p>\n<p>Secom<\/p>\n<p><\/span><\/p>\n","protected":false},"excerpt":{"rendered":"<p>A Opera\u00e7\u00e3o \u00c1gata 2 come\u00e7ou, na \u00faltima sexta-feira (16), com uma s\u00e9rie de a\u00e7\u00f5es de patrulha para combater o crime nos 3,5 mil quil\u00f4metros de fronteira do Brasil com o Uruguai, Argentina e Paraguai, como parte do Plano Estrat\u00e9gico de Fronteiras (PEF). Com o uso de 30 aeronaves, entre ca\u00e7as, helic\u00f3pteros e aeronave pilotada a dist\u00e2ncia (Vant), da For\u00e7a A\u00e9rea Brasileira (FAB), dez mil militares do Ex\u00e9rcito, Marinha e Aeron\u00e1utica instalaram postos de controle e fiscaliza\u00e7\u00e3o em locais escolhidos pela intelig\u00eancia.<\/p>\n","protected":false},"author":1,"featured_media":28187,"comment_status":"open","ping_status":"open","sticky":false,"template":"","format":"standard","meta":{"footnotes":""},"categories":[1],"tags":[6713],"class_list":["post-28188","post","type-post","status-publish","format-standard","has-post-thumbnail","hentry","category-noticias-zeca-dirceu","tag-fronteiras-operacao-militar-postos-controle"],"_links":{"self":[{"href":"https:\/\/teste.bsb.br\/zeca\/wp-json\/wp\/v2\/posts\/28188","targetHints":{"allow":["GET"]}}],"collection":[{"href":"https:\/\/teste.bsb.br\/zeca\/wp-json\/wp\/v2\/posts"}],"about":[{"href":"https:\/\/teste.bsb.br\/zeca\/wp-json\/wp\/v2\/types\/post"}],"author":[{"embeddable":true,"href":"https:\/\/teste.bsb.br\/zeca\/wp-json\/wp\/v2\/users\/1"}],"replies":[{"embeddable":true,"href":"https:\/\/teste.bsb.br\/zeca\/wp-json\/wp\/v2\/comments?post=28188"}],"version-history":[{"count":0,"href":"https:\/\/teste.bsb.br\/zeca\/wp-json\/wp\/v2\/posts\/28188\/revisions"}],"wp:featuredmedia":[{"embeddable":true,"href":"https:\/\/teste.bsb.br\/zeca\/wp-json\/wp\/v2\/media\/28187"}],"wp:attachment":[{"href":"https:\/\/teste.bsb.br\/zeca\/wp-json\/wp\/v2\/media?parent=28188"}],"wp:term":[{"taxonomy":"category","embeddable":true,"href":"https:\/\/teste.bsb.br\/zeca\/wp-json\/wp\/v2\/categories?post=28188"},{"taxonomy":"post_tag","embeddable":true,"href":"https:\/\/teste.bsb.br\/zeca\/wp-json\/wp\/v2\/tags?post=28188"}],"curies":[{"name":"wp","href":"https:\/\/api.w.org\/{rel}","templated":true}]}}