{"id":28182,"date":"2011-09-21T00:00:00","date_gmt":"2011-09-21T03:00:00","guid":{"rendered":"https:\/\/www.zecadirceu.com.br\/umuarama-tera-r-5-milhoes-do-minha-casa-minha-vida-para-realocar-110-familias\/"},"modified":"2011-09-21T00:00:00","modified_gmt":"2011-09-21T03:00:00","slug":"umuarama-tera-r-5-milhoes-do-minha-casa-minha-vida-para-realocar-110-familias","status":"publish","type":"post","link":"https:\/\/teste.bsb.br\/zeca\/umuarama-tera-r-5-milhoes-do-minha-casa-minha-vida-para-realocar-110-familias\/","title":{"rendered":"Umuarama ter\u00e1 R$ 5 milh\u00f5es do Minha Casa  Minha Vida para realocar 110 fam\u00edlias"},"content":{"rendered":"<p>&nbsp;<span class=\"Apple-style-span\" style=\"font-family: verdana, sans-serif; font-size: 16px; line-height: 18px; \">O gerente regional da Caixa Econ&ocirc;mica Federal para o Noroeste do Paran&aacute;, S&eacute;rgio Luis Scramin, anunciou na tarde de hoje (21) que o munic&iacute;pio de Umuarama receber&aacute; R$ 5 milh&otilde;es para realocar 110 fam&iacute;lias que vivem irregularmente nas &aacute;reas conhecidas como Portelinha e Sete Alqueires, localizadas dentro da &Aacute;rea de Prote&ccedil;&atilde;o Ambiental (APA) do Rio Piava. A verba &eacute; do Or&ccedil;amento Geral da Uni&atilde;o e integra os investimentos previstos no Programa Minha Casa Minha Vida.<\/span><\/p>\n<p class=\"MsoNormal\" style=\"font-family: arial, sans-serif; font-size: 13px; margin-top: 0cm; margin-right: 0cm; margin-bottom: 10pt; margin-left: 0cm; text-align: justify; \"><span style=\"line-height: 18px; font-family: 'Times New Roman', serif; font-size: 12pt; \"><font face=\"verdana,sans-serif\">&ldquo;Fico muito feliz em saber que a Caixa Econ&ocirc;mica est&aacute; atendendo as necessidades e interesses de Umuarama na &aacute;rea habitacional, principalmente porque estes recursos v&atilde;o resolver um problema que se arrasta h&aacute; anos, dando melhores condi&ccedil;&otilde;es de vida para mais de 100 fam&iacute;lias&rdquo;, afirmou o deputado federal Zeca Dirceu (PT-PR).<\/font><\/span><\/p>\n<p class=\"MsoNormal\" style=\"font-family: arial, sans-serif; font-size: 13px; margin-top: 0cm; margin-right: 0cm; margin-bottom: 10pt; margin-left: 0cm; text-align: justify; \"><span style=\"line-height: 18px; font-family: 'Times New Roman', serif; font-size: 12pt; \"><font face=\"verdana,sans-serif\">O an&uacute;ncio foi feito durante encontro na Prefeitura de Umuarama, do qual participaram ainda o prefeito Moacir Silva, o superintendente regional da Caixa, Roberto Luiz Bachmann, a gerente geral da Caixa em Umuarama, Leila Aparecida Sim&otilde;es, outros gerentes e representantes de parlamentares e da imprensa local.<\/font><\/span><\/p>\n<p class=\"MsoNormal\" style=\"font-family: arial, sans-serif; font-size: 13px; margin-top: 0cm; margin-right: 0cm; margin-bottom: 10pt; margin-left: 0cm; text-align: justify; \"><span style=\"line-height: 18px; font-family: 'Times New Roman', serif; font-size: 12pt; \"><font face=\"verdana,sans-serif\">&ldquo;Umuarama est&aacute; crescendo muito nos &uacute;ltimos anos, os indicadores mostram que a cidade se torna cada vez mais um polo de desenvolvimento regional, e grande parte deste resultado se deve aos investimentos feitos aqui pelo Governo Federal. Por isso, quero agradecer publicamente o empenho de toda a equipe da Caixa Econ&ocirc;mica para viabilizar mais este investimento em nossa cidade&rdquo;, disse o prefeito Moacir Silva.<\/font><\/span><\/p>\n<p class=\"MsoNormal\" style=\"font-family: arial, sans-serif; font-size: 13px; margin-top: 0cm; margin-right: 0cm; margin-bottom: 10pt; margin-left: 0cm; text-align: justify; \"><span style=\"line-height: 18px; font-family: 'Times New Roman', serif; font-size: 12pt; \"><font face=\"verdana,sans-serif\">&nbsp;<\/font><\/span><\/p>\n<p class=\"MsoNormal\" style=\"font-family: arial, sans-serif; font-size: 13px; margin-top: 0cm; margin-right: 0cm; margin-bottom: 10pt; margin-left: 0cm; text-align: justify; \"><b><span style=\"line-height: 18px; font-family: 'Times New Roman', serif; font-size: 12pt; \"><font face=\"verdana,sans-serif\">Segunda fase<\/font><\/span><\/b><\/p>\n<p class=\"MsoNormal\" style=\"font-family: arial, sans-serif; font-size: 13px; margin-top: 0cm; margin-right: 0cm; margin-bottom: 10pt; margin-left: 0cm; text-align: justify; \"><span style=\"line-height: 18px; font-family: 'Times New Roman', serif; font-size: 12pt; \"><font face=\"verdana,sans-serif\">No mesmo encontro, o superintendente regional Roberto Bachmann e o prefeito Moacir Silva renovaram os termos de ades&atilde;o entre Prefeitura e Caixa, para a execu&ccedil;&atilde;o da segunda fase do Programa Minha Casa Minha Vida. A mesma renova&ccedil;&atilde;o j&aacute; foi assinada com os munic&iacute;pios de Paranava&iacute; e Cianorte, e ainda nesta semana ser&aacute; feita com Maring&aacute; e Campo Mour&atilde;o.<\/font><\/span><\/p>\n<p class=\"MsoNormal\" style=\"font-family: arial, sans-serif; font-size: 13px; margin-top: 0cm; margin-right: 0cm; margin-bottom: 10pt; margin-left: 0cm; text-align: justify; \"><span style=\"line-height: 18px; font-family: 'Times New Roman', serif; font-size: 12pt; \"><font face=\"verdana,sans-serif\">A segunda fase do Minha Casa Minha Vida teve algumas altera&ccedil;&otilde;es, como o aumento do limite nas faixas de renda. Na faixa mais baixa, cujo limite passou de R$ 1.395 para R$ 1.600, est&aacute; prevista a constru&ccedil;&atilde;o de 34.761 moradias apenas no Paran&aacute;. A faixa intermedi&aacute;ria teve o limite alterado de R$ 2.790 para R$ 3.100, e a faixa de renda mais alta passa de R$ 4.650 para R$ 5.000.<\/font><\/span><\/p>\n<p class=\"MsoNormal\" style=\"font-family: arial, sans-serif; font-size: 13px; margin-top: 0cm; margin-right: 0cm; margin-bottom: 10pt; margin-left: 0cm; text-align: justify; \"><span style=\"line-height: 18px; font-family: 'Times New Roman', serif; font-size: 12pt; \"><font face=\"verdana,sans-serif\">Outra altera&ccedil;&atilde;o prevista para a segunda fase do programa &eacute; a melhoria da qualidade das unidades habitacionais. Dentre as mudan&ccedil;as est&atilde;o a instala&ccedil;&atilde;o de portas e janelas maiores, para melhorar a ventila&ccedil;&atilde;o e entrada de luz natural; a utiliza&ccedil;&atilde;o de esquadrias de alum&iacute;nio, para evitar a corros&atilde;o; a instala&ccedil;&atilde;o de piso cer&acirc;mico em todos os c&ocirc;modos, e de azulejos nas paredes da cozinha e banheiro, e ainda o aquecimento solar.<\/font><\/span><\/p>\n<p class=\"MsoNormal\" style=\"font-family: arial, sans-serif; font-size: 13px; margin-top: 0cm; margin-right: 0cm; margin-bottom: 10pt; margin-left: 0cm; text-align: justify; \"><span style=\"line-height: 18px; font-family: 'Times New Roman', serif; font-size: 12pt; \"><font face=\"verdana,sans-serif\">&nbsp;<\/font><\/span><\/p>\n<p class=\"MsoNormal\" style=\"font-family: arial, sans-serif; font-size: 13px; margin-top: 0cm; margin-right: 0cm; margin-bottom: 10pt; margin-left: 0cm; text-align: justify; \"><b><span style=\"line-height: 18px; font-family: 'Times New Roman', serif; font-size: 12pt; \"><font face=\"verdana,sans-serif\">Nova ag&ecirc;ncia<\/font><\/span><\/b><\/p>\n<p class=\"MsoNormal\" style=\"font-family: arial, sans-serif; font-size: 13px; margin-top: 0cm; margin-right: 0cm; margin-bottom: 10pt; margin-left: 0cm; text-align: justify; \"><span style=\"line-height: 18px; font-family: 'Times New Roman', serif; font-size: 12pt; \"><font face=\"verdana,sans-serif\">O superintendente regional da Caixa Econ&ocirc;mica Federal, Roberto Bachmann, anunciou tamb&eacute;m a abertura, em breve, da segunda ag&ecirc;ncia do banco em Umuarama. A nova ag&ecirc;ncia ter&aacute; localiza&ccedil;&atilde;o central e aproximadamente mil metros quadrados de &aacute;rea constru&iacute;da, mas ainda n&atilde;o data prevista para entrar em opera&ccedil;&atilde;o. &ldquo;Esta nova ag&ecirc;ncia vem suprir uma necessidade da cidade, e mostra a confian&ccedil;a que a popula&ccedil;&atilde;o de Umuarama deposita na Caixa&rdquo;, disse Bachmann.<\/font><\/span><\/p>\n<div class=\"MsoNormal\" style=\"font-family: arial, sans-serif; font-size: 13px; margin-top: 0cm; margin-right: 0cm; margin-bottom: 10pt; margin-left: 0cm; text-align: justify; \"><span style=\"line-height: 18px; font-family: 'Times New Roman', serif; font-size: 12pt; \"><font face=\"verdana,sans-serif\">O deputado federal Zeca Dirceu, que j&aacute; participou de diversas audi&ecirc;ncias com representantes da Caixa para solicitar a abertura de novas ag&ecirc;ncias no Paran&aacute;, comemorou o an&uacute;ncio da segunda ag&ecirc;ncia em Umuarama. &ldquo;&Eacute; a prova de que o Noroeste &eacute; uma regi&atilde;o economicamente muito forte e com grande potencial de desenvolvimento, o que justifica plenamente este investimento na cria&ccedil;&atilde;o de novas ag&ecirc;ncias&rdquo;, disse o parlamentar.<\/font><\/span><\/div>\n<div class=\"MsoNormal\" style=\"font-family: arial, sans-serif; font-size: 13px; margin-top: 0cm; margin-right: 0cm; margin-bottom: 10pt; margin-left: 0cm; text-align: justify; \">&nbsp;<\/div>\n","protected":false},"excerpt":{"rendered":"<p>O gerente regional da Caixa Econ\u00f4mica Federal para o Noroeste do Paran\u00e1, S\u00e9rgio Luis Scramin, anunciou na tarde de hoje (21) que o munic\u00edpio de Umuarama receber\u00e1 R$ 5 milh\u00f5es para realocar 110 fam\u00edlias que vivem irregularmente nas \u00e1reas conhecidas como Portelinha e Sete Alqueires, localizadas dentro da \u00c1rea de Prote\u00e7\u00e3o Ambiental (APA) do Rio Piava. A verba \u00e9 do Or\u00e7amento Geral da Uni\u00e3o e integra os investimentos previstos no Programa Minha Casa Minha Vida.<br \/>\n\u201cFico muito feliz em saber que a Caixa Econ\u00f4mica est\u00e1 atendendo as necessidades e interesses de Umuarama na \u00e1rea habitacional, principalmente porque estes recursos v\u00e3o resolver um problema que se arrasta h\u00e1 anos, dando melhores condi\u00e7\u00f5es de vida para mais de 100 fam\u00edlias\u201d, afirmou o deputado federal Zeca Dirceu (PT-PR).<\/p>\n","protected":false},"author":1,"featured_media":28181,"comment_status":"open","ping_status":"open","sticky":false,"template":"","format":"standard","meta":{"footnotes":""},"categories":[1],"tags":[6711],"class_list":["post-28182","post","type-post","status-publish","format-standard","has-post-thumbnail","hentry","category-noticias-zeca-dirceu","tag-umuarama-minha-casa-minha-vida"],"_links":{"self":[{"href":"https:\/\/teste.bsb.br\/zeca\/wp-json\/wp\/v2\/posts\/28182","targetHints":{"allow":["GET"]}}],"collection":[{"href":"https:\/\/teste.bsb.br\/zeca\/wp-json\/wp\/v2\/posts"}],"about":[{"href":"https:\/\/teste.bsb.br\/zeca\/wp-json\/wp\/v2\/types\/post"}],"author":[{"embeddable":true,"href":"https:\/\/teste.bsb.br\/zeca\/wp-json\/wp\/v2\/users\/1"}],"replies":[{"embeddable":true,"href":"https:\/\/teste.bsb.br\/zeca\/wp-json\/wp\/v2\/comments?post=28182"}],"version-history":[{"count":0,"href":"https:\/\/teste.bsb.br\/zeca\/wp-json\/wp\/v2\/posts\/28182\/revisions"}],"wp:featuredmedia":[{"embeddable":true,"href":"https:\/\/teste.bsb.br\/zeca\/wp-json\/wp\/v2\/media\/28181"}],"wp:attachment":[{"href":"https:\/\/teste.bsb.br\/zeca\/wp-json\/wp\/v2\/media?parent=28182"}],"wp:term":[{"taxonomy":"category","embeddable":true,"href":"https:\/\/teste.bsb.br\/zeca\/wp-json\/wp\/v2\/categories?post=28182"},{"taxonomy":"post_tag","embeddable":true,"href":"https:\/\/teste.bsb.br\/zeca\/wp-json\/wp\/v2\/tags?post=28182"}],"curies":[{"name":"wp","href":"https:\/\/api.w.org\/{rel}","templated":true}]}}