{"id":28166,"date":"2011-09-23T00:00:00","date_gmt":"2011-09-23T03:00:00","guid":{"rendered":"https:\/\/www.zecadirceu.com.br\/zeca-dirceu-leva-demandas-dos-municipios-do-parana-a-coordenacao-nacional-de-saude-bucal\/"},"modified":"2011-09-23T00:00:00","modified_gmt":"2011-09-23T03:00:00","slug":"zeca-dirceu-leva-demandas-dos-municipios-do-parana-a-coordenacao-nacional-de-saude-bucal","status":"publish","type":"post","link":"https:\/\/teste.bsb.br\/zeca\/zeca-dirceu-leva-demandas-dos-municipios-do-parana-a-coordenacao-nacional-de-saude-bucal\/","title":{"rendered":"Zeca Dirceu leva demandas dos munic\u00edpios do Paran\u00e1 \u00e0 Coordena\u00e7\u00e3o Nacional de Sa\u00fade Bucal"},"content":{"rendered":"<p>O deputado Zeca Dirceu (PT-PR) esteve reunido, na &uacute;ltima semana, com o coordenador Nacional de Sa&uacute;de Bucal, Gilberto Pucca. O parlamentar apresentou ao secret&aacute;rio as prioridades dos munic&iacute;pios do Paran&aacute;. Segundo ele, &eacute; fundamental que ocorra uma incrementa&ccedil;&atilde;o na rede p&uacute;blica de sa&uacute;de bucal no estado. Ou&ccedil;a as considera&ccedil;&otilde;es do deputado.<\/p>\n","protected":false},"excerpt":{"rendered":"<p>O deputado Zeca Dirceu (PT-PR) esteve reunido, na \u00faltima semana, com o coordenador Nacional de Sa\u00fade Bucal, Gilberto Pucca. O parlamentar apresentou ao secret\u00e1rio as prioridades dos munic\u00edpios do Paran\u00e1. Segundo ele, \u00e9 fundamental que ocorra uma incrementa\u00e7\u00e3o na rede p\u00fablica de sa\u00fade bucal no estado. Ou\u00e7a as considera\u00e7\u00f5es do deputado.<\/p>\n","protected":false},"author":1,"featured_media":28165,"comment_status":"open","ping_status":"open","sticky":false,"template":"","format":"standard","meta":{"footnotes":""},"categories":[1],"tags":[6707],"class_list":["post-28166","post","type-post","status-publish","format-standard","has-post-thumbnail","hentry","category-noticias-zeca-dirceu","tag-saude-bucal"],"_links":{"self":[{"href":"https:\/\/teste.bsb.br\/zeca\/wp-json\/wp\/v2\/posts\/28166","targetHints":{"allow":["GET"]}}],"collection":[{"href":"https:\/\/teste.bsb.br\/zeca\/wp-json\/wp\/v2\/posts"}],"about":[{"href":"https:\/\/teste.bsb.br\/zeca\/wp-json\/wp\/v2\/types\/post"}],"author":[{"embeddable":true,"href":"https:\/\/teste.bsb.br\/zeca\/wp-json\/wp\/v2\/users\/1"}],"replies":[{"embeddable":true,"href":"https:\/\/teste.bsb.br\/zeca\/wp-json\/wp\/v2\/comments?post=28166"}],"version-history":[{"count":0,"href":"https:\/\/teste.bsb.br\/zeca\/wp-json\/wp\/v2\/posts\/28166\/revisions"}],"wp:featuredmedia":[{"embeddable":true,"href":"https:\/\/teste.bsb.br\/zeca\/wp-json\/wp\/v2\/media\/28165"}],"wp:attachment":[{"href":"https:\/\/teste.bsb.br\/zeca\/wp-json\/wp\/v2\/media?parent=28166"}],"wp:term":[{"taxonomy":"category","embeddable":true,"href":"https:\/\/teste.bsb.br\/zeca\/wp-json\/wp\/v2\/categories?post=28166"},{"taxonomy":"post_tag","embeddable":true,"href":"https:\/\/teste.bsb.br\/zeca\/wp-json\/wp\/v2\/tags?post=28166"}],"curies":[{"name":"wp","href":"https:\/\/api.w.org\/{rel}","templated":true}]}}