{"id":28156,"date":"2011-09-24T00:00:00","date_gmt":"2011-09-24T03:00:00","guid":{"rendered":"https:\/\/www.zecadirceu.com.br\/samu-voltara-a-operar-nos-proximos-meses-na-regiao\/"},"modified":"2011-09-24T00:00:00","modified_gmt":"2011-09-24T03:00:00","slug":"samu-voltara-a-operar-nos-proximos-meses-na-regiao","status":"publish","type":"post","link":"https:\/\/teste.bsb.br\/zeca\/samu-voltara-a-operar-nos-proximos-meses-na-regiao\/","title":{"rendered":"SAMU voltar\u00e1 a operar nos  pr\u00f3ximos meses na regi\u00e3o"},"content":{"rendered":"<p>&nbsp;<span class=\"Apple-style-span\" style=\"font-family: verdana, sans-serif; font-size: 16px; line-height: 18px; \">Em audi&ecirc;ncia com o deputado federal Zeca Dirceu (PT-PR) no &uacute;ltimo dia 19, o secret&aacute;rio de Sa&uacute;de do Paran&aacute;, Michele Caputo Neto, informou que, at&eacute; o m&ecirc;s de novembro, tr&ecirc;s centrais de regula&ccedil;&atilde;o do Servi&ccedil;o de Atendimento M&oacute;vel de Urg&ecirc;ncia (SAMU) j&aacute; estar&atilde;o operando no Estado: nas regi&otilde;es de Umuarama, Paranava&iacute; e Apucarana. Al&eacute;m disso, o secret&aacute;rio avisou que, at&eacute; o in&iacute;cio de 2012, todas as 12 centrais do Estado estar&atilde;o funcionando. Na ocasi&atilde;o, o secret&aacute;rio tamb&eacute;m se comprometeu a dar celeridade aos processos referentes &agrave; habilita&ccedil;&atilde;o de novos hospitais para cirurgias de alta complexidade nos munic&iacute;pios de v&aacute;rias regi&otilde;es do estado.<\/span><\/p>\n<p class=\"MsoNormal\" style=\"font-family: arial, sans-serif; font-size: 13px; margin-top: 0cm; margin-right: 0cm; margin-bottom: 10pt; margin-left: 0cm; text-align: justify; \"><span style=\"line-height: 18px; font-family: 'Times New Roman', serif; font-size: 12pt; \"><font face=\"verdana,sans-serif\"><br \/>\nNo final de 2010, o Minist&eacute;rio da Sa&uacute;de entregou 120 ambul&acirc;ncias do SAMU no Paran&aacute;. No entanto, o servi&ccedil;o est&aacute; paralisado at&eacute; hoje no Estado. As ambul&acirc;ncias s&oacute; podem funcionar se estiverem sob a regula&ccedil;&atilde;o de centrais que controlam o servi&ccedil;o e agendam quando e onde o paciente ser&aacute; atendido. A responsabilidade de colocar as centrais em execu&ccedil;&atilde;o &eacute; dos Estados e munic&iacute;pios. O prazo para elas serem colocadas em funcionamento era de 90 dias ap&oacute;s a entrega. No Paran&aacute;, o prazo venceu para quase todas as centrais.<\/font><\/span><\/p>\n<p class=\"MsoNormal\" style=\"font-family: arial, sans-serif; font-size: 13px; margin-top: 0cm; margin-right: 0cm; margin-bottom: 10pt; margin-left: 0cm; text-align: justify; \"><span style=\"line-height: 18px; font-family: 'Times New Roman', serif; font-size: 12pt; \"><font face=\"verdana,sans-serif\">Esse ano, o minist&eacute;rio estabeleceu, por meio da Portaria n&ordm; 2026\/2011, novo prazo e diretrizes para Estados e munic&iacute;pios colocarem o Samu pra funcionar, j&aacute; que h&aacute; muitas ambul&acirc;ncias paradas em todo o pa&iacute;s. Por meio dessa nova portaria, foram distribu&iacute;dos tamb&eacute;m recursos fundo a fundo para todas as centrais. A transfer&ecirc;ncia fundo a fundo consiste no repasse de valores, de forma regular e autom&aacute;tica, diretamente do FNS para os Estados e munic&iacute;pios, independentemente de conv&ecirc;nio ou instrumento similar.<\/font><\/span><\/p>\n<p class=\"MsoNormal\" style=\"font-family: arial, sans-serif; font-size: 13px; margin-top: 0cm; margin-right: 0cm; margin-bottom: 10pt; margin-left: 0cm; text-align: justify; \"><span style=\"line-height: 18px; font-family: 'Times New Roman', serif; font-size: 12pt; \"><font face=\"verdana,sans-serif\">&ldquo;Fui levar essa quest&atilde;o ao secret&aacute;rio, pois o governo federal j&aacute; fez sua parte, os recursos foram liberados e o SAMU funciona com excel&ecirc;ncia em outros Estados brasileiros. O secret&aacute;rio me disse que as provid&ecirc;ncias cab&iacute;veis j&aacute; est&atilde;o sendo tomadas para que o servi&ccedil;o passe a operar normalmente no Paran&aacute;, algumas dependem dos munic&iacute;pios e outras do Governo do Estado&rdquo;, disse o deputado Zeca Dirceu.<\/font><\/span><\/p>\n<p class=\"MsoNormal\" style=\"font-family: arial, sans-serif; font-size: 13px; margin-top: 0cm; margin-right: 0cm; margin-bottom: 10pt; margin-left: 0cm; text-align: justify; \"><span style=\"line-height: 18px; font-family: 'Times New Roman', serif; font-size: 12pt; \"><font face=\"verdana,sans-serif\">&nbsp;<\/font><\/span><\/p>\n<p class=\"MsoNormal\" style=\"font-family: arial, sans-serif; font-size: 13px; margin-top: 0cm; margin-right: 0cm; margin-bottom: 10pt; margin-left: 0cm; text-align: justify; \"><span style=\"line-height: 18px; font-family: 'Times New Roman', serif; font-size: 12pt; \"><font face=\"verdana,sans-serif\"><strong>Alta complexidade<\/strong><\/font><\/span><\/p>\n<p class=\"MsoNormal\" style=\"font-family: arial, sans-serif; font-size: 13px; margin-top: 0cm; margin-right: 0cm; margin-bottom: 10pt; margin-left: 0cm; text-align: justify; \"><span style=\"line-height: 18px; font-family: 'Times New Roman', serif; font-size: 12pt; \"><font face=\"verdana,sans-serif\">O deputado tamb&eacute;m cobrou agilidade do secret&aacute;rio nos processos referentes &agrave; habilita&ccedil;&atilde;o de hospitais para a realiza&ccedil;&atilde;o de cirurgias de alta complexidade. H&aacute; v&aacute;rios processos dessa natureza acumulados na Secretaria e no Conselho Estadual de Sa&uacute;de. Podem ser classificadas como cirurgias de alta complexidade, por exemplo, as cirurgias cardiovasculares &ndash; no cora&ccedil;&atilde;o &ndash; e bari&aacute;tricas &ndash; que reduz o tamanho do est&ocirc;mago.<\/font><\/span><\/p>\n<div class=\"MsoNormal\" style=\"font-family: arial, sans-serif; font-size: 13px; margin-top: 0cm; margin-right: 0cm; margin-bottom: 10pt; margin-left: 0cm; text-align: justify; \"><span style=\"line-height: 18px; font-family: 'Times New Roman', serif; font-size: 12pt; \"><font face=\"verdana,sans-serif\">O secret&aacute;rio se comprometeu a dar os encaminhamentos necess&aacute;rios para que os hospitais sejam devidamente credenciados. &ldquo;O secret&aacute;rio est&aacute; sens&iacute;vel ao pleito. Estou certo que as provid&ecirc;ncias necess&aacute;rias para que os credenciamentos saiam do papel ser&atilde;o tomadas com a maior rapidez poss&iacute;vel. Estarei atento e acompanhando a quest&atilde;o de Bras&iacute;lia no &acirc;mbito do Minist&eacute;rio da Sa&uacute;de&rdquo;, afirmou Zeca Dirceu.&nbsp;<\/p>\n<p>Acompanhe a reportagem de &aacute;udio no &iacute;cone abaixo.<\/p>\n<p><br type=\"_moz\" \/><br \/>\n<br \/>\n<\/font><\/span><\/div>\n","protected":false},"excerpt":{"rendered":"<p>Em audi\u00eancia com o deputado federal Zeca Dirceu (PT-PR) no \u00faltimo dia 19, o secret\u00e1rio de Sa\u00fade do Paran\u00e1, Michele Caputo Neto, informou que, at\u00e9 o m\u00eas de novembro, tr\u00eas centrais de regula\u00e7\u00e3o do Servi\u00e7o de Atendimento M\u00f3vel de Urg\u00eancia (SAMU) j\u00e1 estar\u00e3o operando no Estado: nas regi\u00f5es de Umuarama, Paranava\u00ed e Apucarana. Al\u00e9m disso, o secret\u00e1rio avisou que, at\u00e9 o in\u00edcio de 2012, todas as 12 centrais do Estado estar\u00e3o funcionando. Acompanhe a reportagem de \u00e1udio no \u00edcone abaixo.<\/p>\n","protected":false},"author":1,"featured_media":28155,"comment_status":"open","ping_status":"open","sticky":false,"template":"","format":"standard","meta":{"footnotes":""},"categories":[1],"tags":[6704],"class_list":["post-28156","post","type-post","status-publish","format-standard","has-post-thumbnail","hentry","category-noticias-zeca-dirceu","tag-samu-regiao"],"_links":{"self":[{"href":"https:\/\/teste.bsb.br\/zeca\/wp-json\/wp\/v2\/posts\/28156","targetHints":{"allow":["GET"]}}],"collection":[{"href":"https:\/\/teste.bsb.br\/zeca\/wp-json\/wp\/v2\/posts"}],"about":[{"href":"https:\/\/teste.bsb.br\/zeca\/wp-json\/wp\/v2\/types\/post"}],"author":[{"embeddable":true,"href":"https:\/\/teste.bsb.br\/zeca\/wp-json\/wp\/v2\/users\/1"}],"replies":[{"embeddable":true,"href":"https:\/\/teste.bsb.br\/zeca\/wp-json\/wp\/v2\/comments?post=28156"}],"version-history":[{"count":0,"href":"https:\/\/teste.bsb.br\/zeca\/wp-json\/wp\/v2\/posts\/28156\/revisions"}],"wp:featuredmedia":[{"embeddable":true,"href":"https:\/\/teste.bsb.br\/zeca\/wp-json\/wp\/v2\/media\/28155"}],"wp:attachment":[{"href":"https:\/\/teste.bsb.br\/zeca\/wp-json\/wp\/v2\/media?parent=28156"}],"wp:term":[{"taxonomy":"category","embeddable":true,"href":"https:\/\/teste.bsb.br\/zeca\/wp-json\/wp\/v2\/categories?post=28156"},{"taxonomy":"post_tag","embeddable":true,"href":"https:\/\/teste.bsb.br\/zeca\/wp-json\/wp\/v2\/tags?post=28156"}],"curies":[{"name":"wp","href":"https:\/\/api.w.org\/{rel}","templated":true}]}}