{"id":28150,"date":"2011-09-25T00:00:00","date_gmt":"2011-09-25T03:00:00","guid":{"rendered":"https:\/\/www.zecadirceu.com.br\/fim-de-semana-e-agenda-cheia-3\/"},"modified":"2011-09-25T00:00:00","modified_gmt":"2011-09-25T03:00:00","slug":"fim-de-semana-e-agenda-cheia-3","status":"publish","type":"post","link":"https:\/\/teste.bsb.br\/zeca\/fim-de-semana-e-agenda-cheia-3\/","title":{"rendered":"Fim de semana e agenda cheia"},"content":{"rendered":"<p>&nbsp;A maratona come&ccedil;ou na quinta-feira, 22, quando visitei a regi&atilde;o sudoeste do Paran&aacute;. O primeiro munic&iacute;pio foi Renascen&ccedil;a, que a convite da deputada estadual Luciana Rafagnin, pude sentir a for&ccedil;a do PT na regi&atilde;o, em um evento preparado para comemorar as novas filia&ccedil;&otilde;es. Estiveram presentes &nbsp;mais de 250 pessoas. Entre os novos filiados estavam o prefeito de Clevel&acirc;ndia, Ademir Jos&eacute; Gheller, que mudou de partido, e o padre Lessir, muito aplaudido pelas lideran&ccedil;as, e que promete ser o grande nome do Partido dos Trabalhadores, no sudoeste.<\/p>\n<p class=\"MsoNormal\">Na sexta-feira, 23, os munic&iacute;pios visitados foram Francisco Beltr&atilde;o, Salgado Filho e Hon&oacute;rio Serpa. Em Francisco Beltr&atilde;o visitei o Centro de Oncologia (Ceonc), as obras do hospital Regional , que receber&aacute; o curso de medicina da Unioeste e conversei com a imprensa local, ao lado da deputada estadual Luciana Rafagnin. Mais tarde em Salgado Filho, pude retribuir o carinho dos eleitores que acreditaram em mim, e ainda que sem visit&aacute;-los durante as elei&ccedil;&otilde;es, tive considerados votos naquele munic&iacute;pio. Hon&oacute;rio Serpa foi a terceira cidade visitada. L&aacute; participei de inaugura&ccedil;&otilde;es, acompanhei obras em andamento e recebi novos projetos, a serem realizados para o munic&iacute;pio.<\/p>\n<p class=\"MsoNormal\"><span>&nbsp;<\/span>No s&aacute;bado, 24, j&aacute; na regi&atilde;o noroeste do estado, acompanhei o ato simb&oacute;lico da ciclovia, uma conquista para Assis Chateaubriand, pela manh&atilde;. Mais tarde me reuni com lideran&ccedil;as e a comunidade de Cafezal do Sul e a noite pude acompanhar a entrega de um caminh&atilde;o de coleta de lixo, mais uma conquista, para o munic&iacute;pio de Perobal.<\/p>\n<p class=\"MsoNormal\">Nesta segunda estarei em Curitiba, onde me re&uacute;no com lideran&ccedil;as do PT, e tamb&eacute;m para reuni&otilde;es com representantes do estado. <\/p>\n<p>Acompanhem durante a semana, aqui no blog, todas as tratativas e novidades das regi&otilde;es visitadas.<\/p>\n","protected":false},"excerpt":{"rendered":"<p>Fim de semana de muito trabalho na regi\u00e3o sudoeste e noroeste do Paran\u00e1. Os munic\u00edpios visitados foram: Renascen\u00e7a, Francisco Beltr\u00e3o, Salgado Filho, Hon\u00f3rio Serpa, Assis Chateaubriand, Cafezal do Sul e Perobal.<\/p>\n","protected":false},"author":1,"featured_media":28149,"comment_status":"open","ping_status":"open","sticky":false,"template":"","format":"standard","meta":{"footnotes":""},"categories":[1],"tags":[6703],"class_list":["post-28150","post","type-post","status-publish","format-standard","has-post-thumbnail","hentry","category-noticias-zeca-dirceu","tag-agenda-zeca"],"_links":{"self":[{"href":"https:\/\/teste.bsb.br\/zeca\/wp-json\/wp\/v2\/posts\/28150","targetHints":{"allow":["GET"]}}],"collection":[{"href":"https:\/\/teste.bsb.br\/zeca\/wp-json\/wp\/v2\/posts"}],"about":[{"href":"https:\/\/teste.bsb.br\/zeca\/wp-json\/wp\/v2\/types\/post"}],"author":[{"embeddable":true,"href":"https:\/\/teste.bsb.br\/zeca\/wp-json\/wp\/v2\/users\/1"}],"replies":[{"embeddable":true,"href":"https:\/\/teste.bsb.br\/zeca\/wp-json\/wp\/v2\/comments?post=28150"}],"version-history":[{"count":0,"href":"https:\/\/teste.bsb.br\/zeca\/wp-json\/wp\/v2\/posts\/28150\/revisions"}],"wp:featuredmedia":[{"embeddable":true,"href":"https:\/\/teste.bsb.br\/zeca\/wp-json\/wp\/v2\/media\/28149"}],"wp:attachment":[{"href":"https:\/\/teste.bsb.br\/zeca\/wp-json\/wp\/v2\/media?parent=28150"}],"wp:term":[{"taxonomy":"category","embeddable":true,"href":"https:\/\/teste.bsb.br\/zeca\/wp-json\/wp\/v2\/categories?post=28150"},{"taxonomy":"post_tag","embeddable":true,"href":"https:\/\/teste.bsb.br\/zeca\/wp-json\/wp\/v2\/tags?post=28150"}],"curies":[{"name":"wp","href":"https:\/\/api.w.org\/{rel}","templated":true}]}}