{"id":28134,"date":"2011-09-26T00:00:00","date_gmt":"2011-09-26T03:00:00","guid":{"rendered":"https:\/\/www.zecadirceu.com.br\/brasil-esta-cada-vez-mais-presente-no-cenario-internacional-diz-presidenta-dilma\/"},"modified":"2011-09-26T00:00:00","modified_gmt":"2011-09-26T03:00:00","slug":"brasil-esta-cada-vez-mais-presente-no-cenario-internacional-diz-presidenta-dilma","status":"publish","type":"post","link":"https:\/\/teste.bsb.br\/zeca\/brasil-esta-cada-vez-mais-presente-no-cenario-internacional-diz-presidenta-dilma\/","title":{"rendered":"Brasil est\u00e1 cada vez mais presente no cen\u00e1rio internacional, diz presidenta Dilma"},"content":{"rendered":"<p>&nbsp;<span class=\"Apple-style-span\" style=\"font-family: Helvetica, Arial, sans-serif; line-height: 16px; \">A presidenta Dilma Rousseff fez uma avalia&ccedil;&atilde;o da participa&ccedil;&atilde;o do Brasil na Assembleia Geral da Organiza&ccedil;&atilde;o das Na&ccedil;&otilde;es Unidas (ONU), no programa de r&aacute;dio Caf&eacute; com a Presidenta desta segunda-feira (26).<\/p>\n<p style=\"margin-top: 10px; margin-bottom: 15px; \">Ela afirmou que foi uma honra discursar na abertura da Assembleia e destacou a necessidade de se buscar uma sa&iacute;da para a crise econ&ocirc;mica internacional.<\/p>\n<p style=\"margin-top: 10px; margin-bottom: 15px; \">&quot;Eu estava representando ali o Brasil, um pa&iacute;s que vem tendo cada vez mais destaque no cen&aacute;rio internacional. A for&ccedil;a do nosso pa&iacute;s e as opini&otilde;es do nosso povo est&atilde;o sendo cada vez mais respeitadas l&aacute; fora. Falei da crise econ&ocirc;mica internacional em meu discurso, Luciano &#91;Seixas, apresentador], porque o mundo vive um momento muito delicado. &Eacute; uma crise financeira que nasceu nos pa&iacute;ses mais ricos e est&aacute; deixando milh&otilde;es e milh&otilde;es de desempregados em todo o mundo, em especial, nos pa&iacute;ses mais ricos.<\/p>\n<p style=\"margin-top: 10px; margin-bottom: 15px; \">A posi&ccedil;&atilde;o defendida pelo Brasil na ONU &eacute; de que a sa&iacute;da para a crise econ&ocirc;mica mundial deve ser discutida por todos os pa&iacute;ses juntos&quot;.<\/p>\n<p style=\"margin-top: 10px; margin-bottom: 15px; \">A Presidenta acrescentou que os pa&iacute;ses desenvolvidos t&ecirc;m maior responsabilidade em rela&ccedil;&atilde;o &agrave; crise, mas que todos os outros pa&iacute;ses sofrem as consequ&ecirc;ncias de alguma forma, ainda que indireta. &quot;Ent&atilde;o, todos devem ter o direito de participar das solu&ccedil;&otilde;es.&quot;<\/p>\n<p style=\"margin-top: 10px; margin-bottom: 15px; \">Segundo Dilma Rousseff, o Brasil est&aacute; preparado para esse momento, uma vez que possui reservas internacionais em d&oacute;lar, um mercado interno fortalecido e os empregos mantidos. Ela disse que o governo trabalha para assegurar o crescimento da economia e para manter a pol&iacute;tica de distribui&ccedil;&atilde;o de renda, com melhoria de oportunidades para a popula&ccedil;&atilde;o.<\/p>\n<p style=\"margin-top: 10px; margin-bottom: 15px; \">Outro assunto de destaque no programa foi a participa&ccedil;&atilde;o da Presidenta na Reuni&atilde;o de Alto N&iacute;vel sobre Doen&ccedil;as Cr&ocirc;nicas N&atilde;o Transmiss&iacute;veis, na qual ela falou sobre o programa Sa&uacute;de n&atilde;o tem Pre&ccedil;o.<\/p>\n<p style=\"margin-top: 10px; margin-bottom: 15px; \">&quot;N&oacute;s j&aacute; distribu&iacute;mos 5,4 milh&otilde;es de medicamentos, em 20 mil farm&aacute;cias que t&ecirc;m aquela placa &#8211; &quot;Aqui tem Farm&aacute;cia Popular&quot;. Isso significa que estamos garantindo o direito das pessoas ao tratamento de sa&uacute;de&quot;. Ela destacou a import&acirc;ncia do programa e afirmou que &quot;praticamente nenhum pa&iacute;s do mundo distribui de gra&ccedil;a, para a sua popula&ccedil;&atilde;o, rem&eacute;dios para hipertens&atilde;o e diabetes. Por isso o interesse sobre esse assunto foi grande, e o nosso exemplo est&aacute; servindo de inspira&ccedil;&atilde;o.&quot;<\/p>\n<p style=\"margin-top: 10px; margin-bottom: 15px; \">O momento hist&oacute;rico de ser a primeira mulher a abrir uma Assembleia Geral das Na&ccedil;&otilde;es Unidas foi destaque tamb&eacute;m no Caf&eacute; com a Presidenta. Segundo Dilma Rousseff, &quot;os caminhos para a participa&ccedil;&atilde;o da mulher est&atilde;o cada vez mais abertos no mundo inteiro, mas h&aacute; muito o que avan&ccedil;ar. A ONU Mulheres, liderada pela ex-presidenta do Chile, Michelle Bachelet, &eacute; um passo importante para coordenar as a&ccedil;&otilde;es e pol&iacute;ticas de apoio &agrave;s mulheres em todo o mundo&quot;.<\/p>\n<p style=\"margin-top: 10px; margin-bottom: 15px; \">&quot;Eu voltei muito animada da Assembleia da ONU. Levamos para o mundo as nossas experi&ecirc;ncias, as nossas ideias e nossa forma de encontrar solu&ccedil;&otilde;es para os problemas.&quot;<\/p>\n<p style=\"margin-top: 10px; margin-bottom: 15px; \">Por &uacute;ltimo, a Presidenta falou sobre os programas sociais e o desenvolvimento econ&ocirc;mico do Brasil. Ela afirmou que o Brasil est&aacute; mostrando ao mundo que &eacute; poss&iacute;vel fazer a economia crescer e, ao mesmo tempo, fazer com que as pessoas melhorem de vida.<\/p>\n<p style=\"margin-top: 10px; margin-bottom: 15px; \">Blog do Planalto<\/p>\n<p><\/span><\/p>\n","protected":false},"excerpt":{"rendered":"<p>A presidenta Dilma Rousseff fez uma avalia\u00e7\u00e3o da participa\u00e7\u00e3o do Brasil na Assembleia Geral da Organiza\u00e7\u00e3o das Na\u00e7\u00f5es Unidas (ONU), no programa de r\u00e1dio Caf\u00e9 com a Presidenta desta segunda-feira (26).<br \/>\nEla afirmou que foi uma honra discursar na abertura da Assembleia e destacou a necessidade de se buscar uma sa\u00edda para a crise econ\u00f4mica internacional.<\/p>\n","protected":false},"author":1,"featured_media":28133,"comment_status":"open","ping_status":"open","sticky":false,"template":"","format":"standard","meta":{"footnotes":""},"categories":[1],"tags":[6697,3669],"class_list":["post-28134","post","type-post","status-publish","format-standard","has-post-thumbnail","hentry","category-noticias-zeca-dirceu","tag-brasil-cenario-internacional","tag-presidenta-dilma"],"_links":{"self":[{"href":"https:\/\/teste.bsb.br\/zeca\/wp-json\/wp\/v2\/posts\/28134","targetHints":{"allow":["GET"]}}],"collection":[{"href":"https:\/\/teste.bsb.br\/zeca\/wp-json\/wp\/v2\/posts"}],"about":[{"href":"https:\/\/teste.bsb.br\/zeca\/wp-json\/wp\/v2\/types\/post"}],"author":[{"embeddable":true,"href":"https:\/\/teste.bsb.br\/zeca\/wp-json\/wp\/v2\/users\/1"}],"replies":[{"embeddable":true,"href":"https:\/\/teste.bsb.br\/zeca\/wp-json\/wp\/v2\/comments?post=28134"}],"version-history":[{"count":0,"href":"https:\/\/teste.bsb.br\/zeca\/wp-json\/wp\/v2\/posts\/28134\/revisions"}],"wp:featuredmedia":[{"embeddable":true,"href":"https:\/\/teste.bsb.br\/zeca\/wp-json\/wp\/v2\/media\/28133"}],"wp:attachment":[{"href":"https:\/\/teste.bsb.br\/zeca\/wp-json\/wp\/v2\/media?parent=28134"}],"wp:term":[{"taxonomy":"category","embeddable":true,"href":"https:\/\/teste.bsb.br\/zeca\/wp-json\/wp\/v2\/categories?post=28134"},{"taxonomy":"post_tag","embeddable":true,"href":"https:\/\/teste.bsb.br\/zeca\/wp-json\/wp\/v2\/tags?post=28134"}],"curies":[{"name":"wp","href":"https:\/\/api.w.org\/{rel}","templated":true}]}}