{"id":28132,"date":"2011-09-26T00:00:00","date_gmt":"2011-09-26T03:00:00","guid":{"rendered":"https:\/\/www.zecadirceu.com.br\/trafego-aereo-em-umuarama-cresce-68-em-nove-anos\/"},"modified":"2011-09-26T00:00:00","modified_gmt":"2011-09-26T03:00:00","slug":"trafego-aereo-em-umuarama-cresce-68-em-nove-anos","status":"publish","type":"post","link":"https:\/\/teste.bsb.br\/zeca\/trafego-aereo-em-umuarama-cresce-68-em-nove-anos\/","title":{"rendered":"Tr\u00e1fego a\u00e9reo em Umuarama cresce 68% em nove anos"},"content":{"rendered":"<p>&nbsp;<span class=\"Apple-style-span\" style=\"color: rgb(51, 51, 51); font-family: Tahoma, Geneva, sans-serif; font-size: 11px; line-height: 11px; \">Um conjunto de obras e melhorias realizadas no Aeroporto Orlando de Carvalho, em Umuarama, fez disparar o movimento de pousos e decolagens de aeronaves no local nos &uacute;ltimos nove anos. Segundo a administra&ccedil;&atilde;o, em 2003 foram apenas 583 pousos contra 982 no primeiro semestre deste ano, ou seja, um aumento de 68%. No ano passado, nos seis primeiros meses do ano foram 623 pousos, o que resulta em um aumento de 57,6% em apenas um ano. Para os respons&aacute;veis, o acr&eacute;scimo se deve a infraestrutura do local que atrai pilotos e passageiros de toda regi&atilde;o.<\/p>\n<div class=\"noticiaDestaque\" style=\"margin-top: 0px; margin-right: 0px; margin-bottom: 0px; margin-left: 0px; padding-top: 0px; padding-right: 0px; padding-bottom: 20px; padding-left: 0px; border-top-width: 0px; border-right-width: 0px; border-bottom-width: initial; border-left-width: 0px; border-style: initial; border-color: initial; outline-width: 0px; outline-style: initial; outline-color: initial; font-size: 11px; vertical-align: baseline; background-image: initial; background-attachment: initial; background-origin: initial; background-clip: initial; background-color: transparent; border-bottom-style: none; border-bottom-color: initial; background-position: initial initial; background-repeat: initial initial; \">\n<div id=\"texto\" style=\"margin-top: 0px; margin-right: 0px; margin-bottom: 0px; margin-left: 0px; padding-top: 0px; padding-right: 0px; padding-bottom: 0px; padding-left: 0px; border-top-width: 0px; border-right-width: 0px; border-bottom-width: 0px; border-left-width: 0px; border-style: initial; border-color: initial; outline-width: 0px; outline-style: initial; outline-color: initial; font-size: 11px; vertical-align: baseline; background-image: initial; background-attachment: initial; background-origin: initial; background-clip: initial; background-color: transparent; text-align: justify; background-position: initial initial; background-repeat: initial initial; \"><br style=\"margin-top: 0px; margin-right: 0px; margin-bottom: 0px; margin-left: 0px; padding-top: 0px; padding-right: 0px; padding-bottom: 0px; padding-left: 0px; \" \/><\/p>\n<p style=\"margin-top: 0px; margin-right: 0px; margin-bottom: 0px; margin-left: 0px; padding-top: 0px; padding-right: 0px; padding-bottom: 0px; padding-left: 0px; border-top-width: 0px; border-right-width: 0px; border-bottom-width: 0px; border-left-width: 0px; border-style: initial; border-color: initial; outline-width: 0px; outline-style: initial; outline-color: initial; font-size: 11px; vertical-align: baseline; background-image: initial; background-attachment: initial; background-origin: initial; background-clip: initial; background-color: transparent; background-position: initial initial; background-repeat: initial initial; \">Criado em 1964, o Orlando de Carvalho era pouco movimentado. Sua estrutura deficiente deu lugar a uma moderna pista com 1400 metros de extens&atilde;o e 30 de largura, que possui posto de abastecimento e hangares para abrigar as aeronaves. &ldquo;Hoje h&aacute;, pelo menos, 300 embarques e desembarques mensais aqui em avi&otilde;es particulares e da Companhia Sol que sai de Umuarama com destino a Curitiba&rdquo;, informa a diretora do aeroporto, Denise Constante de Freitas.<\/p>\n<p><br style=\"margin-top: 0px; margin-right: 0px; margin-bottom: 0px; margin-left: 0px; padding-top: 0px; padding-right: 0px; padding-bottom: 0px; padding-left: 0px; \" \/><\/p>\n<p style=\"margin-top: 0px; margin-right: 0px; margin-bottom: 0px; margin-left: 0px; padding-top: 0px; padding-right: 0px; padding-bottom: 0px; padding-left: 0px; border-top-width: 0px; border-right-width: 0px; border-bottom-width: 0px; border-left-width: 0px; border-style: initial; border-color: initial; outline-width: 0px; outline-style: initial; outline-color: initial; font-size: 11px; vertical-align: baseline; background-image: initial; background-attachment: initial; background-origin: initial; background-clip: initial; background-color: transparent; background-position: initial initial; background-repeat: initial initial; \">Al&eacute;m do intenso movimento de passageiros, o aeroporto atrai regularmente o pouso de aeronaves particulares que procuram o Orlando de Carvalho em busca de um pouso seguro e para o reabastecimento. &ldquo;N&oacute;s somos o &uacute;nico aeroporto da regi&atilde;o que possui uma pista com balizamento noturno &mdash; s&atilde;o 72 luzes que se acendem a noite para que os pilotos possam fazer o pouso com seguran&ccedil;a. Tamb&eacute;m temos o posto de abastecimento com &aacute;gua, g&aacute;s e jet &mdash; o combust&iacute;vel dos avi&otilde;es &mdash; que atrai o pouso de muitos pilotos para o reabastecimento das aeronaves&rdquo;, informa Denise.<\/p>\n<p><br style=\"margin-top: 0px; margin-right: 0px; margin-bottom: 0px; margin-left: 0px; padding-top: 0px; padding-right: 0px; padding-bottom: 0px; padding-left: 0px; \" \/><\/p>\n<p style=\"margin-top: 0px; margin-right: 0px; margin-bottom: 0px; margin-left: 0px; padding-top: 0px; padding-right: 0px; padding-bottom: 0px; padding-left: 0px; border-top-width: 0px; border-right-width: 0px; border-bottom-width: 0px; border-left-width: 0px; border-style: initial; border-color: initial; outline-width: 0px; outline-style: initial; outline-color: initial; font-size: 11px; vertical-align: baseline; background-image: initial; background-attachment: initial; background-origin: initial; background-clip: initial; background-color: transparent; background-position: initial initial; background-repeat: initial initial; \">T&Aacute;XI A&Eacute;REO<\/p>\n<p><br style=\"margin-top: 0px; margin-right: 0px; margin-bottom: 0px; margin-left: 0px; padding-top: 0px; padding-right: 0px; padding-bottom: 0px; padding-left: 0px; \" \/><\/p>\n<p style=\"margin-top: 0px; margin-right: 0px; margin-bottom: 0px; margin-left: 0px; padding-top: 0px; padding-right: 0px; padding-bottom: 0px; padding-left: 0px; border-top-width: 0px; border-right-width: 0px; border-bottom-width: 0px; border-left-width: 0px; border-style: initial; border-color: initial; outline-width: 0px; outline-style: initial; outline-color: initial; font-size: 11px; vertical-align: baseline; background-image: initial; background-attachment: initial; background-origin: initial; background-clip: initial; background-color: transparent; background-position: initial initial; background-repeat: initial initial; \">Conforme a diretora do aeroporto, muitos empres&aacute;rios e funcion&aacute;rios de grandes empresas utilizam o transporte a&eacute;reo para vir at&eacute; a cidade a trabalho ou conhecerem grandes empresas. &ldquo;Parte desse movimento a&eacute;reo da cidade se deve &agrave;s grandes empresas que aqui se instalaram. Muitos empres&aacute;rios vem at&eacute; a cidade de avi&atilde;o ou se deslocam daqui em aeronaves. Prova disso &eacute; que dentro da unidade temos uma dezena de hangares constru&iacute;dos para abrigar essas aeronaves particulares&rdquo;, diz.<\/p>\n<p><br style=\"margin-top: 0px; margin-right: 0px; margin-bottom: 0px; margin-left: 0px; padding-top: 0px; padding-right: 0px; padding-bottom: 0px; padding-left: 0px; \" \/><\/p>\n<p style=\"margin-top: 0px; margin-right: 0px; margin-bottom: 0px; margin-left: 0px; padding-top: 0px; padding-right: 0px; padding-bottom: 0px; padding-left: 0px; border-top-width: 0px; border-right-width: 0px; border-bottom-width: 0px; border-left-width: 0px; border-style: initial; border-color: initial; outline-width: 0px; outline-style: initial; outline-color: initial; font-size: 11px; vertical-align: baseline; background-image: initial; background-attachment: initial; background-origin: initial; background-clip: initial; background-color: transparent; background-position: initial initial; background-repeat: initial initial; \">Mais Estrutura<\/p>\n<p><br style=\"margin-top: 0px; margin-right: 0px; margin-bottom: 0px; margin-left: 0px; padding-top: 0px; padding-right: 0px; padding-bottom: 0px; padding-left: 0px; \" \/><\/p>\n<p style=\"margin-top: 0px; margin-right: 0px; margin-bottom: 0px; margin-left: 0px; padding-top: 0px; padding-right: 0px; padding-bottom: 0px; padding-left: 0px; border-top-width: 0px; border-right-width: 0px; border-bottom-width: 0px; border-left-width: 0px; border-style: initial; border-color: initial; outline-width: 0px; outline-style: initial; outline-color: initial; font-size: 11px; vertical-align: baseline; background-image: initial; background-attachment: initial; background-origin: initial; background-clip: initial; background-color: transparent; background-position: initial initial; background-repeat: initial initial; \">Segundo a diretora, com a reforma do aeroporto que est&aacute; em curso, a unidade atrair&aacute; muito mais aeronaves e passageiros. Or&ccedil;ada em R$ 510 mil, a obra dobrar&aacute; a atual &aacute;rea da unidade de 262,98 metros quadrados para 518,90 metros. A constru&ccedil;&atilde;o, que j&aacute; teve 42% de seu projeto edificado, prev&ecirc; o aumento da atual &aacute;rea esta&ccedil;&atilde;o de embarque e desembarque, a constru&ccedil;&atilde;o de &aacute;reas destinadas a frald&aacute;rio, coffee bar, guich&ecirc;s para venda de passagens e atendimento dos usu&aacute;rios dos servi&ccedil;os a&eacute;reos, revistaria, check-in, entre outras depend&ecirc;ncias. A parte externa vai contar com cobertura e projeto de paisagismo com nova ilumina&ccedil;&atilde;o. Os portadores de defici&ecirc;ncia f&iacute;sica ter&atilde;o acesso exclusivo. Para o futuro, a administra&ccedil;&atilde;o ainda prev&ecirc; o aumento dos hor&aacute;rios de voos para Curitiba. A possibilidade que est&aacute; em estudo &eacute; ter uma linha &agrave; tarde e outra aos fins de semana.<\/p>\n<\/div>\n<\/div>\n<div class=\"clear\" style=\"margin-top: 0px; margin-right: 0px; margin-bottom: 0px; margin-left: 0px; padding-top: 0px; padding-right: 0px; padding-bottom: 0px; padding-left: 0px; border-top-width: 0px; border-right-width: 0px; border-bottom-width: 0px; border-left-width: 0px; border-style: initial; border-color: initial; outline-width: 0px; outline-style: initial; outline-color: initial; font-size: 11px; vertical-align: baseline; background-image: initial; background-attachment: initial; background-origin: initial; background-clip: initial; background-color: transparent; clear: both; background-position: initial initial; background-repeat: initial initial; \">&nbsp;<\/div>\n<p><br style=\"margin-top: 0px; margin-right: 0px; margin-bottom: 0px; margin-left: 0px; padding-top: 0px; padding-right: 0px; padding-bottom: 0px; padding-left: 0px; \" \/><br \/>\n<b style=\"margin-top: 0px; margin-right: 0px; margin-bottom: 0px; margin-left: 0px; padding-top: 0px; padding-right: 0px; padding-bottom: 0px; padding-left: 0px; border-top-width: 0px; border-right-width: 0px; border-bottom-width: 0px; border-left-width: 0px; border-style: initial; border-color: initial; outline-width: 0px; outline-style: initial; outline-color: initial; font-size: 12px; vertical-align: baseline; background-image: initial; background-attachment: initial; background-origin: initial; background-clip: initial; background-color: transparent; background-position: initial initial; background-repeat: initial initial; \">Fonte:<\/b>&nbsp;Tribuna Hoje<\/span><\/p>\n","protected":false},"excerpt":{"rendered":"<p>Um conjunto de obras e melhorias realizadas no Aeroporto Orlando de Carvalho, em Umuarama, fez disparar o movimento de pousos e decolagens de aeronaves no local nos \u00faltimos nove anos. Segundo a administra\u00e7\u00e3o, em 2003 foram apenas 583 pousos contra 982 no primeiro semestre deste ano, ou seja, um aumento de 68%. No ano passado, nos seis primeiros meses do ano foram 623 pousos, o que resulta em um aumento de 57,6% em apenas um ano. Para os respons\u00e1veis, o acr\u00e9scimo se deve a infraestrutura do local que atrai pilotos e passageiros de toda regi\u00e3o.<\/p>\n","protected":false},"author":1,"featured_media":28131,"comment_status":"open","ping_status":"open","sticky":false,"template":"","format":"standard","meta":{"footnotes":""},"categories":[1],"tags":[6696],"class_list":["post-28132","post","type-post","status-publish","format-standard","has-post-thumbnail","hentry","category-noticias-zeca-dirceu","tag-trafego-aereo-em-umuarama"],"_links":{"self":[{"href":"https:\/\/teste.bsb.br\/zeca\/wp-json\/wp\/v2\/posts\/28132","targetHints":{"allow":["GET"]}}],"collection":[{"href":"https:\/\/teste.bsb.br\/zeca\/wp-json\/wp\/v2\/posts"}],"about":[{"href":"https:\/\/teste.bsb.br\/zeca\/wp-json\/wp\/v2\/types\/post"}],"author":[{"embeddable":true,"href":"https:\/\/teste.bsb.br\/zeca\/wp-json\/wp\/v2\/users\/1"}],"replies":[{"embeddable":true,"href":"https:\/\/teste.bsb.br\/zeca\/wp-json\/wp\/v2\/comments?post=28132"}],"version-history":[{"count":0,"href":"https:\/\/teste.bsb.br\/zeca\/wp-json\/wp\/v2\/posts\/28132\/revisions"}],"wp:featuredmedia":[{"embeddable":true,"href":"https:\/\/teste.bsb.br\/zeca\/wp-json\/wp\/v2\/media\/28131"}],"wp:attachment":[{"href":"https:\/\/teste.bsb.br\/zeca\/wp-json\/wp\/v2\/media?parent=28132"}],"wp:term":[{"taxonomy":"category","embeddable":true,"href":"https:\/\/teste.bsb.br\/zeca\/wp-json\/wp\/v2\/categories?post=28132"},{"taxonomy":"post_tag","embeddable":true,"href":"https:\/\/teste.bsb.br\/zeca\/wp-json\/wp\/v2\/tags?post=28132"}],"curies":[{"name":"wp","href":"https:\/\/api.w.org\/{rel}","templated":true}]}}