{"id":28128,"date":"2011-09-26T00:00:00","date_gmt":"2011-09-26T03:00:00","guid":{"rendered":"https:\/\/www.zecadirceu.com.br\/semana-da-pequena-empresa-comeca-no-dia-5-de-outubro-em-umuarama\/"},"modified":"2011-09-26T00:00:00","modified_gmt":"2011-09-26T03:00:00","slug":"semana-da-pequena-empresa-comeca-no-dia-5-de-outubro-em-umuarama","status":"publish","type":"post","link":"https:\/\/teste.bsb.br\/zeca\/semana-da-pequena-empresa-comeca-no-dia-5-de-outubro-em-umuarama\/","title":{"rendered":"Semana da Pequena Empresa come\u00e7a no dia 5 de outubro, em Umuarama"},"content":{"rendered":"<p>&nbsp;O<span class=\"Apple-style-span\" style=\"font-family: arial, sans-serif; font-size: 13px; \">itocentas pessoas, entre empres&aacute;rios, empreendedores individuais e colaboradores, s&atilde;o esperadas para a Semana da Pequena Empresa, que ser&aacute; realizada em Umuarama, no noroeste do Paran&aacute;, de 5 a 7 de outubro. A mobiliza&ccedil;&atilde;o, promovida pelo Sebrae\/PR, Sicoob Arenito e Prefeitura Municipal, com apoio de entidades locais, oferece programa&ccedil;&atilde;o intensa com foco em micro e pequenas empresas.<\/p>\n<p>De acordo com o consultor do Sebrae\/PR em Umuarama, Adriano Pereira da Silva, a iniciativa faz parte da comemora&ccedil;&atilde;o do Dia Nacional da Micro e Pequena Empresa, institu&iacute;da no dia 5 de outubro. &ldquo;Queremos prestigiar empreendedores e empres&aacute;rios e, para isso, vamos intensificar os trabalhos do Sebrae\/PR para levar informa&ccedil;&otilde;es que far&atilde;o diferen&ccedil;a para as empresas de Umuarama&rdquo;, afirma o consultor.<\/p>\n<p>No primeiro dia de evento, est&aacute; agendada a palestra &ldquo;Superando as metas em vendas e negocia&ccedil;&atilde;o&rdquo;, que ser&aacute; realizada duas vezes, uma sess&atilde;o das 8h30 &agrave;s 12 horas e outra das 14 &agrave;s 17h30, com a palestrante Jane Eyre Cruz. No mesmo dia, tamb&eacute;m est&aacute; programada a palestra-show &ldquo;A incr&iacute;vel arte de vender 2&rdquo;, que ser&aacute; apresentada pelo grupo de teatro Seu Chico &amp; Cia, de Santa Catarina, a partir das 19h30.&nbsp;<\/p>\n<p>J&aacute; no segundo dia de mobiliza&ccedil;&atilde;o, Ana Carolina Dallalio ministrar&aacute; o tema &ldquo;Como aumentar suas vendas&rdquo;, que tamb&eacute;m ser&aacute; abordado duas vezes nos hor&aacute;rios das 8h30 &agrave;s 12 horas e das 14 horas &agrave;s 17h30. &Agrave; noite, Luiz Walter Pacola palestrar&aacute;, &agrave;s 19h30, sobre &ldquo;Como tornar-se empreendedor individual&rdquo;.<\/p>\n<p>A Semana da Pequena Empresa ser&aacute; finalizada, no dia 7 de outubro, com duas sess&otilde;es da palestra &ldquo;Vendendo mais com m&uacute;ltiplos canais&rdquo;, abordada pelo Ricardo Guirado nos hor&aacute;rios das 8h30 &agrave;s 12 horas e das 14 &agrave;s 17h30.&nbsp;<\/p>\n<p>Segundo Adriano Pereira, a maioria das palestras ganha foco em vendas porque a melhora do atendimento &eacute; uma necessidade latente, e eventos dessa natureza s&atilde;o muito solicitados pelos empres&aacute;rios. J&aacute; a explana&ccedil;&atilde;o sobre Empreendedor Individual visa o incentivo &agrave; formaliza&ccedil;&atilde;o e apresentar as vantagens da categoria.&nbsp;&nbsp;<\/p>\n<p>Moacir Silva, prefeito de Umuarama, afirma que micro e pequenas empresas t&ecirc;m papel estrat&eacute;gico no desenvolvimento econ&ocirc;mico e social do munic&iacute;pio. &ldquo;O trabalho do Sebrae\/PR se sobressai por ampliar o horizonte dos empres&aacute;rios, proporcionando condi&ccedil;&otilde;es para a expans&atilde;o de seus neg&oacute;cios. Por isso, as orienta&ccedil;&otilde;es prestadas na Semana da Pequena Empresa tendem a fortalecer o setor e, por consequ&ecirc;ncia, o munic&iacute;pio&rdquo;, assinala.<\/p>\n<p>Celso Chaparro, diretor-superintendente do Sicoob Arenito, tamb&eacute;m considera a iniciativa muito v&aacute;lida porque a maioria das empresas do munic&iacute;pio se enquadra como micro e pequeno empreendimento. &ldquo;&Eacute; importante que o segmento receba apoio de entidades empresariais. Umuarama vive um pico de desenvolvimento. &Eacute; um momento hist&oacute;rico e a base desse resultado &eacute; a diversifica&ccedil;&atilde;o da economia e as micro e pequenas empresas, que geram emprego e renda&rdquo;, enfatiza.<\/p>\n<p><b>Crescimento<\/b><br \/>\nLevantamento da Junta Comercial do Paran&aacute; (Jucepar) aponta que, no primeiro semestre deste ano, Umuarama teve aumento de 3,7% na quantidade de empresas instaladas no munic&iacute;pio, o que corresponde a 752 novos empreendimentos. Outro dado positivo, divulgado nesta semana pelo Sebrae\/PR, &eacute; que Umuarama &eacute; o 16&ordm; do Paran&aacute; com os melhores resultados no &Iacute;ndice de Desenvolvimento Municipal para Micro e Pequenas Empresas (IDMPE).<\/p>\n<p><b>Para participar<\/b><br \/>\nPara participar da Semana da Pequena Empresa, os interessados devem doar um quilo de alimento n&atilde;o-perec&iacute;vel em cada palestra. O volume arrecadado ser&aacute; destinado ao Programa do Voluntariado Paranaense (Provopar), que far&aacute; o encaminhamento adequado para entidades que promovem a&ccedil;&otilde;es sociais.<\/p>\n<p>Sete palestras ser&atilde;o realizadas no escrit&oacute;rio do Sebrae\/PR em Umuarama, que fica na Avenida Brasil, 3.404, telefone&nbsp;<a href=\"tel:%2844%29%203622-7065\" value=\"+14436227065\" target=\"_blank\" style=\"color: rgb(0, 0, 204); \">(44) 3622-7065<\/a>. J&aacute; a palestra-show &ldquo;A incr&iacute;vel arte de vender 2&rdquo; ser&aacute; no Centro Cultural Schubert.<\/p>\n<p><b>Sobre o Sebrae\/PR<\/b><br \/>\nO Sebrae\/PR &#8211; Servi&ccedil;o de Apoio &agrave;s Micro e Pequenas Empresas do Estado do Paran&aacute; &eacute; uma institui&ccedil;&atilde;o sem fins lucrativos que foi criada para dar apoio aos empres&aacute;rios de pequenos neg&oacute;cios e aos empreendedores interessados em abrir micro e pequenas empresas. No Brasil, s&atilde;o 27 unidades e 750 postos de atendimentos espalhados de norte a sul. No&nbsp; Paran&aacute;, cinco regionais e 11 escrit&oacute;rios. A entidade chega aos 399 munic&iacute;pios do Estado por meio do&nbsp; atendimento itinerante, pontos de atendimento e de parceiros como associa&ccedil;&otilde;es, sindicatos, cooperativas, &oacute;rg&atilde;os p&uacute;blicos e privados. O Sebrae\/PR oferece palestras, capacita&ccedil;&otilde;es empresariais, treinamentos, projetos, programas e solu&ccedil;&otilde;es empresariais, com foco no empreendedorismo, setores estrat&eacute;gicos, pol&iacute;ticas p&uacute;blicas, tecnologia e inova&ccedil;&atilde;o, orienta&ccedil;&atilde;o ao cr&eacute;dito, acesso ao mercado, internacionaliza&ccedil;&atilde;o, redes de coopera&ccedil;&atilde;o e programas de lideran&ccedil;as.&nbsp;<br \/>\n<\/span><\/p>\n","protected":false},"excerpt":{"rendered":"<p>Oitocentas pessoas, entre empres\u00e1rios, empreendedores individuais e colaboradores, s\u00e3o esperadas para a Semana da Pequena Empresa, que ser\u00e1 realizada em Umuarama, no noroeste do Paran\u00e1, de 5 a 7 de outubro. A mobiliza\u00e7\u00e3o, promovida pelo Sebrae\/PR, Sicoob Arenito e Prefeitura Municipal, com apoio de entidades locais, oferece programa\u00e7\u00e3o intensa com foco em micro e pequenas empresas.<\/p>\n","protected":false},"author":1,"featured_media":28127,"comment_status":"open","ping_status":"open","sticky":false,"template":"","format":"standard","meta":{"footnotes":""},"categories":[1],"tags":[6694],"class_list":["post-28128","post","type-post","status-publish","format-standard","has-post-thumbnail","hentry","category-noticias-zeca-dirceu","tag-pequena-empresa-umuarama"],"_links":{"self":[{"href":"https:\/\/teste.bsb.br\/zeca\/wp-json\/wp\/v2\/posts\/28128","targetHints":{"allow":["GET"]}}],"collection":[{"href":"https:\/\/teste.bsb.br\/zeca\/wp-json\/wp\/v2\/posts"}],"about":[{"href":"https:\/\/teste.bsb.br\/zeca\/wp-json\/wp\/v2\/types\/post"}],"author":[{"embeddable":true,"href":"https:\/\/teste.bsb.br\/zeca\/wp-json\/wp\/v2\/users\/1"}],"replies":[{"embeddable":true,"href":"https:\/\/teste.bsb.br\/zeca\/wp-json\/wp\/v2\/comments?post=28128"}],"version-history":[{"count":0,"href":"https:\/\/teste.bsb.br\/zeca\/wp-json\/wp\/v2\/posts\/28128\/revisions"}],"wp:featuredmedia":[{"embeddable":true,"href":"https:\/\/teste.bsb.br\/zeca\/wp-json\/wp\/v2\/media\/28127"}],"wp:attachment":[{"href":"https:\/\/teste.bsb.br\/zeca\/wp-json\/wp\/v2\/media?parent=28128"}],"wp:term":[{"taxonomy":"category","embeddable":true,"href":"https:\/\/teste.bsb.br\/zeca\/wp-json\/wp\/v2\/categories?post=28128"},{"taxonomy":"post_tag","embeddable":true,"href":"https:\/\/teste.bsb.br\/zeca\/wp-json\/wp\/v2\/tags?post=28128"}],"curies":[{"name":"wp","href":"https:\/\/api.w.org\/{rel}","templated":true}]}}