{"id":28098,"date":"2011-09-27T00:00:00","date_gmt":"2011-09-27T03:00:00","guid":{"rendered":"https:\/\/www.zecadirceu.com.br\/pac-2-abre-novas-inscricoes-em-outubro\/"},"modified":"2011-09-27T00:00:00","modified_gmt":"2011-09-27T03:00:00","slug":"pac-2-abre-novas-inscricoes-em-outubro","status":"publish","type":"post","link":"https:\/\/teste.bsb.br\/zeca\/pac-2-abre-novas-inscricoes-em-outubro\/","title":{"rendered":"PAC 2 abre novas inscri\u00e7\u00f5es em outubro"},"content":{"rendered":"<p>&nbsp;O deputado federal Zeca Dirceu esteve em audi&ecirc;ncia com a coordena&ccedil;&atilde;o do PAC &ndash; Programa de Acelera&ccedil;&atilde;o do Crescimento &ndash; do Minist&eacute;rio do Planejamento. Zeca reivindicou que sejam agilizados os processos de libera&ccedil;&atilde;o de recursos para os munic&iacute;pios do Paran&aacute;. Segundo o parlamentar a equipe do programa informou que no in&iacute;cio de outubro haver&aacute; uma nova sele&ccedil;&atilde;o de munic&iacute;pios para receber recursos do PAC 2; para obras de saneamento, habita&ccedil;&atilde;o, drenagem urbana, creches, quadras, UBS e UPAs.<\/p>\n<p class=\"MsoNormal\">&ldquo;Essa &eacute; uma boa not&iacute;cia, uma vez que podemos incluir novos projetos e mais munic&iacute;pios paranaenses. Aproveitei para cobrar recursos pedidos no ano passado e que ainda n&atilde;o saiu, para que o quanto antes as obras sejam licitadas e executadas&rdquo;, explicou o deputado. Acompanhe a reportagem completa no &iacute;cone abaixo.<\/p>\n","protected":false},"excerpt":{"rendered":"<p>O deputado federal Zeca Dirceu esteve em audi\u00eancia com a coordena\u00e7\u00e3o do PAC \u2013 Programa de Acelera\u00e7\u00e3o do Crescimento \u2013 do Minist\u00e9rio do Planejamento. Zeca reivindicou que sejam agilizados os processos de libera\u00e7\u00e3o de recursos para os munic\u00edpios do Paran\u00e1. Segundo o parlamentar a equipe do programa informou que no in\u00edcio de outubro haver\u00e1 uma nova sele\u00e7\u00e3o de munic\u00edpios para receber recursos do PAC 2; para obras de saneamento, habita\u00e7\u00e3o, drenagem urbana, creches, quadras, UBS e UPAs.Acompanhe a reportagem completa no \u00edcone abaixo<\/p>\n","protected":false},"author":1,"featured_media":28097,"comment_status":"open","ping_status":"open","sticky":false,"template":"","format":"standard","meta":{"footnotes":""},"categories":[1],"tags":[6679],"class_list":["post-28098","post","type-post","status-publish","format-standard","has-post-thumbnail","hentry","category-noticias-zeca-dirceu","tag-pac-2-abre-novas-inscricoes-em-outubro"],"_links":{"self":[{"href":"https:\/\/teste.bsb.br\/zeca\/wp-json\/wp\/v2\/posts\/28098","targetHints":{"allow":["GET"]}}],"collection":[{"href":"https:\/\/teste.bsb.br\/zeca\/wp-json\/wp\/v2\/posts"}],"about":[{"href":"https:\/\/teste.bsb.br\/zeca\/wp-json\/wp\/v2\/types\/post"}],"author":[{"embeddable":true,"href":"https:\/\/teste.bsb.br\/zeca\/wp-json\/wp\/v2\/users\/1"}],"replies":[{"embeddable":true,"href":"https:\/\/teste.bsb.br\/zeca\/wp-json\/wp\/v2\/comments?post=28098"}],"version-history":[{"count":0,"href":"https:\/\/teste.bsb.br\/zeca\/wp-json\/wp\/v2\/posts\/28098\/revisions"}],"wp:featuredmedia":[{"embeddable":true,"href":"https:\/\/teste.bsb.br\/zeca\/wp-json\/wp\/v2\/media\/28097"}],"wp:attachment":[{"href":"https:\/\/teste.bsb.br\/zeca\/wp-json\/wp\/v2\/media?parent=28098"}],"wp:term":[{"taxonomy":"category","embeddable":true,"href":"https:\/\/teste.bsb.br\/zeca\/wp-json\/wp\/v2\/categories?post=28098"},{"taxonomy":"post_tag","embeddable":true,"href":"https:\/\/teste.bsb.br\/zeca\/wp-json\/wp\/v2\/tags?post=28098"}],"curies":[{"name":"wp","href":"https:\/\/api.w.org\/{rel}","templated":true}]}}