{"id":28090,"date":"2011-09-28T00:00:00","date_gmt":"2011-09-28T03:00:00","guid":{"rendered":"https:\/\/www.zecadirceu.com.br\/a-verdade-doa-a-quem-doer\/"},"modified":"2011-09-28T00:00:00","modified_gmt":"2011-09-28T03:00:00","slug":"a-verdade-doa-a-quem-doer","status":"publish","type":"post","link":"https:\/\/teste.bsb.br\/zeca\/a-verdade-doa-a-quem-doer\/","title":{"rendered":"A verdade doa a quem doer"},"content":{"rendered":"<p>&nbsp;<span class=\"Apple-style-span\" style=\"font-family: verdana, 'arial sans-serif'; \"><tt class=\"chamada\" style=\"margin-top: 0px; margin-right: 0px; margin-bottom: 0px; margin-left: 0px; padding-top: 0px; padding-right: 0px; padding-bottom: 0px; padding-left: 10px; list-style-type: none; list-style-position: initial; list-style-image: initial; border-top-style: none; border-right-style: none; border-bottom-style: none; border-left-style: none; border-width: initial; border-color: initial; background-image: url(http:\/\/www.gazetadopovo.com.br\/img\/gazetanova\/img.gif?11.02.22); background-attachment: initial; background-origin: initial; background-clip: initial; background-color: initial; color: rgb(19, 77, 134); font: normal normal normal 10px\/normal arial; text-transform: uppercase; width: auto; background-position: -289px 4px; background-repeat: no-repeat no-repeat; \">OPINI&Atilde;O DO DIA 1<\/tt><\/p>\n<h3 style=\"margin-top: 5px; margin-right: 0px; margin-bottom: 7px; margin-left: 0px; padding-top: 0px; padding-right: 0px; padding-bottom: 0px; padding-left: 0px; list-style-type: none; list-style-position: initial; list-style-image: initial; border-top-style: none; border-right-style: none; border-bottom-style: none; border-left-style: none; border-width: initial; border-color: initial; color: rgb(19, 77, 134); font: normal normal normal 36px\/36px georgia !important; \">&nbsp;<\/h3>\n<p><tt class=\"creditoh\" style=\"margin-top: 0px; margin-right: 0px; margin-bottom: 7px; margin-left: 0px; padding-top: 0px; padding-right: 0px; padding-bottom: 0px; padding-left: 0px; list-style-type: none; list-style-position: initial; list-style-image: initial; border-top-style: none; border-right-style: none; border-bottom-style: none; border-left-style: none; border-width: initial; border-color: initial; color: rgb(163, 162, 162); font: normal normal normal 10px\/normal verdana; float: left; \">Publicado em 28\/09\/2011 |&nbsp;<em style=\"margin-top: 0px; margin-right: 0px; margin-bottom: 0px; margin-left: 0px; padding-top: 0px; padding-right: 0px; padding-bottom: 0px; padding-left: 0px; list-style-type: none; list-style-position: initial; list-style-image: initial; border-top-style: none; border-right-style: none; border-bottom-style: none; border-left-style: none; border-width: initial; border-color: initial; text-transform: uppercase; color: rgb(19, 77, 134); font-style: normal; font-family: arial; \">ZECA DIRCEU<\/em><\/tt><\/p>\n<div id=\"psdotexto\" style=\"margin-top: 0px; margin-right: 0px; margin-bottom: 0px; margin-left: 0px; padding-top: 0px; padding-right: 0px; padding-bottom: 0px; padding-left: 0px; list-style-type: none; list-style-position: initial; list-style-image: initial; border-top-style: none; border-right-style: none; border-bottom-style: none; border-left-style: none; border-width: initial; border-color: initial; font-size: 12px; line-height: 16px; \">\n<p style=\"margin-top: 12px; margin-right: 10px; margin-bottom: 12px; margin-left: 0px; padding-top: 0px; padding-right: 0px; padding-bottom: 0px; padding-left: 0px; list-style-type: none; list-style-position: initial; list-style-image: initial; border-top-style: none; border-right-style: none; border-bottom-style: none; border-left-style: none; border-width: initial; border-color: initial; font-family: verdana, arial, helvetica, sans-serif; \">A C&acirc;mara dos Deputados aprovou o projeto que cria a Comiss&atilde;o Nacional da Verdade. Agora a proposta segue para o Senado. Enviado pelo ent&atilde;o presidente Luiz In&aacute;cio Lula da Silva, em 2010, o projeto prev&ecirc; a apura&ccedil;&atilde;o das viola&ccedil;&otilde;es aos direitos humanos no per&iacute;odo compreendido entre 1946 e 1988 &ndash; hiato entre as duas &uacute;ltimas Constitui&ccedil;&otilde;es do pa&iacute;s. A estrat&eacute;gia &eacute; aprovar, tanto na C&acirc;mara como no Senado, em regime de urg&ecirc;ncia urgent&iacute;ssima, ou seja, sem debater nas comiss&otilde;es parlamentares. A discuss&atilde;o do tema mostra que o Brasil evoluiu &ndash; e muito &ndash; nos &uacute;ltimos anos. E com ele, suas resolu&ccedil;&otilde;es.<\/p>\n<p style=\"margin-top: 12px; margin-right: 10px; margin-bottom: 12px; margin-left: 0px; padding-top: 0px; padding-right: 0px; padding-bottom: 0px; padding-left: 0px; list-style-type: none; list-style-position: initial; list-style-image: initial; border-top-style: none; border-right-style: none; border-bottom-style: none; border-left-style: none; border-width: initial; border-color: initial; font-family: verdana, arial, helvetica, sans-serif; \">O tema &eacute; delicado. Envolve um per&iacute;odo da vida nacional, principalmente entre 1964 e 1979, quando foi promulgada a Lei da Anistia, em que o pa&iacute;s viveu submerso numa ditadura militar que se caracterizou pela aus&ecirc;ncia de democracia, pela supress&atilde;o dos direitos constitucionais, da censura, persegui&ccedil;&atilde;o pol&iacute;tica e repress&atilde;o aos que eram contr&aacute;rios ao regime. A democracia plena s&oacute; ressurgiu em 1985 com a ru&iacute;na da ditadura. Seu efeito mais imediato foi a elabora&ccedil;&atilde;o de uma nova Carta Magna em 1988. Apesar dos avan&ccedil;os democr&aacute;ticos, algumas cicatrizes deixaram estampadas as marcas de uma a&ccedil;&atilde;o desumana e cruel: a tortura, a morte e o desaparecimento de centenas de brasileiros. Ainda hoje n&atilde;o se sabe o n&uacute;mero exato dessas v&iacute;timas, mas certamente somam-se as centenas.<\/p>\n<p style=\"margin-top: 12px; margin-right: 10px; margin-bottom: 12px; margin-left: 0px; padding-top: 0px; padding-right: 0px; padding-bottom: 0px; padding-left: 0px; list-style-type: none; list-style-position: initial; list-style-image: initial; border-top-style: none; border-right-style: none; border-bottom-style: none; border-left-style: none; border-width: initial; border-color: initial; font-family: verdana, arial, helvetica, sans-serif; \">A Comiss&atilde;o da Verdade busca apenas reparar esses erros. N&atilde;o h&aacute; qualquer sentido de vingan&ccedil;a, de arb&iacute;trio ou de ca&ccedil;a &agrave;s bruxas. Ali&aacute;s, se assim fosse, estar&iacute;amos cometendo o mesmo erro &agrave;s avessas. Mas as fam&iacute;lias e principalmente as v&iacute;timas do arb&iacute;trio merecem respeito. Segundo a psicanalista Maria Rita Kehl &ldquo;o ressentimento n&atilde;o abate aqueles que foram derrotados na luta e no enfrentamento com o opressor e sim os que recuaram sem lutar e perdoaram sem exigir repara&ccedil;&atilde;o&rdquo;. &Eacute; justamente isso que a Comiss&atilde;o se prop&otilde;e fazer a partir de agora.<\/p>\n<p style=\"margin-top: 12px; margin-right: 10px; margin-bottom: 12px; margin-left: 0px; padding-top: 0px; padding-right: 0px; padding-bottom: 0px; padding-left: 0px; list-style-type: none; list-style-position: initial; list-style-image: initial; border-top-style: none; border-right-style: none; border-bottom-style: none; border-left-style: none; border-width: initial; border-color: initial; font-family: verdana, arial, helvetica, sans-serif; \">A experi&ecirc;ncia brasileira n&atilde;o &eacute; nenhuma novidade. Um dos exemplos cl&aacute;ssicos deu-se na &Aacute;frica do Sul ap&oacute;s a queda do apartheid &ndash; o regime de segrega&ccedil;&atilde;o racial que vigorou entre 1948 e 1988 e foi definitivamente enterrado com a elei&ccedil;&atilde;o de Nelson Mandela. A &uacute;nica alternativa para restabelecer a verdade era conhecer os fatos e ouvir dos pr&oacute;prios part&iacute;cipes suas vers&otilde;es. Na Alemanha, ap&oacute;s a queda do Muro de Berlim e a reunifica&ccedil;&atilde;o dos povos, tamb&eacute;m foi necess&aacute;rio reabrir os arquivos da policia secreta.<\/p>\n<p style=\"margin-top: 12px; margin-right: 10px; margin-bottom: 12px; margin-left: 0px; padding-top: 0px; padding-right: 0px; padding-bottom: 0px; padding-left: 0px; list-style-type: none; list-style-position: initial; list-style-image: initial; border-top-style: none; border-right-style: none; border-bottom-style: none; border-left-style: none; border-width: initial; border-color: initial; font-family: verdana, arial, helvetica, sans-serif; \">Por certo foram cometidos excessos de ambos os lados. No entanto, nada pode ser mais cruel e torturante diante de um trauma social que o sil&ecirc;ncio dos que se dizem vencedores. Restam os filhos mortos de pais vivos; os filhos vivos de pais que nunca se fizeram presentes. &Eacute; preciso que a verdade venha &agrave; tona para quem sabe amenizar o sofrimento dos que insistem em conhec&ecirc;-la.<\/p>\n<p style=\"margin-top: 12px; margin-right: 10px; margin-bottom: 12px; margin-left: 0px; padding-top: 0px; padding-right: 0px; padding-bottom: 0px; padding-left: 0px; list-style-type: none; list-style-position: initial; list-style-image: initial; border-top-style: none; border-right-style: none; border-bottom-style: none; border-left-style: none; border-width: initial; border-color: initial; font-family: verdana, arial, helvetica, sans-serif; \">A responsabilidade do Congresso Nacional &eacute; da maior relev&acirc;ncia. Certamente haver&aacute; controv&eacute;rsias e grandes obst&aacute;culos at&eacute; a conclus&atilde;o dos resultados da Comiss&atilde;o, cuja fun&ccedil;&atilde;o n&atilde;o &eacute; julgar, mas coordenar um processo que devolva &agrave;s fam&iacute;lias nada mais do que a verdade. Ou como diria o poeta Thiago de Mello, &ldquo;Aos que n&atilde;o sabem conv&ecirc;m contar; aos que se esquecem, conv&ecirc;m lembrar.&rdquo;<\/p>\n<p style=\"margin-top: 12px; margin-right: 10px; margin-bottom: 12px; margin-left: 0px; padding-top: 0px; padding-right: 0px; padding-bottom: 0px; padding-left: 0px; list-style-type: none; list-style-position: initial; list-style-image: initial; border-top-style: none; border-right-style: none; border-bottom-style: none; border-left-style: none; border-width: initial; border-color: initial; font-family: verdana, arial, helvetica, sans-serif; \"><i style=\"margin-top: 0px; margin-right: 0px; margin-bottom: 0px; margin-left: 0px; padding-top: 0px; padding-right: 0px; padding-bottom: 0px; padding-left: 0px; list-style-type: none; list-style-position: initial; list-style-image: initial; border-top-style: none; border-right-style: none; border-bottom-style: none; border-left-style: none; border-width: initial; border-color: initial; \">Zeca Dirceu &eacute; deputado federal pelo PT-PR.<\/p>\n<p>Fonte: Gazeta do Povo<br type=\"_moz\" \/><br \/>\n<\/i><\/p>\n<\/div>\n<p><\/span><\/p>\n","protected":false},"excerpt":{"rendered":"<p>Meu artigo sobre a comiss\u00e3o da verdade saiu hoje no Jornal Gazeta do Povo, do PR, no caderno Opini\u00e3o. Agrade\u00e7o aos editores pelo espa\u00e7o. Clique e acompanhe a reportagem.<\/p>\n","protected":false},"author":1,"featured_media":28089,"comment_status":"open","ping_status":"open","sticky":false,"template":"","format":"standard","meta":{"footnotes":""},"categories":[1],"tags":[6675],"class_list":["post-28090","post","type-post","status-publish","format-standard","has-post-thumbnail","hentry","category-noticias-zeca-dirceu","tag-a-verdade-doa-a-quem-doer"],"_links":{"self":[{"href":"https:\/\/teste.bsb.br\/zeca\/wp-json\/wp\/v2\/posts\/28090","targetHints":{"allow":["GET"]}}],"collection":[{"href":"https:\/\/teste.bsb.br\/zeca\/wp-json\/wp\/v2\/posts"}],"about":[{"href":"https:\/\/teste.bsb.br\/zeca\/wp-json\/wp\/v2\/types\/post"}],"author":[{"embeddable":true,"href":"https:\/\/teste.bsb.br\/zeca\/wp-json\/wp\/v2\/users\/1"}],"replies":[{"embeddable":true,"href":"https:\/\/teste.bsb.br\/zeca\/wp-json\/wp\/v2\/comments?post=28090"}],"version-history":[{"count":0,"href":"https:\/\/teste.bsb.br\/zeca\/wp-json\/wp\/v2\/posts\/28090\/revisions"}],"wp:featuredmedia":[{"embeddable":true,"href":"https:\/\/teste.bsb.br\/zeca\/wp-json\/wp\/v2\/media\/28089"}],"wp:attachment":[{"href":"https:\/\/teste.bsb.br\/zeca\/wp-json\/wp\/v2\/media?parent=28090"}],"wp:term":[{"taxonomy":"category","embeddable":true,"href":"https:\/\/teste.bsb.br\/zeca\/wp-json\/wp\/v2\/categories?post=28090"},{"taxonomy":"post_tag","embeddable":true,"href":"https:\/\/teste.bsb.br\/zeca\/wp-json\/wp\/v2\/tags?post=28090"}],"curies":[{"name":"wp","href":"https:\/\/api.w.org\/{rel}","templated":true}]}}