{"id":28088,"date":"2011-09-28T00:00:00","date_gmt":"2011-09-28T03:00:00","guid":{"rendered":"https:\/\/www.zecadirceu.com.br\/pt-do-sudoeste-anuncia-novas-filiacoes-3\/"},"modified":"2011-09-28T00:00:00","modified_gmt":"2011-09-28T03:00:00","slug":"pt-do-sudoeste-anuncia-novas-filiacoes-3","status":"publish","type":"post","link":"https:\/\/teste.bsb.br\/zeca\/pt-do-sudoeste-anuncia-novas-filiacoes-3\/","title":{"rendered":"PT do Sudoeste anuncia novas filia\u00e7\u00f5es"},"content":{"rendered":"<p>&nbsp;<span>&nbsp;<\/span>O munic&iacute;pio de Renascen&ccedil;a sediou um ato do PT do Sudoeste para anunciar novas filia&ccedil;&otilde;es e pr&eacute;-candidaturas municipais, com a presen&ccedil;a de aproximadamente 350 militantes da regi&atilde;o. Contou com a presen&ccedil;a do presidente estadual do partido, &Ecirc;nio Verri, do secret&aacute;rio nacional de Comunica&ccedil;&otilde;es do PT, Andr&eacute; Vargas, do deputado federal Zeca Dirceu e da deputada estadual e l&iacute;der da bancada do PT na Assembleia Legislativa do Paran&aacute;, deputada estadual Luciana Rafagnin.<\/p>\n<p class=\"MsoNormal\"><o:p><\/o:p><\/p>\n<p class=\"MsoNormal\">Uma das filia&ccedil;&otilde;es mais aguardadas &eacute; a do ex-prefeito de Dois Vizinhos por dois mandatos, Pe. Lessir Canan Bortoli (eleito pelo PMDB), que saiu agora do PDT para ingressar na milit&acirc;ncia do PT de Renascen&ccedil;a, onde exerce a fun&ccedil;&atilde;o de p&aacute;roco local. Padre Lessir tem um reconhecido trabalho na &aacute;rea social, com foco na inclus&atilde;o, que o faz se identificar com as pol&iacute;ticas p&uacute;blicas dos governos do PT de Lula e Dilma para o pa&iacute;s.<o:p><\/o:p><\/p>\n<p class=\"MsoNormal\"><o:p>&nbsp;<\/o:p>Pr&eacute;-candidaturas<o:p><\/o:p><\/p>\n<p class=\"MsoNormal\">A coordena&ccedil;&atilde;o do PT no Sudoeste do Paran&aacute; foi muito procurada nos &uacute;ltimos meses por lideran&ccedil;as da regi&atilde;o que querem ingressar no partido da presidenta Dilma e dos ministros Gleisi Hoffmann e Paulo Bernardo e que, inclusive, se disp&otilde;em a colocar seus nomes &agrave; disposi&ccedil;&atilde;o da legenda para a corrida eleitoral do ano que vem. &Eacute; o caso do ex-prefeito de Amp&eacute;re, Roberto Detoni (ex-PMDB), do vereador do PPS de Vitorino, Claudiovani Correa, e do vereador do PDT de Bom Jesus do Sul, La&iacute;de Pinheiro Cabral. O PT j&aacute; tem pr&eacute;-candidaturas pr&oacute;prias definidas tamb&eacute;m nos munic&iacute;pios de Pato Branco &ndash; com o professor Irineu Ferraz -, de Capanema, onde o nome que surge &eacute; o do atual vice-prefeito, Cl&eacute;sio Novick, de Francisco Beltr&atilde;o &ndash; com os nomes do candidato nas elei&ccedil;&otilde;es passadas, Eduardo Scirea, e do vereador Jucemar Madruga &ndash; e de Pranchita, com a candidatura &agrave; reelei&ccedil;&atilde;o do prefeito Marcos Michelon.<\/p>\n<p>Assessoria Deputada Estadual Luciana Rafagnin<br \/>\n<o:p><\/o:p><\/p>\n","protected":false},"excerpt":{"rendered":"<p>O munic\u00edpio de Renascen\u00e7a sediou um ato do PT do Sudoeste para anunciar novas filia\u00e7\u00f5es e pr\u00e9-candidaturas municipais, com a presen\u00e7a de aproximadamente 350 militantes da regi\u00e3o. Contou com a presen\u00e7a do presidente estadual do partido, \u00canio Verri, do secret\u00e1rio nacional de Comunica\u00e7\u00f5es do PT, Andr\u00e9 Vargas, do deputado federal Zeca Dirceu e da deputada estadual e l\u00edder da bancada do PT na Assembleia Legislativa do Paran\u00e1, deputada estadual Luciana Rafagnin.<\/p>\n","protected":false},"author":1,"featured_media":28087,"comment_status":"open","ping_status":"open","sticky":false,"template":"","format":"standard","meta":{"footnotes":""},"categories":[1],"tags":[6674],"class_list":["post-28088","post","type-post","status-publish","format-standard","has-post-thumbnail","hentry","category-noticias-zeca-dirceu","tag-pt-do-sudoeste-anuncia-novas-filiacoes"],"_links":{"self":[{"href":"https:\/\/teste.bsb.br\/zeca\/wp-json\/wp\/v2\/posts\/28088","targetHints":{"allow":["GET"]}}],"collection":[{"href":"https:\/\/teste.bsb.br\/zeca\/wp-json\/wp\/v2\/posts"}],"about":[{"href":"https:\/\/teste.bsb.br\/zeca\/wp-json\/wp\/v2\/types\/post"}],"author":[{"embeddable":true,"href":"https:\/\/teste.bsb.br\/zeca\/wp-json\/wp\/v2\/users\/1"}],"replies":[{"embeddable":true,"href":"https:\/\/teste.bsb.br\/zeca\/wp-json\/wp\/v2\/comments?post=28088"}],"version-history":[{"count":0,"href":"https:\/\/teste.bsb.br\/zeca\/wp-json\/wp\/v2\/posts\/28088\/revisions"}],"wp:featuredmedia":[{"embeddable":true,"href":"https:\/\/teste.bsb.br\/zeca\/wp-json\/wp\/v2\/media\/28087"}],"wp:attachment":[{"href":"https:\/\/teste.bsb.br\/zeca\/wp-json\/wp\/v2\/media?parent=28088"}],"wp:term":[{"taxonomy":"category","embeddable":true,"href":"https:\/\/teste.bsb.br\/zeca\/wp-json\/wp\/v2\/categories?post=28088"},{"taxonomy":"post_tag","embeddable":true,"href":"https:\/\/teste.bsb.br\/zeca\/wp-json\/wp\/v2\/tags?post=28088"}],"curies":[{"name":"wp","href":"https:\/\/api.w.org\/{rel}","templated":true}]}}