{"id":28076,"date":"2011-09-28T00:00:00","date_gmt":"2011-09-28T03:00:00","guid":{"rendered":"https:\/\/www.zecadirceu.com.br\/jose-dirceu-e-hoje-o-lancamento-de-meu-livro-tempos-de-planicie\/"},"modified":"2011-09-28T00:00:00","modified_gmt":"2011-09-28T03:00:00","slug":"jose-dirceu-e-hoje-o-lancamento-de-meu-livro-tempos-de-planicie","status":"publish","type":"post","link":"https:\/\/teste.bsb.br\/zeca\/jose-dirceu-e-hoje-o-lancamento-de-meu-livro-tempos-de-planicie\/","title":{"rendered":"Jos\u00e9 Dirceu: \u201c\u00c9 hoje o lan\u00e7amento de meu livro \u2018Tempos de Plan\u00edcie\u201d"},"content":{"rendered":"<p>&nbsp;Espero todos voc&ecirc;s logo mais no in&iacute;cio da noite &ndash; a partir das 19 h &ndash; no lan&ccedil;amento de Bras&iacute;lia do meu livro Tempos de Plan&iacute;cie, no restaurante Carpe Diem. &Eacute; uma colet&acirc;nea de artigos meus publicados em diversos jornais e revistas nos &uacute;ltimos anos e que selecionei com muito crit&eacute;rio para transmitir a voc&ecirc;s meu pensamento e posi&ccedil;&otilde;es adotadas nos &uacute;ltimos anos.<\/p>\n<p class=\"MsoNormal\"><o:p><\/o:p><\/p>\n<p class=\"MsoNormal\">Os artigos sintetizam, tamb&eacute;m, como vejo o PT, o governo federal e as rela&ccedil;&otilde;es que estes estabelecem com a sociedade, ontem e hoje. S&atilde;o, ainda, um manifesto pessoal pela transforma&ccedil;&atilde;o de nossa sociedade, independentemente dos obst&aacute;culos que se interponham a essa caminhada.<o:p><\/o:p><\/p>\n<p class=\"MsoNormal\">Roteiro para seu in&iacute;cio de noite hoje em Bras&iacute;lia:<o:p><\/o:p><\/p>\n<p class=\"MsoNormal\">Tempos de Plan&iacute;cie, de Jos&eacute; Dirceu<o:p><\/o:p><\/p>\n<p class=\"MsoNormal\" style=\"margin-bottom:0cm;margin-bottom:.0001pt\">Data: Quarta-feira, 28 de Setembro<o:p><\/o:p><\/p>\n<p class=\"MsoNormal\" style=\"margin-bottom:0cm;margin-bottom:.0001pt\">Hor&aacute;rio: 19h00<o:p><\/o:p><\/p>\n<p class=\"MsoNormal\" style=\"margin-bottom:0cm;margin-bottom:.0001pt\">Local: Carpe Diem<o:p><\/o:p><\/p>\n<p class=\"MsoNormal\" style=\"margin-bottom:0cm;margin-bottom:.0001pt\">Endere&ccedil;o: CLS 104<o:p><\/o:p><\/p>\n<p class=\"MsoNormal\" style=\"margin-bottom:0cm;margin-bottom:.0001pt\">Bl D s\/n lj 1 Bras&iacute;lia &ndash; DF<\/p>\n<p class=\"MsoNormal\" style=\"margin-bottom:0cm;margin-bottom:.0001pt\"><o:p>&nbsp;<\/o:p><\/p>\n<p class=\"MsoNormal\" style=\"margin-bottom:0cm;margin-bottom:.0001pt\">Quero abra&ccedil;ar a cada um de voc&ecirc;s no lan&ccedil;amento desta quarta-feira. Espero-os no Carpe Diem. Ser&aacute; um prazer encontr&aacute;-los por l&aacute;!<\/p>\n<p class=\"MsoNormal\" style=\"margin-bottom:0cm;margin-bottom:.0001pt\"><o:p>&nbsp;<\/o:p><\/p>\n<p class=\"MsoNormal\">28\/9\/2011 Por Jos&eacute; Dirceu<o:p><\/o:p><\/p>\n","protected":false},"excerpt":{"rendered":"<p>Espero todos voc\u00eas logo mais no in\u00edcio da noite \u2013 a partir das 19 h \u2013 no lan\u00e7amento de Bras\u00edlia do meu livro Tempos de Plan\u00edcie, no restaurante Carpe Diem. \u00c9 uma colet\u00e2nea de artigos meus publicados em diversos jornais e revistas nos \u00faltimos anos e que selecionei com muito crit\u00e9rio para transmitir a voc\u00eas meu pensamento e posi\u00e7\u00f5es adotadas nos \u00faltimos anos.<\/p>\n","protected":false},"author":1,"featured_media":28075,"comment_status":"open","ping_status":"open","sticky":false,"template":"","format":"standard","meta":{"footnotes":""},"categories":[1],"tags":[6672],"class_list":["post-28076","post","type-post","status-publish","format-standard","has-post-thumbnail","hentry","category-noticias-zeca-dirceu","tag-jose-dirceu-e-hoje-o-lancamento-de-meu-livro-tempos-de-planicie"],"_links":{"self":[{"href":"https:\/\/teste.bsb.br\/zeca\/wp-json\/wp\/v2\/posts\/28076","targetHints":{"allow":["GET"]}}],"collection":[{"href":"https:\/\/teste.bsb.br\/zeca\/wp-json\/wp\/v2\/posts"}],"about":[{"href":"https:\/\/teste.bsb.br\/zeca\/wp-json\/wp\/v2\/types\/post"}],"author":[{"embeddable":true,"href":"https:\/\/teste.bsb.br\/zeca\/wp-json\/wp\/v2\/users\/1"}],"replies":[{"embeddable":true,"href":"https:\/\/teste.bsb.br\/zeca\/wp-json\/wp\/v2\/comments?post=28076"}],"version-history":[{"count":0,"href":"https:\/\/teste.bsb.br\/zeca\/wp-json\/wp\/v2\/posts\/28076\/revisions"}],"wp:featuredmedia":[{"embeddable":true,"href":"https:\/\/teste.bsb.br\/zeca\/wp-json\/wp\/v2\/media\/28075"}],"wp:attachment":[{"href":"https:\/\/teste.bsb.br\/zeca\/wp-json\/wp\/v2\/media?parent=28076"}],"wp:term":[{"taxonomy":"category","embeddable":true,"href":"https:\/\/teste.bsb.br\/zeca\/wp-json\/wp\/v2\/categories?post=28076"},{"taxonomy":"post_tag","embeddable":true,"href":"https:\/\/teste.bsb.br\/zeca\/wp-json\/wp\/v2\/tags?post=28076"}],"curies":[{"name":"wp","href":"https:\/\/api.w.org\/{rel}","templated":true}]}}