{"id":28070,"date":"2011-09-28T00:00:00","date_gmt":"2011-09-28T03:00:00","guid":{"rendered":"https:\/\/www.zecadirceu.com.br\/assinado-termo-de-adesao-ao-minha-casa-minha-vida-2\/"},"modified":"2011-09-28T00:00:00","modified_gmt":"2011-09-28T03:00:00","slug":"assinado-termo-de-adesao-ao-minha-casa-minha-vida-2","status":"publish","type":"post","link":"https:\/\/teste.bsb.br\/zeca\/assinado-termo-de-adesao-ao-minha-casa-minha-vida-2\/","title":{"rendered":"Assinado termo de ades\u00e3o ao Minha Casa Minha Vida 2"},"content":{"rendered":"<p>&nbsp;O prefeito Rog&eacute;rio Lorenzetti e o superintendente regional da Caixa Econ&ocirc;mica Federal (CEF), Roberto Luiz Bachmann, assinaram nesta ter&ccedil;a-feira o termo de ades&atilde;o do munic&iacute;pio ao Minha Casa Minha Vida 2. Trata-se da segunda etapa do programa habitacional do Governo Federal, que inclui, inicialmente, a constru&ccedil;&atilde;o de 180 moradias em Paranava&iacute;, al&eacute;m de novos empreendimentos.<\/p>\n<p class=\"MsoNormal\"><o:p><\/o:p><\/p>\n<p class=\"MsoNormal\">De acordo com Bachmann, h&aacute; algumas diferen&ccedil;as em rela&ccedil;&atilde;o ao Minha Casa Minha Vida 1. Um dos crit&eacute;rios de sele&ccedil;&atilde;o, a renda familiar m&aacute;xima passa de R$ 1.395 para R$ 1.600. Al&eacute;m disso, haver&aacute; incremento na qualidade das resid&ecirc;ncias, com &aacute;rea mais ampla, aquecimento solar, pisos de cer&acirc;mica e outras caracter&iacute;sticas. Mais uma novidade &eacute; que o munic&iacute;pio dever&aacute; criar um grupo multidisciplinar para avaliar as condi&ccedil;&otilde;es de cada im&oacute;vel.<o:p><\/o:p><\/p>\n<p class=\"MsoNormal\">Para o superintendente regional da CEF, a ades&atilde;o de Paranava&iacute; a esta segunda etapa do Minha Casa Minha Vida &eacute; a prova do bom desenvolvimento do primeiro projeto &ndash; que ir&aacute; culminar na entrega de 316 moradias para fam&iacute;lias paranavaienses. &ldquo;Parabenizo a administra&ccedil;&atilde;o municipal pela forma correta como desenvolveu a primeira etapa do programa. &Eacute; sinal de uma gest&atilde;o s&eacute;ria e determinada&rdquo;, disse Bachmman.<o:p><\/o:p><\/p>\n<p class=\"MsoNormal\">O prefeito destacou que este &eacute; um momento muito importante para Paranava&iacute;. &ldquo;Ter a casa pr&oacute;pria d&aacute; esperan&ccedil;a de um futuro melhor, garante dignidade ao cidad&atilde;o.&rdquo; Segundo Lorenzetti, um levantamento feito no in&iacute;cio de sua gest&atilde;o apresentou um d&eacute;ficit habitacional de 4 mil moradias. &ldquo;J&aacute; estamos chegando a mil casas, diminuindo drasticamente esta necessidade.&rdquo;<\/p>\n<p class=\"MsoNormal\">Fonte: Prefeitura Paranava&iacute;<\/p>\n","protected":false},"excerpt":{"rendered":"<p>O prefeito Rog\u00e9rio Lorenzetti e o superintendente regional da Caixa Econ\u00f4mica Federal (CEF), Roberto Luiz Bachmann, assinaram nesta ter\u00e7a-feira o termo de ades\u00e3o do munic\u00edpio ao Minha Casa Minha Vida 2. Trata-se da segunda etapa do programa habitacional do Governo Federal, que inclui, inicialmente, a constru\u00e7\u00e3o de 180 moradias em Paranava\u00ed, al\u00e9m de novos empreendimentos.<\/p>\n","protected":false},"author":1,"featured_media":28069,"comment_status":"open","ping_status":"open","sticky":false,"template":"","format":"standard","meta":{"footnotes":""},"categories":[1],"tags":[6668],"class_list":["post-28070","post","type-post","status-publish","format-standard","has-post-thumbnail","hentry","category-noticias-zeca-dirceu","tag-assinado-termo-de-adesao-ao-minha-casa-minha-vida-2"],"_links":{"self":[{"href":"https:\/\/teste.bsb.br\/zeca\/wp-json\/wp\/v2\/posts\/28070","targetHints":{"allow":["GET"]}}],"collection":[{"href":"https:\/\/teste.bsb.br\/zeca\/wp-json\/wp\/v2\/posts"}],"about":[{"href":"https:\/\/teste.bsb.br\/zeca\/wp-json\/wp\/v2\/types\/post"}],"author":[{"embeddable":true,"href":"https:\/\/teste.bsb.br\/zeca\/wp-json\/wp\/v2\/users\/1"}],"replies":[{"embeddable":true,"href":"https:\/\/teste.bsb.br\/zeca\/wp-json\/wp\/v2\/comments?post=28070"}],"version-history":[{"count":0,"href":"https:\/\/teste.bsb.br\/zeca\/wp-json\/wp\/v2\/posts\/28070\/revisions"}],"wp:featuredmedia":[{"embeddable":true,"href":"https:\/\/teste.bsb.br\/zeca\/wp-json\/wp\/v2\/media\/28069"}],"wp:attachment":[{"href":"https:\/\/teste.bsb.br\/zeca\/wp-json\/wp\/v2\/media?parent=28070"}],"wp:term":[{"taxonomy":"category","embeddable":true,"href":"https:\/\/teste.bsb.br\/zeca\/wp-json\/wp\/v2\/categories?post=28070"},{"taxonomy":"post_tag","embeddable":true,"href":"https:\/\/teste.bsb.br\/zeca\/wp-json\/wp\/v2\/tags?post=28070"}],"curies":[{"name":"wp","href":"https:\/\/api.w.org\/{rel}","templated":true}]}}