{"id":28036,"date":"2011-09-30T00:00:00","date_gmt":"2011-09-30T03:00:00","guid":{"rendered":"https:\/\/www.zecadirceu.com.br\/parana-deve-colher-3152-milhoes-de-toneladas-de-graos-na-safra\/"},"modified":"2011-09-30T00:00:00","modified_gmt":"2011-09-30T03:00:00","slug":"parana-deve-colher-3152-milhoes-de-toneladas-de-graos-na-safra","status":"publish","type":"post","link":"https:\/\/teste.bsb.br\/zeca\/parana-deve-colher-3152-milhoes-de-toneladas-de-graos-na-safra\/","title":{"rendered":"Paran\u00e1 deve colher 31,52 milh\u00f5es de toneladas de gr\u00e3os na safra"},"content":{"rendered":"<p>&nbsp;<span class=\"Apple-style-span\" style=\"color: rgb(48, 47, 47); font-family: 'Trebuchet MS', arial; font-size: 13px; line-height: 20px; \">A produ&ccedil;&atilde;o de gr&atilde;os no Paran&aacute; na safra 2010\/11 deve atingir 31,52 milh&otilde;es de toneladas. A informa&ccedil;&atilde;o &eacute; do Departamento de Economia Rural (Deral), da Secretaria da Agricultura e do Abastecimento, que divulgou nesta quinta-feira (29) balan&ccedil;o do volume colhido at&eacute; o m&ecirc;s de setembro, que j&aacute; projeta a colheita de trigo e milho da segunda safra, que est&aacute; em fase final.<\/p>\n<p>Segundo o Deral, os dados do levantamento permitem prever a consolida&ccedil;&atilde;o dos n&uacute;meros da atual safra, que ter&aacute; um resultado inferior &agrave; produ&ccedil;&atilde;o de 2009\/10, que teve o volume recorde de 32,82 milh&otilde;es. A quebra &eacute; atribu&iacute;da ao clima, mas as perdas dos produtores est&atilde;o sendo compensadas pelos pre&ccedil;os, que est&atilde;o melhores que no ano anterior.<\/p>\n<p>A pesquisa mostra que a safra recorde de soja, de 15,31 milh&otilde;es de toneladas, foi o fator fundamental para o resultado final, correspondendo a quase a metade do volume de produ&ccedil;&atilde;o esperado para a safra 2011. O desempenho da produ&ccedil;&atilde;o de gr&atilde;os 2010\/11 foi frustrado a partir da segunda safra, quando a safrinha de milho e as lavouras de inverno sofreram com a estiagem seguida de geadas severas ocorridas entre maio e junho.<\/p>\n<p>As perdas decorrentes do clima foram menos intensas do que se esperava para o milho da segunda safra. Para o trigo, por&eacute;m, as perdas se agravaram. Conforme reavalia&ccedil;&atilde;o do Deral, a previs&atilde;o de quebra do milho da segunda safra, que era de 32%, caiu para 26%. Com isso, as perdas estimadas em 3 milh&otilde;es de toneladas foram reduzidas para 2,17 milh&otilde;es de toneladas, cerca de 820 mil toneladas de milho a mais que ficaram nas m&atilde;os dos produtores.<\/p>\n<p>Com a reavalia&ccedil;&atilde;o, a segunda safra de milho dever&aacute; apresentar um volume de 6,03 milh&otilde;es de toneladas, com perda financeira avaliada em R$ 855 milh&otilde;es. Antes os preju&iacute;zos previstos eram de R$ 1,1 bilh&atilde;o. Segundo a engenheira agr&ocirc;noma do Deral, Margorete Demarchi, o maior uso de tecnologia na produ&ccedil;&atilde;o, que levou ao plantio de h&iacute;bridos com maior potencial de produtividade, foi fundamental na resist&ecirc;ncia aos efeitos das geadas.<\/p>\n<p>Para o trigo, por&eacute;m, a reavalia&ccedil;&atilde;o feita em fim da colheita ampliou as perdas. O volume colhido dever&aacute; atingir 2,38 milh&otilde;es de toneladas, cerca de 498 mil toneladas a menos do que o previsto. As perdas financeiras est&atilde;o avaliadas atualmente em R$ 211,3 milh&otilde;es de toneladas.<\/p>\n<p>Apesar da quebra de produ&ccedil;&atilde;o, as cota&ccedil;&otilde;es reagiram no mercado e est&atilde;o compensando as perdas aos produtores. Segundo o Deral, o pre&ccedil;o do milho est&aacute; 42% acima dos pre&ccedil;os praticados h&aacute; um ano, o pre&ccedil;o da soja est&aacute; 17% acima que h&aacute; um ano e os pre&ccedil;os do trigo est&atilde;o 3%, em m&eacute;dia, acima dos pre&ccedil;os praticados h&aacute; um ano.<\/p>\n<p>SAFRA 2011\/12 &#8211; Para a safra 2011\/2012, a pesquisa do Deral aponta para o aumento de 17% na &aacute;rea plantada de milho, redu&ccedil;&atilde;o na &aacute;rea ocupada com feij&atilde;o da primeira safra e um leve decr&eacute;scimo na &aacute;rea plantada de soja.<\/p>\n<p>A &aacute;rea destinada ao plantio de milho deve evoluir de 769.834 hectares na safra passada para 901.720 hectares neste ano. Esse avan&ccedil;o revela o otimismo dos produtores com a cultura, cujos pre&ccedil;os reagiram no mercado, justificou o diretor do Deral, Otmar Hubner. No plantio de feij&atilde;o da primeira safra a &aacute;rea cai 18%, de 344.177 hectares e para 281.024 hectares, conforme inten&ccedil;&atilde;o de plantio verificada junto aos produtores.<\/p>\n<p>De acordo com o engenheiro agr&ocirc;nomo Carlos Alberto Salvador, do Deral, os produtores est&atilde;o desanimados com os pre&ccedil;os do produto que se mantiveram baixos desde o in&iacute;cio do ano. O feij&atilde;o carioca est&aacute; com pre&ccedil;o 24% abaixo do praticado h&aacute; um ano, e o feij&atilde;o preto 14% abaixo considerando o mesmo per&iacute;odo.<\/p>\n<p>Al&eacute;m da queda nos pre&ccedil;os, os custos de produ&ccedil;&atilde;o cresceram 6,8% em rela&ccedil;&atilde;o &agrave; safra anterior. A combina&ccedil;&atilde;o na queda no pre&ccedil;o do feij&atilde;o, o aumento no custo de produ&ccedil;&atilde;o e o pre&ccedil;o competitivo do milho influenciaram a decis&atilde;o do produtor em optar pelo milho, afirmou Salvador. Segundo ele, o mercado de feij&atilde;o come&ccedil;a ensaiar uma rea&ccedil;&atilde;o, mas a decis&atilde;o do produtor j&aacute; est&aacute; tomada.<\/p>\n<p>A pesquisa do Deral revela que o plantio da safra de ver&atilde;o est&aacute; adiantado em rela&ccedil;&atilde;o ao mesmo per&iacute;odo do ano passado. A primeira safra de milho est&aacute; com 46% da &aacute;rea plantada e o plantio de soja foi antecipado por causa de ajustes no zoneamento da soja autorizados pelo Minist&eacute;rio da Agricultura, Pecu&aacute;ria e Abastecimento. Cerca de 4% da &aacute;rea prevista para o plantio, de 4,43 milh&otilde;es de hectares, foram plantados em setembro, ao contr&aacute;rio de anos anteriores, quando o plantio se iniciava em outubro.<\/p>\n<p>Os produtores est&atilde;o satisfeitos com essa medida que foi solicitada pela Secretaria da Agricultura. Isso porque eles podem planejar melhor o plantio para todo o ano agr&iacute;cola que envolve duas safras no Paran&aacute;: a de ver&atilde;o e de inverno. Com a antecipa&ccedil;&atilde;o no plantio de soja, a colheita ser&aacute; feita mais cedo e os produtores podem tamb&eacute;m antecipar o plantio do milho safrinha em 2012, procedimento que d&aacute; mais condi&ccedil;&otilde;es para escapar dos rigores das geadas.<\/p>\n<p>Al&eacute;m disso, os produtores est&atilde;o animados com a valoriza&ccedil;&atilde;o do c&acirc;mbio, o que aponta para boas perspectivas na comercializa&ccedil;&atilde;o da produ&ccedil;&atilde;o, informou Hubner.<\/p>\n<p>Fonte: AEN &#8211; Bem Paran&aacute;<br type=\"_moz\" \/><br \/>\n<\/span><\/p>\n","protected":false},"excerpt":{"rendered":"<p>A produ\u00e7\u00e3o de gr\u00e3os no Paran\u00e1 na safra 2010\/11 deve atingir 31,52 milh\u00f5es de toneladas. A informa\u00e7\u00e3o \u00e9 do Departamento de Economia Rural (Deral), da Secretaria da Agricultura e do Abastecimento, que divulgou nesta quinta-feira (29) balan\u00e7o do volume colhido at\u00e9 o m\u00eas de setembro, que j\u00e1 projeta a colheita de trigo e milho da segunda safra, que est\u00e1 em fase final.<\/p>\n","protected":false},"author":1,"featured_media":28035,"comment_status":"open","ping_status":"open","sticky":false,"template":"","format":"standard","meta":{"footnotes":""},"categories":[1],"tags":[6658,6657],"class_list":["post-28036","post","type-post","status-publish","format-standard","has-post-thumbnail","hentry","category-noticias-zeca-dirceu","tag-52-milhoes-de-toneladas-de-graos-na-safra","tag-parana-deve-colher-31"],"_links":{"self":[{"href":"https:\/\/teste.bsb.br\/zeca\/wp-json\/wp\/v2\/posts\/28036","targetHints":{"allow":["GET"]}}],"collection":[{"href":"https:\/\/teste.bsb.br\/zeca\/wp-json\/wp\/v2\/posts"}],"about":[{"href":"https:\/\/teste.bsb.br\/zeca\/wp-json\/wp\/v2\/types\/post"}],"author":[{"embeddable":true,"href":"https:\/\/teste.bsb.br\/zeca\/wp-json\/wp\/v2\/users\/1"}],"replies":[{"embeddable":true,"href":"https:\/\/teste.bsb.br\/zeca\/wp-json\/wp\/v2\/comments?post=28036"}],"version-history":[{"count":0,"href":"https:\/\/teste.bsb.br\/zeca\/wp-json\/wp\/v2\/posts\/28036\/revisions"}],"wp:featuredmedia":[{"embeddable":true,"href":"https:\/\/teste.bsb.br\/zeca\/wp-json\/wp\/v2\/media\/28035"}],"wp:attachment":[{"href":"https:\/\/teste.bsb.br\/zeca\/wp-json\/wp\/v2\/media?parent=28036"}],"wp:term":[{"taxonomy":"category","embeddable":true,"href":"https:\/\/teste.bsb.br\/zeca\/wp-json\/wp\/v2\/categories?post=28036"},{"taxonomy":"post_tag","embeddable":true,"href":"https:\/\/teste.bsb.br\/zeca\/wp-json\/wp\/v2\/tags?post=28036"}],"curies":[{"name":"wp","href":"https:\/\/api.w.org\/{rel}","templated":true}]}}