{"id":28012,"date":"2011-10-01T00:00:00","date_gmt":"2011-10-01T03:00:00","guid":{"rendered":"https:\/\/www.zecadirceu.com.br\/zeca-dirceu-diz-que-eleicao-de-2014-passa-pela-de-2012-2\/"},"modified":"2011-10-01T00:00:00","modified_gmt":"2011-10-01T03:00:00","slug":"zeca-dirceu-diz-que-eleicao-de-2014-passa-pela-de-2012-2","status":"publish","type":"post","link":"https:\/\/teste.bsb.br\/zeca\/zeca-dirceu-diz-que-eleicao-de-2014-passa-pela-de-2012-2\/","title":{"rendered":"Zeca Dirceu diz que elei\u00e7\u00e3o de 2014 passa pela de 2012"},"content":{"rendered":"<p>&nbsp;<span class=\"Apple-style-span\" style=\"font-family: Arial, Helvetica, sans-serif; font-size: medium; \"><span class=\"Apple-style-span\" style=\"color: rgb(37, 37, 37); font-size: 14px; line-height: 20px; \">O deputado federal Zeca Dirceu (PT) disse que as elei&ccedil;&otilde;es e compromissos do PT nas elei&ccedil;&otilde;es de 2012 est&atilde;o vinculados &agrave;s elei&ccedil;&otilde;es de 2014&nbsp; no Paran&aacute; no Brasil.<\/span><\/p>\n<div id=\"ImprimirConteudo\" style=\"margin-top: 0px; margin-right: 0px; margin-bottom: 20px; margin-left: 0px; padding-top: 0px; padding-right: 0px; padding-bottom: 0px; padding-left: 0px; vertical-align: middle; width: 550px; \">\n<div class=\"aumenta_letras_div\" style=\"margin-top: 0px; margin-right: 0px; margin-bottom: 0px; margin-left: 0px; padding-top: 0px; padding-right: 0px; padding-bottom: 0px; padding-left: 0px; vertical-align: middle; \">\n<div id=\"miolo\" style=\"margin-top: 0px; margin-right: 0px; margin-bottom: 0px; margin-left: 0px; padding-top: 0px; padding-right: 0px; padding-bottom: 0px; padding-left: 0px; vertical-align: middle; width: 550px; \">\n<p style=\"margin-top: 0px; margin-right: 0px; margin-bottom: 0px; margin-left: 0px; padding-top: 0px; padding-right: 0px; padding-bottom: 20px; padding-left: 0px; vertical-align: middle; font-size: 14px; line-height: 20px; font-family: Arial, Helvetica, sans-serif; color: rgb(37, 37, 37); \">\nEle recebeu a imprensa&nbsp; para um caf&eacute; da manh&atilde; no Hotel Prov&iacute;ncia, em Francisco Beltr&atilde;o.<\/p>\n<p style=\"margin-top: 0px; margin-right: 0px; margin-bottom: 0px; margin-left: 0px; padding-top: 0px; padding-right: 0px; padding-bottom: 20px; padding-left: 0px; vertical-align: middle; font-size: 14px; line-height: 20px; font-family: Arial, Helvetica, sans-serif; color: rgb(37, 37, 37); \">&quot;O nome da ministra&nbsp; Gleisi est&aacute; colocado para 2014, claro que isto n&atilde;o est&aacute; na pauta ainda, mas vemos as elei&ccedil;&otilde;es de 2012 vinculadas com o projeto de 2014 no Paran&aacute; e para a reelei&ccedil;&atilde;o da presidente Dilma Rousseff&quot;, destacou,<\/p>\n<p style=\"margin-top: 0px; margin-right: 0px; margin-bottom: 0px; margin-left: 0px; padding-top: 0px; padding-right: 0px; padding-bottom: 20px; padding-left: 0px; vertical-align: middle; font-size: 14px; line-height: 20px; font-family: Arial, Helvetica, sans-serif; color: rgb(37, 37, 37); \">Zeca disse que o partido deve almejar ter candidatura pr&oacute;pria a prefeito, mas n&atilde;o deve deixar de conversar com as demais for&ccedil;as pol&iacute;ticas.<\/p>\n<p style=\"margin-top: 0px; margin-right: 0px; margin-bottom: 0px; margin-left: 0px; padding-top: 0px; padding-right: 0px; padding-bottom: 20px; padding-left: 0px; vertical-align: middle; font-size: 14px; line-height: 20px; font-family: Arial, Helvetica, sans-serif; color: rgb(37, 37, 37); \">No caso de Francisco Beltr&atilde;o, o PT tem dois pr&eacute;-candidatos a prefeito &#8211; Eduardo Scirea, que concorreu em 2008 e obteve 15%, e o vereador Jocemar Madruga. O partido conversa principalmente com o PMDB desde o fim do ano passado.<\/p>\n<p style=\"margin-top: 0px; margin-right: 0px; margin-bottom: 0px; margin-left: 0px; padding-top: 0px; padding-right: 0px; padding-bottom: 20px; padding-left: 0px; vertical-align: middle; font-size: 14px; line-height: 20px; font-family: Arial, Helvetica, sans-serif; color: rgb(37, 37, 37); \"><strong style=\"margin-top: 0px; margin-right: 0px; margin-bottom: 0px; margin-left: 0px; padding-top: 0px; padding-right: 0px; padding-bottom: 0px; padding-left: 0px; vertical-align: middle; font-family: Arial, Helvetica, sans-serif; font-size: 14px; color: rgb(37, 37, 37); line-height: 20px; \">Sa&uacute;de e seguran&ccedil;a<\/strong><\/p>\n<p style=\"margin-top: 0px; margin-right: 0px; margin-bottom: 0px; margin-left: 0px; padding-top: 0px; padding-right: 0px; padding-bottom: 20px; padding-left: 0px; vertical-align: middle; font-size: 14px; line-height: 20px; font-family: Arial, Helvetica, sans-serif; color: rgb(37, 37, 37); \">Zeca disse que em outubro ao governo federal come&ccedil;ar&aacute; a liberar as emendas individuais. &quot;Acredito que as emendas de bancada tamb&eacute;m possam ser liberadas&quot;, previu. Ele se referiu &agrave; emenda de bancada de R$ 12 milh&otilde;es que est&aacute; destinada para o curso de Medicina da Unioeste. &quot;A presidente Dilma disse que sa&uacute;de &eacute; priorit&aacute;ria para a libera&ccedil;&atilde;o de emendas individuais, acredito que ser&aacute; para emenda de bancada tamb&eacute;m.&quot;<\/p>\n<p style=\"margin-top: 0px; margin-right: 0px; margin-bottom: 0px; margin-left: 0px; padding-top: 0px; padding-right: 0px; padding-bottom: 20px; padding-left: 0px; vertical-align: middle; font-size: 14px; line-height: 20px; font-family: Arial, Helvetica, sans-serif; color: rgb(37, 37, 37); \">Zeca falou tamb&eacute;m de seguran&ccedil;a, destacando a parceria do governo federal com o governo do estado nas pol&iacute;ticas que est&atilde;o come&ccedil;ando na fronteira. Depois da sa&uacute;de, a seguran&ccedil;a &eacute; a maior necessidade das pessoas&quot;, comentou. O deputado petista esteve tamb&eacute;m em Renascen&ccedil;a e Hon&oacute;rio Serpa.<\/p>\n<p style=\"margin-top: 0px; margin-right: 0px; margin-bottom: 0px; margin-left: 0px; padding-top: 0px; padding-right: 0px; padding-bottom: 20px; padding-left: 0px; vertical-align: middle; font-size: 14px; line-height: 20px; font-family: Arial, Helvetica, sans-serif; color: rgb(37, 37, 37); \">O evento de quinta-feira em Renascen&ccedil;a reuniu tamb&eacute;m o presidente estadual do PT, deputado estadual &Ecirc;nio Verri (pr&eacute;-candidato a prefeito de Maring&aacute;), deputado federal Andr&eacute; Vargas (pr&eacute;-candidato a prefeito de Londrina), prefeito Eduardo Gaievski (Realeza), Luciana Rafagnin e Ov&iacute;dio Constantino, que representou o deputado federal Assis do Couto, entre outras lideran&ccedil;as. Padre Lessir foi aclamado como candidato a prefeito.<\/p>\n<p style=\"margin-top: 0px; margin-right: 0px; margin-bottom: 0px; margin-left: 0px; padding-top: 0px; padding-right: 0px; padding-bottom: 20px; padding-left: 0px; vertical-align: middle; font-size: 14px; line-height: 20px; font-family: Arial, Helvetica, sans-serif; color: rgb(37, 37, 37); \">O PT ganhou tamb&eacute;m a ades&atilde;o do prefeito de Clevel&acirc;ndia, Ademir Gehller, que abandonou o PR.<\/p>\n<p style=\"margin-top: 0px; margin-right: 0px; margin-bottom: 0px; margin-left: 0px; padding-top: 0px; padding-right: 0px; padding-bottom: 20px; padding-left: 0px; vertical-align: middle; font-size: 14px; line-height: 20px; font-family: Arial, Helvetica, sans-serif; color: rgb(37, 37, 37); \"><strong style=\"margin-top: 0px; margin-right: 0px; margin-bottom: 0px; margin-left: 0px; padding-top: 0px; padding-right: 0px; padding-bottom: 0px; padding-left: 0px; vertical-align: middle; font-family: Arial, Helvetica, sans-serif; font-size: 14px; color: rgb(37, 37, 37); line-height: 20px; \"><i style=\"margin-top: 0px; margin-right: 0px; margin-bottom: 0px; margin-left: 0px; padding-top: 0px; padding-right: 0px; padding-bottom: 0px; padding-left: 0px; vertical-align: middle; \">Fonte: Jornal de Beltr&atilde;o (24\/09\/2011) &#8211; <br \/>\n<a href=\"http:\/\/www.vigilantesdademocracia.com.br\/zecadirceu2011\/News16254content150915.shtml\">http:\/\/www.vigilantesdademocracia.com.br\/zecadirceu2011\/News16254content150915.shtml<\/a><\/i><\/strong><\/p>\n<\/div>\n<\/div>\n<\/div>\n<div class=\"addthis_toolbox addthis_default_style\" style=\"margin-top: 0px; margin-right: 0px; margin-bottom: 0px; margin-left: 0px; padding-top: 0px; padding-right: 0px; padding-bottom: 0px; padding-left: 0px; vertical-align: middle; \">&nbsp;<\/div>\n<p><\/span><\/p>\n","protected":false},"excerpt":{"rendered":"<p>O deputado federal Zeca Dirceu (PT) disse que as elei\u00e7\u00f5es e compromissos do PT nas elei\u00e7\u00f5es de 2012 est\u00e3o vinculados \u00e0s elei\u00e7\u00f5es de 2014  no Paran\u00e1 no Brasil.<\/p>\n<p>Ele recebeu a imprensa  para um caf\u00e9 da manh\u00e3 no Hotel Prov\u00edncia, em Francisco Beltr\u00e3o.<\/p>\n","protected":false},"author":1,"featured_media":28011,"comment_status":"open","ping_status":"open","sticky":false,"template":"","format":"standard","meta":{"footnotes":""},"categories":[1],"tags":[6648],"class_list":["post-28012","post","type-post","status-publish","format-standard","has-post-thumbnail","hentry","category-noticias-zeca-dirceu","tag-zeca-dirceu-diz-que-eleicao-de-2014-passa-pela-de-2012"],"_links":{"self":[{"href":"https:\/\/teste.bsb.br\/zeca\/wp-json\/wp\/v2\/posts\/28012","targetHints":{"allow":["GET"]}}],"collection":[{"href":"https:\/\/teste.bsb.br\/zeca\/wp-json\/wp\/v2\/posts"}],"about":[{"href":"https:\/\/teste.bsb.br\/zeca\/wp-json\/wp\/v2\/types\/post"}],"author":[{"embeddable":true,"href":"https:\/\/teste.bsb.br\/zeca\/wp-json\/wp\/v2\/users\/1"}],"replies":[{"embeddable":true,"href":"https:\/\/teste.bsb.br\/zeca\/wp-json\/wp\/v2\/comments?post=28012"}],"version-history":[{"count":0,"href":"https:\/\/teste.bsb.br\/zeca\/wp-json\/wp\/v2\/posts\/28012\/revisions"}],"wp:featuredmedia":[{"embeddable":true,"href":"https:\/\/teste.bsb.br\/zeca\/wp-json\/wp\/v2\/media\/28011"}],"wp:attachment":[{"href":"https:\/\/teste.bsb.br\/zeca\/wp-json\/wp\/v2\/media?parent=28012"}],"wp:term":[{"taxonomy":"category","embeddable":true,"href":"https:\/\/teste.bsb.br\/zeca\/wp-json\/wp\/v2\/categories?post=28012"},{"taxonomy":"post_tag","embeddable":true,"href":"https:\/\/teste.bsb.br\/zeca\/wp-json\/wp\/v2\/tags?post=28012"}],"curies":[{"name":"wp","href":"https:\/\/api.w.org\/{rel}","templated":true}]}}