{"id":28002,"date":"2011-10-03T00:00:00","date_gmt":"2011-10-03T03:00:00","guid":{"rendered":"https:\/\/www.zecadirceu.com.br\/aberta-inscricoes-para-projetos-de-promocao-do-brasil-ligados-a-copa\/"},"modified":"2011-10-03T00:00:00","modified_gmt":"2011-10-03T03:00:00","slug":"aberta-inscricoes-para-projetos-de-promocao-do-brasil-ligados-a-copa","status":"publish","type":"post","link":"https:\/\/teste.bsb.br\/zeca\/aberta-inscricoes-para-projetos-de-promocao-do-brasil-ligados-a-copa\/","title":{"rendered":"Aberta inscri\u00e7\u00f5es para projetos de promo\u00e7\u00e3o do Brasil ligados \u00e0 Copa"},"content":{"rendered":"<p>&nbsp;<span class=\"Apple-style-span\" style=\"font-size: 10px; \"><span class=\"Apple-style-span\" style=\"color: rgb(40, 49, 48); font-family: Arial, Helvetica, sans-serif; font-size: 13px; line-height: 17px; \">A chamada p&uacute;blica para inscri&ccedil;&atilde;o de projetos que integrar&atilde;o a programa&ccedil;&atilde;o oficial do governo federal para promo&ccedil;&atilde;o do Brasil pela realiza&ccedil;&atilde;o da Copa do Mundo 2014 foi publicada no Di&aacute;rio Oficial da Uni&atilde;o da &uacute;ltima quinta-feira (29). A execu&ccedil;&atilde;o dos projetos est&aacute; prevista para os anos de 2012, 2013 e o primeiro semestre de 2014. A an&aacute;lise e sele&ccedil;&atilde;o das propostas ser&atilde;o realizadas por comiss&atilde;o especial constitu&iacute;da pela Resolu&ccedil;&atilde;o Gecopa n&ordm; 1, de 23 de setembro. A chamada ficar&aacute; aberta por 30 dias.<\/span><\/p>\n<p style=\"margin-top: 0px; margin-right: 0px; margin-bottom: 0px; margin-left: 0px; padding-top: 0px; padding-right: 0px; padding-bottom: 18px; padding-left: 0px; border-top-width: 0px; border-right-width: 0px; border-bottom-width: 0px; border-left-width: 0px; border-style: initial; border-color: initial; outline-width: 0px; outline-style: initial; outline-color: initial; vertical-align: baseline; background-image: initial; background-attachment: initial; background-origin: initial; background-clip: initial; background-color: transparent; font: normal normal normal 1.3em\/normal Arial, Helvetica, sans-serif; color: rgb(40, 49, 48); line-height: 17px; background-position: initial initial; background-repeat: initial initial; \">\nO processo seletivo visa identificar e definir projetos que poder&atilde;o receber apoio financeiro de &oacute;rg&atilde;os ou entidades da administra&ccedil;&atilde;o p&uacute;blica federal direta e indireta ou chancela institucional do governo federal. As inscri&ccedil;&otilde;es s&atilde;o gratuitas e os projetos devem conter descri&ccedil;&atilde;o de objetivos, defini&ccedil;&atilde;o de p&uacute;blico-alvo, estimativa de p&uacute;blico, cronograma de execu&ccedil;&atilde;o f&iacute;sico-financeiro e estrat&eacute;gia de a&ccedil;&atilde;o, entre outros requisitos.<\/p>\n<p style=\"margin-top: 0px; margin-right: 0px; margin-bottom: 0px; margin-left: 0px; padding-top: 0px; padding-right: 0px; padding-bottom: 18px; padding-left: 0px; border-top-width: 0px; border-right-width: 0px; border-bottom-width: 0px; border-left-width: 0px; border-style: initial; border-color: initial; outline-width: 0px; outline-style: initial; outline-color: initial; vertical-align: baseline; background-image: initial; background-attachment: initial; background-origin: initial; background-clip: initial; background-color: transparent; font: normal normal normal 1.3em\/normal Arial, Helvetica, sans-serif; color: rgb(40, 49, 48); line-height: 17px; background-position: initial initial; background-repeat: initial initial; \"><strong class=\"first-child last-child\" style=\"margin-top: 0px; margin-right: 0px; margin-bottom: 0px; margin-left: 0px; padding-top: 0px; padding-right: 0px; padding-bottom: 0px; padding-left: 0px; border-top-width: 0px; border-right-width: 0px; border-bottom-width: 0px; border-left-width: 0px; border-style: initial; border-color: initial; outline-width: 0px; outline-style: initial; outline-color: initial; vertical-align: baseline; background-image: initial; background-attachment: initial; background-origin: initial; background-clip: initial; background-color: transparent; background-position: initial initial; background-repeat: initial initial; \">Plano &#8211;&nbsp;<\/strong>O Plano de Promo&ccedil;&atilde;o do Brasil aborda o Pa&iacute;s de forma ampla. As a&ccedil;&otilde;es de publicidade, rela&ccedil;&otilde;es p&uacute;blicas e relacionamento com a imprensa s&atilde;o apontadas como ferramentas indispens&aacute;veis para garantir o sucesso do evento, especialmente para o fomento comercial, tur&iacute;stico e s&oacute;cio-cultural.<\/p>\n<p style=\"margin-top: 0px; margin-right: 0px; margin-bottom: 0px; margin-left: 0px; padding-top: 0px; padding-right: 0px; padding-bottom: 18px; padding-left: 0px; border-top-width: 0px; border-right-width: 0px; border-bottom-width: 0px; border-left-width: 0px; border-style: initial; border-color: initial; outline-width: 0px; outline-style: initial; outline-color: initial; vertical-align: baseline; background-image: initial; background-attachment: initial; background-origin: initial; background-clip: initial; background-color: transparent; font: normal normal normal 1.3em\/normal Arial, Helvetica, sans-serif; color: rgb(40, 49, 48); line-height: 17px; background-position: initial initial; background-repeat: initial initial; \">Fichas de inscri&ccedil;&atilde;o e demais documentos da sele&ccedil;&atilde;o em&nbsp;<a class=\"external-link first-child last-child\" href=\"http:\/\/www.copa2014.gov.br\/\" target=\"_blank\" style=\"margin-top: 0px; margin-right: 0px; margin-bottom: 0px; margin-left: 0px; padding-top: 0px; padding-right: 12px; padding-bottom: 0px; padding-left: 0px; border-top-width: 0px; border-right-width: 0px; border-bottom-width: 0px; border-left-width: 0px; border-style: initial; border-color: initial; outline-width: 0px; outline-style: initial; outline-color: initial; vertical-align: baseline; background-image: url(http:\/\/www.secom.gov.br\/portal_css\/Secom\/bg\/linkExterno.gif); background-attachment: initial; background-origin: initial; background-clip: initial; background-color: initial; color: rgb(23, 67, 155); text-decoration: underline; background-position: 100% 50%; background-repeat: no-repeat no-repeat; \">www.copa2014.gov.br<\/p>\n<p>Fonte: Secom<br type=\"_moz\" \/><br \/>\n<\/a><\/p>\n<p><\/span><\/p>\n","protected":false},"excerpt":{"rendered":"<p>A chamada p\u00fablica para inscri\u00e7\u00e3o de projetos que integrar\u00e3o a programa\u00e7\u00e3o oficial do governo federal para promo\u00e7\u00e3o do Brasil pela realiza\u00e7\u00e3o da Copa do Mundo 2014 foi publicada no Di\u00e1rio Oficial da Uni\u00e3o da \u00faltima quinta-feira (29). A execu\u00e7\u00e3o dos projetos est\u00e1 prevista para os anos de 2012, 2013 e o primeiro semestre de 2014. A an\u00e1lise e sele\u00e7\u00e3o das propostas ser\u00e3o realizadas por comiss\u00e3o especial constitu\u00edda pela Resolu\u00e7\u00e3o Gecopa n\u00ba 1, de 23 de setembro. A chamada ficar\u00e1 aberta por 30 dias.<\/p>\n","protected":false},"author":1,"featured_media":28001,"comment_status":"open","ping_status":"open","sticky":false,"template":"","format":"standard","meta":{"footnotes":""},"categories":[1],"tags":[6643],"class_list":["post-28002","post","type-post","status-publish","format-standard","has-post-thumbnail","hentry","category-noticias-zeca-dirceu","tag-aberta-inscricoes-para-projetos-de-promocao-do-brasil-ligados-a-copa"],"_links":{"self":[{"href":"https:\/\/teste.bsb.br\/zeca\/wp-json\/wp\/v2\/posts\/28002","targetHints":{"allow":["GET"]}}],"collection":[{"href":"https:\/\/teste.bsb.br\/zeca\/wp-json\/wp\/v2\/posts"}],"about":[{"href":"https:\/\/teste.bsb.br\/zeca\/wp-json\/wp\/v2\/types\/post"}],"author":[{"embeddable":true,"href":"https:\/\/teste.bsb.br\/zeca\/wp-json\/wp\/v2\/users\/1"}],"replies":[{"embeddable":true,"href":"https:\/\/teste.bsb.br\/zeca\/wp-json\/wp\/v2\/comments?post=28002"}],"version-history":[{"count":0,"href":"https:\/\/teste.bsb.br\/zeca\/wp-json\/wp\/v2\/posts\/28002\/revisions"}],"wp:featuredmedia":[{"embeddable":true,"href":"https:\/\/teste.bsb.br\/zeca\/wp-json\/wp\/v2\/media\/28001"}],"wp:attachment":[{"href":"https:\/\/teste.bsb.br\/zeca\/wp-json\/wp\/v2\/media?parent=28002"}],"wp:term":[{"taxonomy":"category","embeddable":true,"href":"https:\/\/teste.bsb.br\/zeca\/wp-json\/wp\/v2\/categories?post=28002"},{"taxonomy":"post_tag","embeddable":true,"href":"https:\/\/teste.bsb.br\/zeca\/wp-json\/wp\/v2\/tags?post=28002"}],"curies":[{"name":"wp","href":"https:\/\/api.w.org\/{rel}","templated":true}]}}