{"id":27984,"date":"2011-10-03T00:00:00","date_gmt":"2011-10-03T03:00:00","guid":{"rendered":"https:\/\/www.zecadirceu.com.br\/amazonia-registra-o-menor-desmatamento-da-historia\/"},"modified":"2011-10-03T00:00:00","modified_gmt":"2011-10-03T03:00:00","slug":"amazonia-registra-o-menor-desmatamento-da-historia","status":"publish","type":"post","link":"https:\/\/teste.bsb.br\/zeca\/amazonia-registra-o-menor-desmatamento-da-historia\/","title":{"rendered":"Amaz\u00f4nia registra o menor desmatamento da hist\u00f3ria"},"content":{"rendered":"<p>&nbsp;O governo corrigiu para cima a taxa de desmatamento na Amaz&ocirc;nia registrada de 2009 a 2010. A estimativa que o Minist&eacute;rio do Meio Ambiente havia divulgado em novembro do ano passado era de uma destrui&ccedil;&atilde;o de 6.451 km&sup2; nos nove estados da Amaz&ocirc;nia Legal. Nesta segunda-feira, o &oacute;rg&atilde;o revisou o desmatamento para 7.000km&sup2;, um aumento de 8%. Mesmo assim, este &eacute; o menor &iacute;ndice j&aacute; registrado em toda a hist&oacute;ria de monitoramento da regi&atilde;o, que come&ccedil;ou a ser feito pelo Instituto Nacional de Pesquisas Espaciais (Inpe) com imagens de sat&eacute;lite desde 1988. O &iacute;ndice representa uma redu&ccedil;&atilde;o de 6,2% com rela&ccedil;&atilde;o ao per&iacute;odo anterior, de 2008 a 2009.<\/p>\n<p class=\"MsoNormal\"><o:p><\/o:p><\/p>\n<p class=\"MsoNormal\">A corre&ccedil;&atilde;o est&aacute; dentro da margem de erro do governo, de 10%. Segundo a ministra do Meio Ambiente, Izabella Teixeira, o fato de a taxa final ter sido superior &agrave; previs&atilde;o inicial significa que o desflorestamento tem sido cada vez mais pulverizado &#8211; em &aacute;reas mais espa&ccedil;adas e de menor tamanho.<o:p><\/o:p><\/p>\n<p class=\"MsoNormal\">&quot;&Eacute; a menor taxa de desmatamento da hist&oacute;ria. Estamos cumprindo com folga as metas do Plano Nacional de Mudan&ccedil;as Clim&aacute;ticas. &Eacute; importante lidar com os pequenos desmatamentos, que podem ser em pequenas ou grandes propriedades&quot;, apontou a ministra.<o:p><\/o:p><\/p>\n<p class=\"MsoNormal\">O minist&eacute;rio tamb&eacute;m divulgou nesta segunda-feira a taxa do desmatamento de agosto deste ano, que chegou a 164 km&sup2;. Este tamb&eacute;m &eacute; o menor n&uacute;mero desde 2004, quando o Inpe criou o sistema de monitoramento Deter, que analisa o que acontece na Amaz&ocirc;nia m&ecirc;s a m&ecirc;s. De janeiro a agosto, o Mato Grosso foi o maior respons&aacute;vel pela destrui&ccedil;&atilde;o da floresta, com 769 km&sup2; de vegeta&ccedil;&atilde;o nativa derrubada, um aumento de 70% com rela&ccedil;&atilde;o ao mesmo per&iacute;odo do ano passado. O segundo estado que mais desmatou foi o Par&aacute;: 399 km&sup2;, 33% a menos do que o registrado no ano passado.<\/p>\n<p class=\"MsoNormal\">AG&Ecirc;NCIA O GLOBO<o:p><\/o:p><\/p>\n<p class=\"MsoNormal\"><o:p>&nbsp;<\/o:p><\/p>\n","protected":false},"excerpt":{"rendered":"<p>O governo corrigiu para cima a taxa de desmatamento na Amaz\u00f4nia registrada de 2009 a 2010. A estimativa que o Minist\u00e9rio do Meio Ambiente havia divulgado em novembro do ano passado era de uma destrui\u00e7\u00e3o de 6.451 km\u00b2 nos nove estados da Amaz\u00f4nia Legal. Nesta segunda-feira, o \u00f3rg\u00e3o revisou o desmatamento para 7.000km\u00b2, um aumento de 8%. Mesmo assim, este \u00e9 o menor \u00edndice j\u00e1 registrado em toda a hist\u00f3ria de monitoramento da regi\u00e3o, que come\u00e7ou a ser feito pelo Instituto Nacional de Pesquisas Espaciais (Inpe) com imagens de sat\u00e9lite desde 1988. O \u00edndice representa uma redu\u00e7\u00e3o de 6,2% com rela\u00e7\u00e3o ao per\u00edodo anterior, de 2008 a 2009.<\/p>\n","protected":false},"author":1,"featured_media":27983,"comment_status":"open","ping_status":"open","sticky":false,"template":"","format":"standard","meta":{"footnotes":""},"categories":[1],"tags":[6636],"class_list":["post-27984","post","type-post","status-publish","format-standard","has-post-thumbnail","hentry","category-noticias-zeca-dirceu","tag-amazonia-registra-o-menor-desmatamento-da-historia"],"_links":{"self":[{"href":"https:\/\/teste.bsb.br\/zeca\/wp-json\/wp\/v2\/posts\/27984","targetHints":{"allow":["GET"]}}],"collection":[{"href":"https:\/\/teste.bsb.br\/zeca\/wp-json\/wp\/v2\/posts"}],"about":[{"href":"https:\/\/teste.bsb.br\/zeca\/wp-json\/wp\/v2\/types\/post"}],"author":[{"embeddable":true,"href":"https:\/\/teste.bsb.br\/zeca\/wp-json\/wp\/v2\/users\/1"}],"replies":[{"embeddable":true,"href":"https:\/\/teste.bsb.br\/zeca\/wp-json\/wp\/v2\/comments?post=27984"}],"version-history":[{"count":0,"href":"https:\/\/teste.bsb.br\/zeca\/wp-json\/wp\/v2\/posts\/27984\/revisions"}],"wp:featuredmedia":[{"embeddable":true,"href":"https:\/\/teste.bsb.br\/zeca\/wp-json\/wp\/v2\/media\/27983"}],"wp:attachment":[{"href":"https:\/\/teste.bsb.br\/zeca\/wp-json\/wp\/v2\/media?parent=27984"}],"wp:term":[{"taxonomy":"category","embeddable":true,"href":"https:\/\/teste.bsb.br\/zeca\/wp-json\/wp\/v2\/categories?post=27984"},{"taxonomy":"post_tag","embeddable":true,"href":"https:\/\/teste.bsb.br\/zeca\/wp-json\/wp\/v2\/tags?post=27984"}],"curies":[{"name":"wp","href":"https:\/\/api.w.org\/{rel}","templated":true}]}}