{"id":27969,"date":"2011-10-03T00:00:00","date_gmt":"2011-10-03T03:00:00","guid":{"rendered":"https:\/\/www.zecadirceu.com.br\/mais-de-60-exames-de-mamografia-solicitados-no-outubro-rosa\/"},"modified":"2011-10-03T00:00:00","modified_gmt":"2011-10-03T03:00:00","slug":"mais-de-60-exames-de-mamografia-solicitados-no-outubro-rosa","status":"publish","type":"post","link":"https:\/\/teste.bsb.br\/zeca\/mais-de-60-exames-de-mamografia-solicitados-no-outubro-rosa\/","title":{"rendered":"Mais de 60 Exames de Mamografia solicitados no \u201cOutubro Rosa\u201d"},"content":{"rendered":"<p>&nbsp;<span class=\"Apple-style-span\" style=\"font-family: Arial, Helvetica, sans-serif; font-size: 11px; \">&nbsp;Mais de 60 solicita&ccedil;&otilde;es de exames de mamografia para mulheres acima de 35 anos foram realizados durante a programa&ccedil;&atilde;o do &ldquo;Outubro Rosa&rdquo; idealizado no s&aacute;bado (1) na Pra&ccedil;a S&atilde;o Jos&eacute;. Os exames fazem parte de uma ampla a&ccedil;&atilde;o de combate ao c&acirc;ncer entre as mulheres.&nbsp;<br \/>\n&nbsp;&nbsp;&nbsp;&nbsp;&nbsp;<br \/>\nAs solicita&ccedil;&otilde;es podem ainda serem feitas em todas as unidades de Sa&uacute;de de Campo Mour&atilde;o. A iniciativa tamb&eacute;m est&aacute; amparada em capacita&ccedil;&atilde;o dos m&eacute;dicos e enfermeiros da Rede Municipal de Sa&uacute;de com intuito de inform&aacute;-los e conscientiz&aacute;-los sobre a import&acirc;ncia dos exames de mamografia e a preven&ccedil;&atilde;o do c&acirc;ncer de mama e do colo do &uacute;tero.<br \/>\n&nbsp;&nbsp;&nbsp;&nbsp;&nbsp; A secret&aacute;ria da sa&uacute;de M&aacute;rcia Tureck ressaltou a import&acirc;ncia dos exames para a preven&ccedil;&atilde;o do c&acirc;ncer de mama e do colo do &uacute;tero, convocando todas para a realiza&ccedil;&atilde;o dos exames atrav&eacute;s do agendamento nas unidades de sa&uacute;de. M&aacute;rcia lembrou que m&eacute;dicos e enfermeiros receberam palestras com o tema com o intuito de especializar os profissionais para um melhor atendimento a popula&ccedil;&atilde;o.<br \/>\n&nbsp;&nbsp;&nbsp;&nbsp;&nbsp;&nbsp;<br \/>\n&nbsp;&nbsp;&nbsp;&nbsp;&nbsp; OUTUBRO ROSA &ndash; O munic&iacute;pio de Campo Mour&atilde;o e o Programa Caraj&aacute;s Sa&uacute;de, em parceria com o Conselho da Mulher Executiva, C&acirc;mara da Mulher Empreendedora, secretarias municipais da Cultura, da Sa&uacute;de, da Mulher, da Educa&ccedil;&atilde;o, N&uacute;cleo Regional de Educa&ccedil;&atilde;o, 11&ordf; Regional de Sa&uacute;de, CISCOMCAM, Hospital Santa Casa, Integrado Col&eacute;gio e Faculdade, Senac e Unimed realizaram sexta a abertura da campanha outubro rosa, com o tema: &ldquo;N&atilde;o Deixe o C&acirc;ncer de Mama Ofuscar o Brilho de Ser Mulher&rdquo;.<br \/>\n&nbsp;&nbsp;&nbsp;&nbsp;&nbsp; O movimento popular internacionalmente conhecido como Outubro Rosa &eacute; comemorado em todo o mundo. O nome remete &agrave; cor do la&ccedil;o rosa que simboliza, mundialmente, a luta contra o c&acirc;ncer de mama e estimula a participa&ccedil;&atilde;o da popula&ccedil;&atilde;o, empresas e entidades. este movimento come&ccedil;ou nos Estados Unidos, onde v&aacute;rios estados tinham a&ccedil;&otilde;es isoladas referentes ao c&acirc;ncer de mama. A Campanha se estender&aacute; por todo m&ecirc;s de outubro, com diversas palestras, eventos e realiza&ccedil;&atilde;o de atividades, enfocando, principalmente, a necessidade de conscientizar as mulheres, para a preven&ccedil;&atilde;o da doen&ccedil;a.<br \/>\n&nbsp;&nbsp;&nbsp;&nbsp;&nbsp; O idealizador e apresentador do programa Caraj&aacute;s Sa&uacute;de, Luis Carlos Cavalheri, agradeceu o apoio do munic&iacute;pio e de todos colaboradores para que a campanha fosse realizada e destacou a import&acirc;ncia da preven&ccedil;&atilde;o ao c&acirc;ncer de mama e dos demais exames preventivos para as mulheres.<br \/>\n&nbsp;&nbsp;&nbsp;&nbsp;&nbsp; A vice-prefeita e secret&aacute;ria da Mulher de Campo Mour&atilde;o, Regina Dubay, participou do Encontro e fez quest&atilde;o de real&ccedil;ar a import&acirc;ncia do projeto. &ldquo;Todo o cuidado &eacute; pouco na preven&ccedil;&atilde;o do c&acirc;ncer de mama. A nossa administra&ccedil;&atilde;o &eacute; parceira tamb&eacute;m neste projeto, que valoriza a vida&rdquo;, afirmou.<br \/>\n&nbsp;&nbsp;&nbsp;&nbsp;&nbsp; O evento contou ainda com a presen&ccedil;a da Deputada Estadual Marla Tureck, dos vereadores Nelita Piacentini, Jos&eacute; Pochapski, diretor do Senac Jos&eacute; Mateus Bido, representantes de demais entidades participantes.<\/p>\n<p>Fonte: Prefeitura&nbsp;<br type=\"_moz\" \/><br \/>\n<\/span><\/p>\n","protected":false},"excerpt":{"rendered":"<p>Mais de 60 solicita\u00e7\u00f5es de exames de mamografia para mulheres acima de 35 anos foram realizados durante a programa\u00e7\u00e3o do \u201cOutubro Rosa\u201d idealizado no s\u00e1bado (1) na Pra\u00e7a S\u00e3o Jos\u00e9. Os exames fazem parte de uma ampla a\u00e7\u00e3o de combate ao c\u00e2ncer entre as mulheres. <\/p>\n<p>As solicita\u00e7\u00f5es podem ainda serem feitas em todas as unidades de Sa\u00fade de Campo Mour\u00e3o. A iniciativa tamb\u00e9m est\u00e1 amparada em capacita\u00e7\u00e3o dos m\u00e9dicos e enfermeiros da Rede Municipal de Sa\u00fade com intuito de inform\u00e1-los e conscientiz\u00e1-los sobre a import\u00e2ncia dos exames de mamografia e a preven\u00e7\u00e3o do c\u00e2ncer de mama e do colo do \u00fatero.<\/p>\n","protected":false},"author":1,"featured_media":27968,"comment_status":"open","ping_status":"open","sticky":false,"template":"","format":"standard","meta":{"footnotes":""},"categories":[1],"tags":[6632],"class_list":["post-27969","post","type-post","status-publish","format-standard","has-post-thumbnail","hentry","category-noticias-zeca-dirceu","tag-mais-de-60-exames-de-mamografia-solicitados-no-outubro-rosa"],"_links":{"self":[{"href":"https:\/\/teste.bsb.br\/zeca\/wp-json\/wp\/v2\/posts\/27969","targetHints":{"allow":["GET"]}}],"collection":[{"href":"https:\/\/teste.bsb.br\/zeca\/wp-json\/wp\/v2\/posts"}],"about":[{"href":"https:\/\/teste.bsb.br\/zeca\/wp-json\/wp\/v2\/types\/post"}],"author":[{"embeddable":true,"href":"https:\/\/teste.bsb.br\/zeca\/wp-json\/wp\/v2\/users\/1"}],"replies":[{"embeddable":true,"href":"https:\/\/teste.bsb.br\/zeca\/wp-json\/wp\/v2\/comments?post=27969"}],"version-history":[{"count":0,"href":"https:\/\/teste.bsb.br\/zeca\/wp-json\/wp\/v2\/posts\/27969\/revisions"}],"wp:featuredmedia":[{"embeddable":true,"href":"https:\/\/teste.bsb.br\/zeca\/wp-json\/wp\/v2\/media\/27968"}],"wp:attachment":[{"href":"https:\/\/teste.bsb.br\/zeca\/wp-json\/wp\/v2\/media?parent=27969"}],"wp:term":[{"taxonomy":"category","embeddable":true,"href":"https:\/\/teste.bsb.br\/zeca\/wp-json\/wp\/v2\/categories?post=27969"},{"taxonomy":"post_tag","embeddable":true,"href":"https:\/\/teste.bsb.br\/zeca\/wp-json\/wp\/v2\/tags?post=27969"}],"curies":[{"name":"wp","href":"https:\/\/api.w.org\/{rel}","templated":true}]}}