{"id":27959,"date":"2011-10-04T00:00:00","date_gmt":"2011-10-04T03:00:00","guid":{"rendered":"https:\/\/www.zecadirceu.com.br\/brasil-exporta-politicas-de-protecao-social\/"},"modified":"2011-10-04T00:00:00","modified_gmt":"2011-10-04T03:00:00","slug":"brasil-exporta-politicas-de-protecao-social","status":"publish","type":"post","link":"https:\/\/teste.bsb.br\/zeca\/brasil-exporta-politicas-de-protecao-social\/","title":{"rendered":"Brasil exporta pol\u00edticas de prote\u00e7\u00e3o social"},"content":{"rendered":"<p>&nbsp;O governo brasileiro foi convidado pelo Banco Mundial (Bird) para auxiliar na constru&ccedil;&atilde;o de uma estrat&eacute;gia de atua&ccedil;&atilde;o nas &aacute;reas de prote&ccedil;&atilde;o social e trabalho para os pr&oacute;ximos dez anos (2012-2022). O representante do Pa&iacute;s no grupo ser&aacute; o secret&aacute;rio executivo do Minist&eacute;rio do Desenvolvimento Social e Combate &agrave; Fome (MDS), R&ocirc;mulo Paes de Sousa.<\/p>\n<p class=\"MsoNormal\"><o:p><\/o:p><\/p>\n<p class=\"MsoNormal\">O Brasil foi escolhido para fazer parte dessa iniciativa devido o sucesso das pol&iacute;ticas sociais, que nos &uacute;ltimos oito anos retiraram cerca de 28 milh&otilde;es de pessoas da linha da pobreza, pela condu&ccedil;&atilde;o da pol&iacute;tica econ&ocirc;mica durante a crise mundial iniciada em 2008 e pelo compromisso de superar a extrema pobreza. <o:p><\/o:p><\/p>\n<p class=\"MsoNormal\">O Brasil &eacute; o &uacute;nico pa&iacute;s da Am&eacute;rica do Sul cujos projetos sociais ser&atilde;o tomados como refer&ecirc;ncia para a execu&ccedil;&atilde;o do plano mundial. O secret&aacute;rio R&ocirc;mulo Paes esteve na semana passada em Washington, nos Estados Unidos, durante reuni&atilde;o do grupo consultor do Bird, para definir o planejamento internacional. Foi o segundo encontro dos especialistas que, debateram o entendimento da institui&ccedil;&atilde;o sobre as estrat&eacute;gias de prote&ccedil;&atilde;o social e trabalho para a pr&oacute;xima d&eacute;cada. <o:p><\/o:p><\/p>\n<p class=\"MsoNormal\">De acordo com o secret&aacute;rio, h&aacute; consenso de que as medidas adotadas devem se sustentar em pol&iacute;ticas p&uacute;blicas de gera&ccedil;&atilde;o de trabalho e transfer&ecirc;ncia de renda. A ideia, segundo ele, &eacute; adotar um plano mundial que estimule a inclus&atilde;o produtiva, que tenha abordagem conjunta, mas que respeite as distin&ccedil;&otilde;es entre as necessidades dos moradores das zonas rural e urbana. A aplica&ccedil;&atilde;o desse entendimento internamente &eacute; o plano de supera&ccedil;&atilde;o da extrema pobreza, o Brasil Sem Mis&eacute;ria. <o:p><\/o:p><\/p>\n<p class=\"MsoNormal\">Al&eacute;m do Brasil, foram convidados pelo Banco Mundial para a constru&ccedil;&atilde;o dessa estrat&eacute;gia de atua&ccedil;&atilde;o autoridades da Costa Rica, Filipinas, China, Serra Leoa e R&uacute;ssia. <o:p><\/o:p><\/p>\n<p class=\"MsoNormal\"><o:p>&nbsp;<\/o:p><\/p>\n<p class=\"MsoNormal\">Fonte:<o:p><\/o:p><\/p>\n<p class=\"MsoNormal\">Minist&eacute;rio do Desenvolvimento Social e Combate &agrave; Fome<\/p>\n","protected":false},"excerpt":{"rendered":"<p>O governo brasileiro foi convidado pelo Banco Mundial (Bird) para auxiliar na constru\u00e7\u00e3o de uma estrat\u00e9gia de atua\u00e7\u00e3o nas \u00e1reas de prote\u00e7\u00e3o social e trabalho para os pr\u00f3ximos dez anos (2012-2022). O representante do Pa\u00eds no grupo ser\u00e1 o secret\u00e1rio executivo do Minist\u00e9rio do Desenvolvimento Social e Combate \u00e0 Fome (MDS), R\u00f4mulo Paes de Sousa.<\/p>\n","protected":false},"author":1,"featured_media":27958,"comment_status":"open","ping_status":"open","sticky":false,"template":"","format":"standard","meta":{"footnotes":""},"categories":[1],"tags":[6626],"class_list":["post-27959","post","type-post","status-publish","format-standard","has-post-thumbnail","hentry","category-noticias-zeca-dirceu","tag-brasil-exporta-politicas-de-protecao-social"],"_links":{"self":[{"href":"https:\/\/teste.bsb.br\/zeca\/wp-json\/wp\/v2\/posts\/27959","targetHints":{"allow":["GET"]}}],"collection":[{"href":"https:\/\/teste.bsb.br\/zeca\/wp-json\/wp\/v2\/posts"}],"about":[{"href":"https:\/\/teste.bsb.br\/zeca\/wp-json\/wp\/v2\/types\/post"}],"author":[{"embeddable":true,"href":"https:\/\/teste.bsb.br\/zeca\/wp-json\/wp\/v2\/users\/1"}],"replies":[{"embeddable":true,"href":"https:\/\/teste.bsb.br\/zeca\/wp-json\/wp\/v2\/comments?post=27959"}],"version-history":[{"count":0,"href":"https:\/\/teste.bsb.br\/zeca\/wp-json\/wp\/v2\/posts\/27959\/revisions"}],"wp:featuredmedia":[{"embeddable":true,"href":"https:\/\/teste.bsb.br\/zeca\/wp-json\/wp\/v2\/media\/27958"}],"wp:attachment":[{"href":"https:\/\/teste.bsb.br\/zeca\/wp-json\/wp\/v2\/media?parent=27959"}],"wp:term":[{"taxonomy":"category","embeddable":true,"href":"https:\/\/teste.bsb.br\/zeca\/wp-json\/wp\/v2\/categories?post=27959"},{"taxonomy":"post_tag","embeddable":true,"href":"https:\/\/teste.bsb.br\/zeca\/wp-json\/wp\/v2\/tags?post=27959"}],"curies":[{"name":"wp","href":"https:\/\/api.w.org\/{rel}","templated":true}]}}