{"id":27957,"date":"2011-10-04T00:00:00","date_gmt":"2011-10-04T03:00:00","guid":{"rendered":"https:\/\/www.zecadirceu.com.br\/politica-nacional-de-saude-do-homem\/"},"modified":"2011-10-04T00:00:00","modified_gmt":"2011-10-04T03:00:00","slug":"politica-nacional-de-saude-do-homem","status":"publish","type":"post","link":"https:\/\/teste.bsb.br\/zeca\/politica-nacional-de-saude-do-homem\/","title":{"rendered":"Pol\u00edtica Nacional de Sa\u00fade do Homem"},"content":{"rendered":"<p>&nbsp;A cada tr&ecirc;s mortes de pessoas adultas, duas s&atilde;o de homens. Quando comparado com as mulheres, o tempo de vida deles &eacute; 7,6 anos menor. As doen&ccedil;as isqu&ecirc;micas do cora&ccedil;&atilde;o, como o infarto do mioc&aacute;rdio, seguida das mol&eacute;stias cardiovasculares (como o Acidente Vascular Cerebral, o AVC), outras doen&ccedil;as card&iacute;acas, pneumonia, cirrose e diabetes est&atilde;o entre as principais causas de mortes do sexo masculino.<\/p>\n<p class=\"MsoNormal\"><o:p><\/o:p><\/p>\n<p class=\"MsoNormal\">Segundo o Instituto Nacional de C&acirc;ncer (INCA), o c&acirc;ncer de pr&oacute;stata tamb&eacute;m est&aacute; entre as causas mais freq&uuml;entes de mortes. O crescimento de &oacute;bitos por esse tipo de c&acirc;ncer cresceu 120%, entre 1979 e 2006, segundo o instituto.<o:p><\/o:p><\/p>\n<p class=\"MsoNormal\">Estudos comprovam que os homens s&atilde;o mais vulner&aacute;veis &agrave;s doen&ccedil;as, especialmente as enfermidades graves e cr&ocirc;nicas. Essa ocorr&ecirc;ncia est&aacute; ligada ao fato de que eles recorrem menos frequentemente do que as mulheres aos servi&ccedil;os de aten&ccedil;&atilde;o prim&aacute;ria e procuram o sistema de sa&uacute;de quando os quadros j&aacute; se agravaram.<o:p><\/o:p><\/p>\n<p class=\"MsoNormal\">&Eacute; para ampliar o acesso deles aos servi&ccedil;os de sa&uacute;de, o Minist&eacute;rio da Sa&uacute;de criou a Pol&iacute;tica Nacional de Sa&uacute;de do Homem, em 2009.<span>&nbsp; <\/span>Alinhada &agrave; Pol&iacute;tica Nacional de Aten&ccedil;&atilde;o B&aacute;sica e integrante do Programa Mais Sa&uacute;de: Direito de Todos, criado em 2007, a iniciativa pela sa&uacute;de masculina prev&ecirc; aumento de at&eacute; 570%<span>&nbsp; <\/span>no valor repassado &agrave;s unidades de sa&uacute;de por procedimentos urol&oacute;gicos e de planejamento familiar, como a vasectomia, e a amplia&ccedil;&atilde;o em at&eacute; 20% no n&uacute;mero de ultrassonografias de pr&oacute;stata.<o:p><\/o:p><\/p>\n<p class=\"MsoNormal\">Setenta cidades, incluindo todas as capitais, j&aacute; aderiram &agrave; Pol&iacute;tica Nacional de Sa&uacute;de do Homem. Cada uma delas recebeu R$ 75 mil para financiar as atividades. O cidad&atilde;o encontra esse servi&ccedil;o nas Unidades B&aacute;sicas de Sa&uacute;de (UBS) e nas Unidades de Pronto Atendimento (UPAS).<o:p><\/o:p><\/p>\n<p class=\"MsoNormal\">A iniciativa foca os homens de 20 a 59 anos de idade, que correspondem a 41,3 % da popula&ccedil;&atilde;o masculina ou 20% do total da popula&ccedil;&atilde;o, totalizando 2,5 milh&otilde;es de brasileiros. Al&eacute;m de criar mecanismos para melhorar a assist&ecirc;ncia a essa popula&ccedil;&atilde;o, a meta do governo federal &eacute; incentivar que eles procurem o servi&ccedil;o de sa&uacute;de ao menos uma vez por ano,<span>&nbsp; <\/span>nas UBS e UPAS.<o:p><\/o:p><\/p>\n<p class=\"MsoNormal\">Al&eacute;m disso, uma parceria entre as secretarias municipais de sa&uacute;de e o Movimento pela Sa&uacute;de Masculina, realizado pela Sociedade Brasileira de Urologia, promoveu caravanas por 28 cidades brasileiras no primeiro semestre de 2011. Em uma Unidade M&oacute;vel de Sa&uacute;de, pacientes consultavam-se com urologistas. O objetivo principal da campanha foi conscientizar sobre a import&acirc;ncia da realiza&ccedil;&atilde;o de exames preventivos para o combate e diagn&oacute;stico precoce de doen&ccedil;as relacionadas &agrave; pr&oacute;stata, disfun&ccedil;&atilde;o er&eacute;til, c&acirc;ncer de p&ecirc;nis e outras. Mais de 14 mil homens se beneficiaram da iniciativa. <o:p><\/o:p><\/p>\n<p class=\"MsoNormal\"><o:p>&nbsp;<\/o:p><\/p>\n<p class=\"MsoNormal\">Fontes: http:\/\/www.brasil.gov.br<\/p>\n","protected":false},"excerpt":{"rendered":"<p>A cada tr\u00eas mortes de pessoas adultas, duas s\u00e3o de homens. Quando comparado com as mulheres, o tempo de vida deles \u00e9 7,6 anos menor. As doen\u00e7as isqu\u00eamicas do cora\u00e7\u00e3o, como o infarto do mioc\u00e1rdio, seguida das mol\u00e9stias cardiovasculares (como o Acidente Vascular Cerebral, o AVC), outras doen\u00e7as card\u00edacas, pneumonia, cirrose e diabetes est\u00e3o entre as principais causas de mortes do sexo masculino.<\/p>\n","protected":false},"author":1,"featured_media":27956,"comment_status":"open","ping_status":"open","sticky":false,"template":"","format":"standard","meta":{"footnotes":""},"categories":[1],"tags":[6625],"class_list":["post-27957","post","type-post","status-publish","format-standard","has-post-thumbnail","hentry","category-noticias-zeca-dirceu","tag-politica-nacional-de-saude-do-homem"],"_links":{"self":[{"href":"https:\/\/teste.bsb.br\/zeca\/wp-json\/wp\/v2\/posts\/27957","targetHints":{"allow":["GET"]}}],"collection":[{"href":"https:\/\/teste.bsb.br\/zeca\/wp-json\/wp\/v2\/posts"}],"about":[{"href":"https:\/\/teste.bsb.br\/zeca\/wp-json\/wp\/v2\/types\/post"}],"author":[{"embeddable":true,"href":"https:\/\/teste.bsb.br\/zeca\/wp-json\/wp\/v2\/users\/1"}],"replies":[{"embeddable":true,"href":"https:\/\/teste.bsb.br\/zeca\/wp-json\/wp\/v2\/comments?post=27957"}],"version-history":[{"count":0,"href":"https:\/\/teste.bsb.br\/zeca\/wp-json\/wp\/v2\/posts\/27957\/revisions"}],"wp:featuredmedia":[{"embeddable":true,"href":"https:\/\/teste.bsb.br\/zeca\/wp-json\/wp\/v2\/media\/27956"}],"wp:attachment":[{"href":"https:\/\/teste.bsb.br\/zeca\/wp-json\/wp\/v2\/media?parent=27957"}],"wp:term":[{"taxonomy":"category","embeddable":true,"href":"https:\/\/teste.bsb.br\/zeca\/wp-json\/wp\/v2\/categories?post=27957"},{"taxonomy":"post_tag","embeddable":true,"href":"https:\/\/teste.bsb.br\/zeca\/wp-json\/wp\/v2\/tags?post=27957"}],"curies":[{"name":"wp","href":"https:\/\/api.w.org\/{rel}","templated":true}]}}